{"id":28411,"date":"2021-06-22T17:23:02","date_gmt":"2021-06-22T15:23:02","guid":{"rendered":"https:\/\/www.startlap.hu\/utazas\/?p=28411"},"modified":"2021-06-22T17:23:02","modified_gmt":"2021-06-22T15:23:02","slug":"mav-felmillio-utas-vonat-balaton","status":"publish","type":"post","link":"https:\/\/www.startlap.hu\/utazas\/mav-felmillio-utas-vonat-balaton\/","title":{"rendered":"A h\u00e9tv\u00e9g\u00e9n t\u00f6bben sz\u00e1lltak vonatra, mint id\u00e9n eddig b\u00e1rmikor"},"content":{"rendered":"<div class=\"field-lead\">\n<p>A vak\u00e1ci\u00f3 \u00e9s az els\u0151 igaz\u00e1n meleg ny\u00e1ri h\u00e9tv\u00e9ge utaz\u00e1sra cs\u00e1b\u00edtotta az embereket, mintegy&nbsp;470 ezren sz\u00e1lltak vonatra orsz\u00e1gszerte. A <a href=\"https:\/\/www.startlap.hu\/utazas\/mav-volan-2021-nyar-menetrend\/\" target=\"_blank\" rel=\"noopener noreferrer\">Balaton<\/a> d\u00e9li partj\u00e1ra \u00faj emeletes, KISS motorvonatokkal is el lehet jutni a f\u0151v\u00e1roson \u00e1t a Szob\u2013V\u00e1c\u2013Fony\u00f3d, valamint a Szolnok\u2013Cegl\u00e9d\u2013Fony\u00f3d \u00fatvonalon.<\/p>\n<h2>Eredm\u00e9nyes h\u00e9tv\u00e9ge<\/h2>\n<\/div>\n<div class=\"field-body\">\n<p>A h\u00e9tv\u00e9ge sor\u00e1n 595 ezer darab menetjegyet, b\u00e9rletet \u00e9s fel\u00e1rat v\u00e1ltottak az utasok szerte Magyarorsz\u00e1gon. 2021. els\u0151 igazi strandid\u0151s h\u00e9tv\u00e9g\u00e9j\u00e9n <strong>t\u00f6bben sz\u00e1lltak vonatra, mint id\u00e9n eddig b\u00e1rmikor<\/strong>. A jegyeknek k\u00f6zel 30 sz\u00e1zal\u00e9k\u00e1t, kb. 171 ezer darabot a M\u00c1V alkalmaz\u00e1s vagy a meg\u00fajult ELVIRA fel\u00fclet\u00e9n kereszt\u00fcl vett\u00e9k. Ezzel ez a h\u00e9tv\u00e9ge volt az online csatorn\u00e1k legeredm\u00e9nyesebb h\u00e9tv\u00e9g\u00e9je a magyar vas\u00fat t\u00f6rt\u00e9net\u00e9ben &#8211; tudatta a <a href=\"https:\/\/www.mavcsoport.hu\/mav-start\/belfoldi-utazas\/kozel-felmillioan-keltek-utra-vonattal-elmult-hetvegen\" target=\"_blank\" target=\"_blank\" rel=\"noopener noreferrer\">M\u00c1V<\/a>.<\/p>\n<figure id=\"attachment_23514\" aria-describedby=\"caption-attachment-23514\" style=\"width: 755px\" class=\"wp-caption alignnone\"><a href=\"https:\/\/www.startlap.hu\/utazas\/uploads\/sites\/3\/2021\/03\/vonat.jpg\"><img loading=\"lazy\" decoding=\"async\" class=\"size-article-size-large-image wp-image-23514\" src=\"https:\/\/www.startlap.hu\/utazas\/uploads\/sites\/3\/2021\/03\/vonat-755x504.jpg\" alt=\"\" width=\"755\" height=\"504\" srcset=\"https:\/\/www.startlap.hu\/utazas\/uploads\/sites\/3\/2021\/03\/vonat-755x504.jpg 755w, https:\/\/www.startlap.hu\/utazas\/uploads\/sites\/3\/2021\/03\/vonat-525x350.jpg 525w, https:\/\/www.startlap.hu\/utazas\/uploads\/sites\/3\/2021\/03\/vonat.jpg 1273w\" sizes=\"auto, (max-width: 755px) 100vw, 755px\" \/><\/a><figcaption id=\"caption-attachment-23514\" class=\"wp-caption-text\">Illusztr\u00e1ci\u00f3: Getty Images<\/figcaption><\/figure>\n<p>A Balaton d\u00e9li partj\u00e1ra utaz\u00f3k k\u00f6r\u00e9ben a legnagyobb \u00e9s v\u00e1rhat\u00f3an legn\u00e9pszer\u0171bb <a href=\"https:\/\/www.mavcsoport.hu\/mav-csoport\/eletbe-lepett-nyari-menetrend-tobb-vonat-es-busz-kozlekedik-balatonhoz\" target=\"_blank\">\u00fajdons\u00e1got<\/a> az emeletes KISS motorvonatok megjelen\u00e9se hozta: a Napf\u00fcrd\u0151 expresszvonat a h\u00e9tv\u00e9geken Szolnokot \u00e9s a cegl\u00e9di vonal forgalmasabb \u00e1llom\u00e1sait k\u00f6ti \u00f6ssze <a href=\"https:\/\/www.startlap.hu\/utazas\/balatoni-komp-menetrend\/\" target=\"_blank\" rel=\"noopener noreferrer\">Fony\u00f3ddal<\/a>; a J\u00e9gmad\u00e1r expresszvonat pedig a Dunakanyart, azaz Szob \u00e9s V\u00e1c t\u00e9rs\u00e9g\u00e9t, tov\u00e1bb\u00e1 R\u00e1kospalota-\u00dajpestet, K\u0151b\u00e1nya fels\u0151t kapcsolja \u00f6ssze szint\u00e9n Fony\u00f3ddal, a d\u00e9li parttal \u00e9s a <a href=\"https:\/\/www.startlap.hu\/utazas\/10-hely-a-velencei-to-kornyeken-amit-meg-kell-latogatnod\/\" target=\"_blank\" rel=\"noopener noreferrer\">Velencei-t\u00f3val<\/a>.<\/p>\n<div class=\"o-widget m-readMoreWidget -readMore u-shortDecorLineAfter row widget-container _ce_measure_widget bigdata-widget read-more\" data-ce-measure-widget=\"olvass tov\u00e1bb\">\n\t<div class=\"m-readMoreWidget__imgWrapper image-wrapper col-12 col-md-4 no-p\">\n\t\t<a class=\"m-readMoreWidget__imgLink\" href=\"https:\/\/www.startlap.hu\/utazas\/uj-hajojaratokat-indit-a-dunakanyarban-a-mahart\/\" >\n\t\t\t<img decoding=\"async\" src=\"https:\/\/www.startlap.hu\/utazas\/uploads\/sites\/3\/2020\/07\/visegrad_dunakanyar-350x285.jpg\" class=\"m-readMoreWidget__img\">\n\t\t<\/a>\n\t<\/div>\n\t<div class=\"m-readMoreWidget__titleWrapper title-wrapper col-12 col-md-8\">\n\t\t<span class=\"m-readMoreWidget__titleLabel u-shortDecorLineBefore label hidden-sm-up\">Ez is \u00e9rdekelhet:<\/span>\n\t\t<h3 class=\"m-readMoreWidget__title title\">\n\t\t\t<a class=\"m-readMoreWidget__titleLink -secondFont u-bold u-upperCase\" href=\"https:\/\/www.startlap.hu\/utazas\/uj-hajojaratokat-indit-a-dunakanyarban-a-mahart\/\" >\u00daj haj\u00f3j\u00e1ratokat ind\u00edt a Dunakanyarban a Mahart<\/a>\n\t\t<\/h3>\n\t\t<a class=\"m-readMoreWidget__btn -coloredBack u-tC link\" href=\"https:\/\/www.startlap.hu\/utazas\/uj-hajojaratokat-indit-a-dunakanyarban-a-mahart\/\" >Elolvasom<\/a>\n\t<\/div>\n<\/div>\n<\/div>\n","protected":false},"excerpt":{"rendered":"<p>K\u00f6zel f\u00e9lmilli\u00f3an keltek \u00fatra vonattal az elm\u00falt h\u00e9tv\u00e9g\u00e9n.<\/p>\n","protected":false},"author":43,"featured_media":23514,"comment_status":"open","ping_status":"open","sticky":false,"template":"","format":"standard","meta":{"footnotes":""},"categories":[7],"tags":[279,179,820,1289],"class_list":["post-28411","post","type-post","status-publish","format-standard","has-post-thumbnail","hentry","category-belfold-utazas","tag-balaton","tag-mav","tag-vonat","tag-vonatjegy"],"aioseo_notices":[],"_links":{"self":[{"href":"https:\/\/www.startlap.hu\/utazas\/wp-json\/wp\/v2\/posts\/28411","targetHints":{"allow":["GET"]}}],"collection":[{"href":"https:\/\/www.startlap.hu\/utazas\/wp-json\/wp\/v2\/posts"}],"about":[{"href":"https:\/\/www.startlap.hu\/utazas\/wp-json\/wp\/v2\/types\/post"}],"author":[{"embeddable":true,"href":"https:\/\/www.startlap.hu\/utazas\/wp-json\/wp\/v2\/users\/43"}],"replies":[{"embeddable":true,"href":"https:\/\/www.startlap.hu\/utazas\/wp-json\/wp\/v2\/comments?post=28411"}],"version-history":[{"count":1,"href":"https:\/\/www.startlap.hu\/utazas\/wp-json\/wp\/v2\/posts\/28411\/revisions"}],"predecessor-version":[{"id":28412,"href":"https:\/\/www.startlap.hu\/utazas\/wp-json\/wp\/v2\/posts\/28411\/revisions\/28412"}],"wp:featuredmedia":[{"embeddable":true,"href":"https:\/\/www.startlap.hu\/utazas\/wp-json\/wp\/v2\/media\/23514"}],"wp:attachment":[{"href":"https:\/\/www.startlap.hu\/utazas\/wp-json\/wp\/v2\/media?parent=28411"}],"wp:term":[{"taxonomy":"category","embeddable":true,"href":"https:\/\/www.startlap.hu\/utazas\/wp-json\/wp\/v2\/categories?post=28411"},{"taxonomy":"post_tag","embeddable":true,"href":"https:\/\/www.startlap.hu\/utazas\/wp-json\/wp\/v2\/tags?post=28411"}],"curies":[{"name":"wp","href":"https:\/\/api.w.org\/{rel}","templated":true}]}}