{"id":28094,"date":"2021-06-16T11:41:42","date_gmt":"2021-06-16T09:41:42","guid":{"rendered":"https:\/\/www.startlap.hu\/utazas\/?p=28094"},"modified":"2021-06-16T11:42:42","modified_gmt":"2021-06-16T09:42:42","slug":"mav-volan-2021-nyar-menetrend","status":"publish","type":"post","link":"https:\/\/www.startlap.hu\/utazas\/mav-volan-2021-nyar-menetrend\/","title":{"rendered":"Itt a M\u00c1V-Vol\u00e1n ny\u00e1ri menetrendje a Balatonhoz"},"content":{"rendered":"<div class=\"field-lead\">\n<p>Minden eddigin\u00e9l jobb ny\u00e1ri menetrendet \u00e1ll\u00edtott \u00f6ssze a M\u00c1V-START \u00e9s a Vol\u00e1nbusz, hogy min\u00e9l t\u00f6bb turista, nyaral\u00f3, kir\u00e1ndul\u00f3 vagy Balaton k\u00f6rny\u00e9ki lakos sz\u00e1m\u00e1ra k\u00edn\u00e1ljon kedvez\u0151 \u00e9s az aut\u00f3z\u00e1ssal szemben versenyk\u00e9pes utaz\u00e1si aj\u00e1nlatot &#8211; \u00edrj\u00e1k k\u00f6zlem\u00e9ny\u00fckben.<\/p>\n<p>A j\u00e1rv\u00e1nyhelyzet \u00e9s a korl\u00e1toz\u00e1sok enyh\u00edt\u00e9s\u00e9vel jelent\u0151s forgalomra sz\u00e1m\u00edtanak a k\u00f6zleked\u00e9si t\u00e1rsas\u00e1gok. Az utaz\u00e1si kedv el\u00e9rheti a 2019-es rekord\u00e9vet, amikor 1,65 milli\u00f3an utaztak vonattal a Balatonhoz. T\u00f6bb kiemelt fejleszt\u00e9sre alapozva k\u00e9sz\u00fclhet az idei \u00e9vre a M\u00c1V-Vol\u00e1n-csoport: elk\u00e9sz\u00fclt a villamos\u00edt\u00e1s Sz\u00e9kesfeh\u00e9rv\u00e1r \u00e9s Balatonf\u00fcred k\u00f6z\u00f6tt, melynek k\u00f6sz\u00f6nhet\u0151en cs\u00f6kken a menetid\u0151, \u00e9s csendesebb, k\u00f6rnyezetbar\u00e1tabb villamosvontat\u00e1s\u00fa szerelv\u00e9nyek k\u00f6zlekedhetnek.<\/p>\n<blockquote class=\"article__extraTxt\"><p>A D\u00e9li partra \u00faj emeletes, KISS motorvonatokon is suhanhatnak az utasok, emellett \u00f3r\u00e1nk\u00e9nt modern InterCity-kocsikat is ig\u00e9nybe vehetnek. A Dun\u00e1nt\u00fal \u00e9szaki r\u00e9sz\u00e9nek helyk\u00f6zi-el\u0151v\u00e1rosi aut\u00f3buszvonalaira pedig folyamatosan \u00e9rkeznek a Vol\u00e1nbusz \u00faj, MAN Lion\u2019s City GL A23 t\u00edpus\u00fa csukl\u00f3s j\u00e1rm\u0171vei.<\/p><\/blockquote>\n<p>A vas\u00fati ny\u00e1ri f\u0151szezon j\u00fanius 19-i kezdete el\u0151tt n\u00e9h\u00e1ny nappal, j\u00fanius 16-t\u00f3l nagym\u00e9rt\u00e9kben \u00e1talakul a <a href=\"https:\/\/www.startlap.hu\/utazas\/ennyiert-utazhatunk-komppal-a-balatonon\/\" target=\"_blank\" rel=\"noopener noreferrer\">Balaton<\/a> t\u00e9rs\u00e9g\u00e9ben k\u00f6zleked\u0151 aut\u00f3buszj\u00e1ratok menetrendje is, \u00edgy az orsz\u00e1g sz\u00e1mos pontj\u00e1r\u00f3l k\u00f6nnyebben el\u00e9rhet\u0151v\u00e9 v\u00e1lik a t\u00f3 a ny\u00e1ri id\u0151szakban.<\/p>\n<p>A M\u00c1V-Vol\u00e1n-csoport integr\u00e1ci\u00f3nak k\u00f6sz\u00f6nhet\u0151en a Vol\u00e1nbusz a vas\u00fati k\u00f6zleked\u00e9shez hangoltan t\u00f6bb \u00faj j\u00e1ratot ind\u00edt haz\u00e1nk kedvelt \u00fcd\u00fcl\u0151hely\u00e9hez, megl\u00e9v\u0151 k\u00edn\u00e1lat\u00e1t pedig t\u00f6bb viszonylaton jelent\u0151sen b\u0151v\u00edti, m\u00f3dos\u00edtja, hogy ezzel is seg\u00edtse a belf\u00f6ldi turizmus \u00e9l\u00e9nk\u00edt\u00e9s\u00e9t. Eg\u00e9sz ny\u00e1ron ig\u00e9nybe lehet venni a tavalyr\u00f3l ismert Balaton 24 \u00e9s 72 napijegyeket, valamint azok idei kiterjeszt\u00e9s\u00e9t a Balaton 24\/72 Duo napijegyeket. A kedvezm\u00e9nyek sor\u00e1ban \u00fajdons\u00e1g a M\u00c1V-START Balaton Okosjegye, <strong>a biciklisek sz\u00e1m\u00e1ra pedig v\u00e1ltoz\u00f3 \u00e1raz\u00e1s\u00fa, a ker\u00e9kp\u00e1rsz\u00e1ll\u00edt\u00f3 kocsival k\u00f6zleked\u0151 vonatok eset\u00e9ben sokkal olcs\u00f3bb tarif\u00e1t k\u00edn\u00e1lnak<\/strong>.<\/p>\n<\/div>\n<div class=\"field-body\">\n<figure id=\"attachment_23514\" aria-describedby=\"caption-attachment-23514\" style=\"width: 755px\" class=\"wp-caption alignnone\"><a href=\"https:\/\/www.startlap.hu\/utazas\/uploads\/sites\/3\/2021\/03\/vonat.jpg\"><img loading=\"lazy\" decoding=\"async\" class=\"size-article-size-large-image wp-image-23514\" src=\"https:\/\/www.startlap.hu\/utazas\/uploads\/sites\/3\/2021\/03\/vonat-755x504.jpg\" alt=\"\" width=\"755\" height=\"504\" srcset=\"https:\/\/www.startlap.hu\/utazas\/uploads\/sites\/3\/2021\/03\/vonat-755x504.jpg 755w, https:\/\/www.startlap.hu\/utazas\/uploads\/sites\/3\/2021\/03\/vonat-525x350.jpg 525w, https:\/\/www.startlap.hu\/utazas\/uploads\/sites\/3\/2021\/03\/vonat.jpg 1273w\" sizes=\"auto, (max-width: 755px) 100vw, 755px\" \/><\/a><figcaption id=\"caption-attachment-23514\" class=\"wp-caption-text\">Illusztr\u00e1ci\u00f3: Getty Images<\/figcaption><\/figure>\n<p>A M\u00c1V\u2013Vol\u00e1n-csoport egys\u00e9ges strat\u00e9giai ir\u00e1ny\u00edt\u00e1s\u00e1nak el\u0151nyeit kihaszn\u00e1lva ism\u00e9t szintet l\u00e9pett a vas\u00fati \u00e9s az aut\u00f3buszos k\u00f6z\u00f6ss\u00e9gi k\u00f6zleked\u00e9s \u00f6sszehangol\u00e1sa, ennek a folyamatnak a r\u00e9sze az \u00faj ny\u00e1ri menetrend bevezet\u00e9se is, melynek eredm\u00e9nyek\u00e9ppen jelent\u0151sen javul a Balaton megk\u00f6zel\u00edthet\u0151s\u00e9ge is. A k\u00f6z\u00f6ss\u00e9gi k\u00f6zleked\u00e9st v\u00e1lasztva az utasoknak nincs gondjuk vezet\u00e9sre, dug\u00f3kban v\u00e1rakoz\u00e1sra , m\u00e1r \u00fati c\u00e9ljuk megk\u00f6zel\u00edt\u00e9se k\u00f6zben is kikapcsol\u00f3dhatnak, pihenhetnek \u2013 ennek el\u0151nyeit m\u00e1r a nyaral\u00e1s tervez\u00e9se k\u00f6zben \u00e9rdemes figyelembe venni.<\/p>\n<p>A&nbsp;<strong>Vol\u00e1nbusz ny\u00e1ri menetrendje j\u00fanius 16-\u00e1n, szerd\u00e1n, a vas\u00fati pedig 19-\u00e9n, szombaton l\u00e9p hat\u00e1lyba. <\/strong>A pozit\u00edv v\u00e1rakoz\u00e1sokat \u2013 a j\u00e1rv\u00e1nyhelyzeti korl\u00e1toz\u00e1sok fokozatos felold\u00e1sa mellett \u2013 az is megalapozza, hogy a m\u00e1jus 17-t\u0151l bevezetett&nbsp;<strong>el\u0151szezoni menetrendnek<\/strong>&nbsp;k\u00f6sz\u00f6nhet\u0151en&nbsp;55 sz\u00e1zal\u00e9kkal javult az utaz\u00e1si kedv&nbsp;a tavalyi azonos id\u0151szakhoz k\u00e9pest. Ez 130 ezer utaz\u00e1st jelent, ezen bel\u00fcl az \u00e9szaki partra 33 ezren utaztak, t\u00f6bb mint k\u00e9tszer annyian, mint tavaly ugyanekkor, pedig a villamos\u00edt\u00e1si munk\u00e1k miatt csak m\u00e1jus 31-t\u0151l k\u00f6zlekednek vonatok. J\u00fanius els\u0151 h\u00e9tv\u00e9g\u00e9j\u00e9n 30 ezren vett\u00e9k ig\u00e9nybe a balatoni vonatokat. T\u00f6bb balatoni InterCity is teljes kihaszn\u00e1lts\u00e1ggal k\u00f6zlekedett.<\/p>\n<p>A f\u0151szezont\u00f3l&nbsp;Budapest \u00e9s a Balaton d\u00e9li partja k\u00f6z\u00f6tt a Balaton \u00e9s T\u00f3part InterCity, valamint a D\u00e9li-&gt;Parti sebesvonat mellett h\u00e9tv\u00e9gi napokon megjelennek a&nbsp;KISS motorvonatok. Az \u00faj nagykapacit\u00e1s\u00fa&nbsp;emeletes szerelv\u00e9nyb\u0151l&nbsp;\u00e1ll\u00f3&nbsp;Napf\u00fcrd\u0151 expresszvonat&nbsp;a h\u00e9tv\u00e9geken Szolnokot \u00e9s a cegl\u00e9di vonal forgalmasabb \u00e1llom\u00e1sait k\u00f6ti \u00f6ssze Fony\u00f3ddal; a&nbsp;J\u00e9gmad\u00e1r expresszvonat&nbsp;pedig a&nbsp;Dunakanyart, azaz Szob \u00e9s V\u00e1c t\u00e9rs\u00e9g\u00e9t, tov\u00e1bb\u00e1 R\u00e1kospalota-\u00dajpestet, K\u0151b\u00e1nya fels\u0151t, Kelenf\u00f6ldet&nbsp;kapcsolja \u00f6ssze szint\u00e9n Fony\u00f3ddal, a d\u00e9li parttal \u00e9s a Velencei-t\u00f3val.<\/p>\n<div class=\"o-widget m-readMoreWidget -readMore u-shortDecorLineAfter row widget-container _ce_measure_widget bigdata-widget read-more\" data-ce-measure-widget=\"olvass tov\u00e1bb\">\n\t<div class=\"m-readMoreWidget__imgWrapper image-wrapper col-12 col-md-4 no-p\">\n\t\t<a class=\"m-readMoreWidget__imgLink\" href=\"https:\/\/www.startlap.hu\/utazas\/mav-volan-balaton-menetrend\/\" >\n\t\t\t<img decoding=\"async\" src=\"https:\/\/www.startlap.hu\/utazas\/uploads\/sites\/3\/2021\/04\/mav-1-350x285.jpg\" class=\"m-readMoreWidget__img\">\n\t\t<\/a>\n\t<\/div>\n\t<div class=\"m-readMoreWidget__titleWrapper title-wrapper col-12 col-md-8\">\n\t\t<span class=\"m-readMoreWidget__titleLabel u-shortDecorLineBefore label hidden-sm-up\">Ez is \u00e9rdekelhet:<\/span>\n\t\t<h3 class=\"m-readMoreWidget__title title\">\n\t\t\t<a class=\"m-readMoreWidget__titleLink -secondFont u-bold u-upperCase\" href=\"https:\/\/www.startlap.hu\/utazas\/mav-volan-balaton-menetrend\/\" >A M\u00c1V-Vol\u00e1n csoport ny\u00e1ri menetrendje jav\u00edtja a Balaton el\u00e9rhet\u0151s\u00e9g\u00e9t<\/a>\n\t\t<\/h3>\n\t\t<a class=\"m-readMoreWidget__btn -coloredBack u-tC link\" href=\"https:\/\/www.startlap.hu\/utazas\/mav-volan-balaton-menetrend\/\" >Elolvasom<\/a>\n\t<\/div>\n<\/div>\n<p>Budapest \u00e9s Balatonf\u00fcred k\u00f6z\u00f6tt&nbsp;j\u00fanius 19-t\u0151l&nbsp;\u00faj korszak kezd\u0151dik a villamos\u00edt\u00e1snak&nbsp;k\u00f6sz\u00f6nhet\u0151en. Az orsz\u00e1g \u00e9s az \u00e9szaki part f\u0151v\u00e1rosa k\u00f6z\u00f6tt a kor\u00e1bbi \u00e9vekhez k\u00e9pest csaknem k\u00e9tszer annyi vonat&nbsp;k\u00f6zlekedik j\u00fanius 19-t\u0151l, \u00e9s egyes telep\u00fcl\u00e9sekre j\u00e1ratt\u00f3l f\u00fcgg\u0151en&nbsp;8-20&nbsp;perccel r\u00f6vid\u00fcl a menetid\u0151. <strong>Balatonf\u00fcred \u00e9s Tapolca k\u00f6z\u00f6tt is gyakrabban k\u00f6zlekednek a vonatok<\/strong>, \u00edgy a part menti utaz\u00e1sok is k\u00f6nnyebb\u00e9 v\u00e1lnak. Az \u00faj,&nbsp;k\u00e9t\u00f3r\u00e1nk\u00e9nt&nbsp;k\u00f6zleked\u0151&nbsp;V\u00edzip\u00f3k InterR\u00e9gi\u00f3&nbsp;vonatokkal \u00e9rhet\u0151 el a leggyorsabban a Balaton keleti medenc\u00e9je. A&nbsp;Katica InterR\u00e9gi\u00f3&nbsp;j\u00e1rat utasai kl\u00edm\u00e1s&nbsp;FLIRT motorvonattal&nbsp;utazhatnak a D\u00e9li p\u00e1lyaudvart\u00f3l Balatonf\u00fcredig. A kor\u00e1bbi \u00e9vekben a megszokott K\u00e9k Hull\u00e1m IC is k\u00f6zlekedik. Az idei \u00e9vt\u0151l a n\u00e9pszer\u0171 \u00e9jjeli Bagolyvonatok az \u00e9szaki parton is biztos\u00edtj\u00e1k, hogy az \u00e9jszak\u00e1ba ny\u00fal\u00f3 sz\u00f3rakoz\u00e1s ut\u00e1n is mindenki biztons\u00e1gban haza\u00e9rjen. A d\u00e9li parton a kor\u00e1bbi \u00e9vek magas utasforgalma alapj\u00e1n s\u0171r\u00edtette a M\u00c1V-START a menetrendet, \u00faj vonatokat ind\u00edtott Keszthely, <a href=\"https:\/\/www.startlap.hu\/utazas\/balaton-siofok-punkosd\/\" target=\"_blank\" rel=\"noopener noreferrer\">Si\u00f3fok<\/a> \u00e9s Budapest k\u00f6z\u00f6tt. A terveik szerint ny\u00e1ron az Utasell\u00e1t\u00f3 fed\u00e9lzeti vend\u00e9gl\u00e1t\u00e1si szolg\u00e1ltat\u00e1sai az \u00e9szaki part fel\u00e9 is el\u00e9rhet\u0151k lesznek. A d\u00e9li parton az el\u0151szezont\u00f3l ut\u00f3szezon v\u00e9g\u00e9ig, szeptember 12-ig k\u00f6zlekedik&nbsp;<strong>\u00e9tkez\u0151kocsi&nbsp;<\/strong>Budapest \u00e9s Keszthely k\u00f6z\u00f6tti a Balaton InterCity vonatokban, a f\u0151szezonban napi 8 p\u00e1r vonatban &#8211; k\u00f6z\u00f6lte a <a href=\"https:\/\/www.mavcsoport.hu\/nyarimenetrend2021\" target=\"_blank\" target=\"_blank\" rel=\"noopener noreferrer\">M\u00c1V<\/a>.<\/p>\n<h2>Vid\u00e9ki nagyv\u00e1rosokb\u00f3l is k\u00e9nyelmesebben \u00e9rhet\u0151 el az orsz\u00e1g legnagyobb tava<\/h2>\n<p>A Helikon InterR\u00e9gi\u00f3&nbsp;vonatok k\u00e9t\u00f3r\u00e1nk\u00e9nt k\u00f6zlekednek&nbsp;Gy\u0151r, a Balaton nyugati partja \u00e9s Kaposv\u00e1r&nbsp;k\u00f6z\u00f6tt, de naponta egy vonatp\u00e1r, p\u00e9nteken \u00e9s vas\u00e1rnap ezen fel\u00fcl t\u00f6bb vonat is&nbsp;<a href=\"https:\/\/www.startlap.hu\/utazas\/orfu-pecs-magyarhertelend-abaliget\/\" target=\"_blank\" rel=\"noopener noreferrer\">P\u00e9csig<\/a> meghosszabb\u00edtva&nbsp;k\u00f6zlekedik, \u00edgy a \u201emagyar tenger\u201d \u00e9s Gy\u0151r is k\u00f6nnyebben el\u00e9rhet\u0151 Baranya megye fel\u0151l. Az&nbsp;Ez\u00fcstpart&nbsp;expresszvonat naponta k\u00f6zlekedik&nbsp;Miskolc \u00e9s Fony\u00f3d&nbsp;k\u00f6z\u00f6tt nagy befogad\u00f3k\u00e9pess\u00e9g\u0171 ker\u00e9kp\u00e1rsz\u00e1ll\u00edt\u00f3 \u00e9s IC+ kocsikkal. Az&nbsp;Aranypart&nbsp;\u00e9s az&nbsp;Aranyh\u00edd&nbsp;expresszvonatok szint\u00e9n nagy befogad\u00f3k\u00e9pess\u00e9g\u0171 ker\u00e9kp\u00e1rsz\u00e1ll\u00edt\u00f3 \u00e9s IC+ kocsival kieg\u00e9sz\u00fclve teremtenek \u00f6sszek\u00f6ttet\u00e9st naponta a d\u00e9li parttal Fony\u00f3dig, az el\u0151bbi&nbsp;Ny\u00edregyh\u00e1za, Debrecen, az ut\u00f3bbi Szeged fel\u0151l. A&nbsp;Tekerg\u0151 expresszvonat&nbsp;naponta k\u00f6zlekedik&nbsp;Ny\u00edregyh\u00e1za\u2015K\u0151b\u00e1nya-Kispest\u2015Sz\u00e9kesfeh\u00e9rv\u00e1r\u2015Balatonf\u00fcred\u2015Z\u00e1nka-Erzs\u00e9bett\u00e1bor&nbsp;k\u00f6z\u00f6tt.&nbsp;&nbsp;Szombathely\u2015Celld\u00f6m\u00f6lk\u2015Tapolca\u2015Keszthely&nbsp;k\u00f6z\u00f6tt naponta k\u00e9t vonat indul. A&nbsp;Szombathely\u2015Celld\u00f6m\u00f6lk\u2015Tapolca\u2015Balatonf\u00fcred\u2015Budapest&nbsp;\u00fatvonalon pedig naponta egy \u00e9s h\u00e9tv\u00e9g\u00e9n tov\u00e1bbi egy p\u00e1r K\u00e9k Hull\u00e1m InterCity k\u00f6zlekedik.<\/p>\n<blockquote class=\"article__extraTxt\"><p>\u00daj t\u00e1vols\u00e1gi aut\u00f3buszj\u00e1ratok indulnak a Balatonhoz&nbsp;a t\u00f6bbi k\u00f6zt&nbsp;Salg\u00f3tarj\u00e1nb\u00f3l, Egerb\u0151l, Gy\u00f6ngy\u00f6sr\u0151l, Kiskunhalasr\u00f3l, Kisk\u0151r\u00f6sr\u0151l, Duna\u00fajv\u00e1rosb\u00f3l, Paksr\u00f3l \u00e9s Koml\u00f3r\u00f3l.<\/p><\/blockquote>\n<p>Az eddigiekn\u00e9l t\u00f6bb aut\u00f3buszj\u00e1rat k\u00f6zlekedik a Balatonhoz a t\u00f6bbi k\u00f6zt Gy\u0151rb\u0151l, Szegedr\u0151l, Baj\u00e1r\u00f3l, P\u00e9csr\u0151l, Kaposv\u00e1rr\u00f3l, Domb\u00f3v\u00e1rr\u00f3l, Nagyat\u00e1dr\u00f3l, Marcalib\u00f3l, Oroszl\u00e1nyb\u00f3l \u00e9s Tatab\u00e1ny\u00e1r\u00f3l. Mindezzel orsz\u00e1gosan jelent\u0151s m\u00e9rt\u00e9kben javul a Balaton aut\u00f3buszos el\u00e9rhet\u0151s\u00e9ge. A menetrendv\u00e1ltoz\u00e1s Gy\u0151r-Moson-Sopron, N\u00f3gr\u00e1d, Heves, Kom\u00e1rom-Esztergom, Csongr\u00e1d-Csan\u00e1d, B\u00e1cs-Kiskun, Fej\u00e9r, Tolna, Somogy \u00e9s Baranya megy\u00e9b\u0151l is k\u00f6nnyebb\u00e9 teszi \u201ea magyar tenger\u201d-hez val\u00f3 eljut\u00e1st.A d\u00e9li parton Si\u00f3fokon, Balatonlell\u00e9n \u00e9s Balatonm\u00e1riaf\u00fcrd\u0151n \u00e9rhet\u0151k el csatlakoz\u00e1sok a bels\u0151-Somogy fel\u00e9 k\u00f6zleked\u0151 j\u00e1ratokhoz. A t\u00f3 partja ment\u00e9n p\u00e1rhuzamos, de m\u00e1s meg\u00e1ll\u00f3kat kiszolg\u00e1l\u00f3, vonatokhoz hangolt buszj\u00e1ratok k\u00f6zlekednek. Si\u00f3fok \u00e9s <a href=\"https:\/\/www.startlap.hu\/utazas\/veszprem-latnivalok-tura-belfold\/\" target=\"_blank\" rel=\"noopener noreferrer\">Veszpr\u00e9m<\/a> k\u00f6z\u00f6tt \u00faj, a vonatokhoz csatlakoz\u00f3, \u00fctemes menetrend szerint k\u00f6zleked\u0151 j\u00e1ratok jav\u00edtj\u00e1k a keleti medence k\u00f6rbeutaz\u00e1si lehet\u0151s\u00e9geit. A K\u00e1li-medenc\u00e9ben \u00e9s a Balaton felvid\u00e9k t\u00f6bb r\u00e9sz\u00e9n is \u00faj buszj\u00e1ratok indulnak, csatlakozva a vonatokhoz Z\u00e1nka \u00e9s R\u00e9vf\u00fcl\u00f6p vas\u00fat\u00e1llom\u00e1sokon.<\/p>\n<h2>Hasznos napijegyek<\/h2>\n<p>A balatoni utaz\u00e1sokat teszi m\u00e9g vonz\u00f3bb\u00e1, olcs\u00f3bb\u00e1 a&nbsp;<a href=\"https:\/\/www.volanbusz.hu\/hu\/volanbusz\/sajtokozlemenyek\/hir\/36815\" target=\"_blank\">M\u00c1V\u2013Vol\u00e1n-csoport \u00faj k\u00f6z\u00f6s d\u00edjterm\u00e9ke<\/a>, a&nbsp;<strong>Balaton 24 Duo \u00e9s 72 Duo<\/strong>&nbsp;napijegy. A Vol\u00e1nbusszal k\u00f6z\u00f6sen a Balaton teljes medenc\u00e9j\u00e9re kiterjed\u0151 utaz\u00e1si lehet\u0151s\u00e9get k\u00edn\u00e1l a k\u00f6zleked\u00e9si t\u00e1rsas\u00e1g. A tavaly ny\u00e1ron megismert&nbsp;Balaton 24\/72&nbsp;napijegyek pedig 24 \u00e9s 72 \u00f3r\u00e1s \u00e9rv\u00e9nyess\u00e9g\u00fck alatt korl\u00e1tlan sz\u00e1m\u00fa utaz\u00e1sra jogos\u00edtanak a Balaton k\u00f6r\u00fcl, a Tapolca-S\u00fcmeg szakaszon m\u00e1sodoszt\u00e1lyon, a Balatonfenyvesi kisvas\u00fat j\u00e1ratain, \u00e9s a Vol\u00e1nbusz Balatonf\u00fcred \u00e9s Tihany k\u00f6z\u00f6tti j\u00e1ratain. A M\u00c1V-START a 2021 m\u00e1jus\u00e1ban a szegedi vonatokon bevezetett&nbsp;<strong>Okosjegyet a ny\u00e1ri forgalomban&nbsp; kiterjeszti<\/strong>&nbsp;<strong>a balatoni vonatokra<\/strong>. A kijel\u00f6lt InterCity \u00e9s Expresszvonatokra v\u00e1lthat\u00f3&nbsp;Balaton Okosjegy&nbsp;kedvezm\u00e9nyes \u00e1ron \u00e9s korl\u00e1tozott sz\u00e1mban \u00e1ll rendelkez\u00e9sre. Az Okosjegy kiz\u00e1r\u00f3lag a M\u00c1V applik\u00e1ci\u00f3ban \u00e9s az interneten v\u00e1lthat\u00f3 meg, a rendszer automatikusan mutatja a legkedvez\u0151bb el\u00e9rhet\u0151 aj\u00e1nlatokat, amelyek m\u00e1r tartalmazz\u00e1k a helyjegyet is. A&nbsp;<a href=\"https:\/\/www.startlap.hu\/utazas\/mav-kerekparszallitas-balaton-velencei-to\/\" target=\"_blank\" rel=\"noopener noreferrer\">bicikliseket<\/a> pedig egy mer\u0151ben \u00faj tarifarendszer, v\u00e1ltoz\u00f3 d\u00edj\u00fa ker\u00e9kp\u00e1rhelyjegy&nbsp;\u00f6szt\u00f6nzi arra, hogy a nagykapacit\u00e1s\u00fa ker\u00e9kp\u00e1rsz\u00e1ll\u00edt\u00f3 kocsikkal k\u00f6zleked\u0151 vonatokat v\u00e1lassz\u00e1k, elker\u00fclve a tel\u00edtett, illetve a csak kev\u00e9s ker\u00e9kp\u00e1r sz\u00e1ll\u00edt\u00e1s\u00e1ra alkalmas vonatokat.<\/p>\n<\/div>\n","protected":false},"excerpt":{"rendered":"<p>A ny\u00e1ri menetrend bevezet\u00e9s\u00e9vel tov\u00e1bb javul a Balaton vas\u00fati \u00e9s aut\u00f3buszos el\u00e9rhet\u0151s\u00e9ge.<\/p>\n","protected":false},"author":43,"featured_media":23514,"comment_status":"open","ping_status":"open","sticky":false,"template":"","format":"standard","meta":{"footnotes":""},"categories":[7],"tags":[279,179,2184,820],"class_list":["post-28094","post","type-post","status-publish","format-standard","has-post-thumbnail","hentry","category-belfold-utazas","tag-balaton","tag-mav","tag-velencei-to","tag-vonat"],"aioseo_notices":[],"_links":{"self":[{"href":"https:\/\/www.startlap.hu\/utazas\/wp-json\/wp\/v2\/posts\/28094","targetHints":{"allow":["GET"]}}],"collection":[{"href":"https:\/\/www.startlap.hu\/utazas\/wp-json\/wp\/v2\/posts"}],"about":[{"href":"https:\/\/www.startlap.hu\/utazas\/wp-json\/wp\/v2\/types\/post"}],"author":[{"embeddable":true,"href":"https:\/\/www.startlap.hu\/utazas\/wp-json\/wp\/v2\/users\/43"}],"replies":[{"embeddable":true,"href":"https:\/\/www.startlap.hu\/utazas\/wp-json\/wp\/v2\/comments?post=28094"}],"version-history":[{"count":5,"href":"https:\/\/www.startlap.hu\/utazas\/wp-json\/wp\/v2\/posts\/28094\/revisions"}],"predecessor-version":[{"id":28115,"href":"https:\/\/www.startlap.hu\/utazas\/wp-json\/wp\/v2\/posts\/28094\/revisions\/28115"}],"wp:featuredmedia":[{"embeddable":true,"href":"https:\/\/www.startlap.hu\/utazas\/wp-json\/wp\/v2\/media\/23514"}],"wp:attachment":[{"href":"https:\/\/www.startlap.hu\/utazas\/wp-json\/wp\/v2\/media?parent=28094"}],"wp:term":[{"taxonomy":"category","embeddable":true,"href":"https:\/\/www.startlap.hu\/utazas\/wp-json\/wp\/v2\/categories?post=28094"},{"taxonomy":"post_tag","embeddable":true,"href":"https:\/\/www.startlap.hu\/utazas\/wp-json\/wp\/v2\/tags?post=28094"}],"curies":[{"name":"wp","href":"https:\/\/api.w.org\/{rel}","templated":true}]}}