{"id":27442,"date":"2021-06-02T11:13:01","date_gmt":"2021-06-02T09:13:01","guid":{"rendered":"https:\/\/www.startlap.hu\/utazas\/?p=27442"},"modified":"2023-01-12T09:26:08","modified_gmt":"2023-01-12T08:26:08","slug":"wizz-air-jarat-malmo-roma-bazel-milano","status":"publish","type":"post","link":"https:\/\/www.startlap.hu\/utazas\/wizz-air-jarat-malmo-roma-bazel-milano\/","title":{"rendered":"Visszat\u00e9r\u0151 Wizz Air j\u00e1ratok: 4 \u00fatvonalat jelentettek be"},"content":{"rendered":"<p>Felfedezn\u00e9d Malm\u00f6 tengerpartj\u00e1t \u00e9s z\u00f6ld parkjait? Egy kis kultur\u00e1lis kikapcsol\u00f3d\u00e1s B\u00e1zelben? Egy h\u00e9tv\u00e9ge a divat f\u0151v\u00e1ros\u00e1ban, Mil\u00e1n\u00f3ban? Vagy a te utad is R\u00f3m\u00e1ba vezet? B\u00e1rmelyiket is v\u00e1lasztan\u00e1d, a Wizz Air elrep\u00edt! H\u00e9tf\u0151n a l\u00e9git\u00e1rsas\u00e1g B\u00e1zelbe \u00e9s Mil\u00e1n\u00f3ba, kedden pedig a Malm\u00f6be \u00e9s R\u00f3m\u00e1ba indul\u00f3 k\u00f6zvetlen j\u00e1ratait k\u00f6sz\u00f6nthett\u00fck, amelyek <strong>mindegyike jelenleg heti alkalommal k\u00f6zlekedik<\/strong> az Airbus A320-as rep\u00fcl\u0151g\u00e9pcsal\u00e1d g\u00e9peivel.<\/p>\n<p><iframe loading=\"lazy\" width=\"500\" height=\"811\" frameborder=\"0\" src=\"https:\/\/www.facebook.com\/plugins\/post.php?href=https%3A%2F%2Fwww.facebook.com%2Fbudapestairport%2Fposts%2F10159314208092829&amp;show_text=true&amp;width=500\"><\/iframe><\/p>\n<figure id=\"attachment_17288\" aria-describedby=\"caption-attachment-17288\" style=\"width: 755px\" class=\"wp-caption alignnone\"><a href=\"https:\/\/www.startlap.hu\/utazas\/uploads\/sites\/3\/2020\/09\/Wizz-Air_1.jpg\"><img loading=\"lazy\" decoding=\"async\" class=\"size-article-size-large-image wp-image-17288\" src=\"https:\/\/www.startlap.hu\/utazas\/uploads\/sites\/3\/2020\/09\/Wizz-Air_1-755x503.jpg\" alt=\"\" width=\"755\" height=\"503\" srcset=\"https:\/\/www.startlap.hu\/utazas\/uploads\/sites\/3\/2020\/09\/Wizz-Air_1-755x503.jpg 755w, https:\/\/www.startlap.hu\/utazas\/uploads\/sites\/3\/2020\/09\/Wizz-Air_1-1536x1024.jpg 1536w, https:\/\/www.startlap.hu\/utazas\/uploads\/sites\/3\/2020\/09\/Wizz-Air_1-525x350.jpg 525w, https:\/\/www.startlap.hu\/utazas\/uploads\/sites\/3\/2020\/09\/Wizz-Air_1.jpg 1800w\" sizes=\"auto, (max-width: 755px) 100vw, 755px\" \/><\/a><figcaption id=\"caption-attachment-17288\" class=\"wp-caption-text\">Fot\u00f3: Wizz Air<\/figcaption><\/figure>\n<p>M\u00e1jus v\u00e9g\u00e9n \u00e9rkezett a h\u00edr, hogy \u00fajraindult a Budapest \u2013 Malaga j\u00e1rata, mely m\u00e1jusban heti egyszer, j\u00faniust\u00f3l pedig heti 2 alkalommal k\u00f6zlekedik a k\u00e9t v\u00e1ros k\u00f6z\u00f6tt, emellett a Dortmundba tart\u00f3 <a href=\"https:\/\/www.startlap.hu\/utazas\/rekordszamu-uj-utvonallal-bovul-a-wizz-air-olasz-halozata\/\" target=\"_blank\" rel=\"noopener noreferrer\">Wizz Air<\/a> j\u00e1ratot is k\u00f6sz\u00f6nthett\u00fck, amely m\u00e1jusban szint\u00e9n heti egyszer,<strong> majd j\u00faniust\u00f3l heti 2 alkalommal<\/strong> k\u00f6zlekedik a magyar f\u0151v\u00e1ros \u00e9s a \u201eZ\u00f6ld Metropolisz\u201d-k\u00e9nt is emlegetett n\u00e9met nagyv\u00e1ros k\u00f6z\u00f6tt. Legut\u00f3bb pedig a TAROM Budapest \u00e9s <a href=\"https:\/\/www.startlap.hu\/utazas\/tarom-budapest-bukarest-jarat-ujraindul\/\" target=\"_blank\" rel=\"noopener noreferrer\">Bukarest<\/a> k\u00f6zt k\u00f6zleked\u0151 j\u00e1rata v\u00e1lt \u00fajra el\u00e9rhet\u0151v\u00e9: a l\u00e9git\u00e1rsas\u00e1g heti alkalommal (h\u00e9tf\u0151, szerda, p\u00e9ntek) biztos\u00edtja a l\u00e9gi \u00f6sszek\u00f6ttet\u00e9st a k\u00e9t f\u0151v\u00e1ros k\u00f6z\u00f6tt. A l\u00e9git\u00e1rsas\u00e1g az \u00fatvonalon ATR72-es t\u00edpus\u00fa g\u00e9pekkel k\u00f6zlekedik. Az aktu\u00e1lis menetrendr\u0151l a <a href=\"https:\/\/tarom.ro\/en\" target=\"_blank\" target=\"_blank\" rel=\"noopener noreferrer\">l\u00e9git\u00e1rsas\u00e1g weboldal\u00e1n<\/a>&nbsp;tal\u00e1lsz pontos inform\u00e1ci\u00f3kat.<\/p>\n<div class=\"o-widget m-readMoreWidget -readMore u-shortDecorLineAfter row widget-container _ce_measure_widget bigdata-widget read-more\" data-ce-measure-widget=\"olvass tov\u00e1bb\">\n\t<div class=\"m-readMoreWidget__imgWrapper image-wrapper col-12 col-md-4 no-p\">\n\t\t<a class=\"m-readMoreWidget__imgLink\" href=\"https:\/\/www.startlap.hu\/utazas\/debreceni-nemzetkozi-repuloter-nyitas-wizz-air-london-eindhoven\/\" >\n\t\t\t<img decoding=\"async\" src=\"https:\/\/www.startlap.hu\/utazas\/uploads\/sites\/3\/2021\/05\/wizz-air-a321-1-350x285.jpg\" class=\"m-readMoreWidget__img\">\n\t\t<\/a>\n\t<\/div>\n\t<div class=\"m-readMoreWidget__titleWrapper title-wrapper col-12 col-md-8\">\n\t\t<span class=\"m-readMoreWidget__titleLabel u-shortDecorLineBefore label hidden-sm-up\">Ez is \u00e9rdekelhet:<\/span>\n\t\t<h3 class=\"m-readMoreWidget__title title\">\n\t\t\t<a class=\"m-readMoreWidget__titleLink -secondFont u-bold u-upperCase\" href=\"https:\/\/www.startlap.hu\/utazas\/debreceni-nemzetkozi-repuloter-nyitas-wizz-air-london-eindhoven\/\" >Ism\u00e9t megnyitja kapuit a Debreceni Nemzetk\u00f6zi Rep\u00fcl\u0151t\u00e9r<\/a>\n\t\t<\/h3>\n\t\t<a class=\"m-readMoreWidget__btn -coloredBack u-tC link\" href=\"https:\/\/www.startlap.hu\/utazas\/debreceni-nemzetkozi-repuloter-nyitas-wizz-air-london-eindhoven\/\" >Elolvasom<\/a>\n\t<\/div>\n<\/div>\n<div class=\"banner-container clear-banner-row clearfix\">\n<div class=\"banner-wrapper clearfix\">\n<div id=\"zone2043907\" class=\"goAdverticum a8a263be goa-embedded\">\n<div>&nbsp;<\/div>\n<\/div>\n<\/div>\n<\/div>\n<div class=\"banner-container clear-banner-row clearfix\">\n<div class=\"banner-wrapper clearfix\">\n<div id=\"zone2043907\" class=\"goAdverticum a8a263be goa-embedded\">\n<div>&nbsp;<\/div>\n<\/div>\n<\/div>\n<\/div>\n","protected":false},"excerpt":{"rendered":"<p>A korl\u00e1toz\u00e1sok fokozatos felold\u00e1s\u00e1val \u00e9s a l\u00e9gik\u00f6zleked\u00e9s fellend\u00fcl\u00e9s\u00e9vel \u00fajraind\u00edtott n\u00e9gy j\u00e1ratot is a Wizz Air.<\/p>\n","protected":false},"author":43,"featured_media":18976,"comment_status":"open","ping_status":"open","sticky":false,"template":"","format":"standard","meta":{"footnotes":""},"categories":[70],"tags":[116,1383,2197,119,784,447],"class_list":["post-27442","post","type-post","status-publish","format-standard","has-post-thumbnail","hentry","category-vilag","tag-bazel","tag-ferihegy","tag-jaratok","tag-milano","tag-roma","tag-wizz-air"],"aioseo_notices":[],"_links":{"self":[{"href":"https:\/\/www.startlap.hu\/utazas\/wp-json\/wp\/v2\/posts\/27442","targetHints":{"allow":["GET"]}}],"collection":[{"href":"https:\/\/www.startlap.hu\/utazas\/wp-json\/wp\/v2\/posts"}],"about":[{"href":"https:\/\/www.startlap.hu\/utazas\/wp-json\/wp\/v2\/types\/post"}],"author":[{"embeddable":true,"href":"https:\/\/www.startlap.hu\/utazas\/wp-json\/wp\/v2\/users\/43"}],"replies":[{"embeddable":true,"href":"https:\/\/www.startlap.hu\/utazas\/wp-json\/wp\/v2\/comments?post=27442"}],"version-history":[{"count":5,"href":"https:\/\/www.startlap.hu\/utazas\/wp-json\/wp\/v2\/posts\/27442\/revisions"}],"predecessor-version":[{"id":27447,"href":"https:\/\/www.startlap.hu\/utazas\/wp-json\/wp\/v2\/posts\/27442\/revisions\/27447"}],"wp:featuredmedia":[{"embeddable":true,"href":"https:\/\/www.startlap.hu\/utazas\/wp-json\/wp\/v2\/media\/18976"}],"wp:attachment":[{"href":"https:\/\/www.startlap.hu\/utazas\/wp-json\/wp\/v2\/media?parent=27442"}],"wp:term":[{"taxonomy":"category","embeddable":true,"href":"https:\/\/www.startlap.hu\/utazas\/wp-json\/wp\/v2\/categories?post=27442"},{"taxonomy":"post_tag","embeddable":true,"href":"https:\/\/www.startlap.hu\/utazas\/wp-json\/wp\/v2\/tags?post=27442"}],"curies":[{"name":"wp","href":"https:\/\/api.w.org\/{rel}","templated":true}]}}