{"id":27343,"date":"2021-05-31T11:51:33","date_gmt":"2021-05-31T09:51:33","guid":{"rendered":"https:\/\/www.startlap.hu\/utazas\/?p=27343"},"modified":"2021-05-31T11:51:33","modified_gmt":"2021-05-31T09:51:33","slug":"debreceni-nemzetkozi-repuloter-nyitas-wizz-air-london-eindhoven","status":"publish","type":"post","link":"https:\/\/www.startlap.hu\/utazas\/debreceni-nemzetkozi-repuloter-nyitas-wizz-air-london-eindhoven\/","title":{"rendered":"Ism\u00e9t megnyitja kapuit a Debreceni Nemzetk\u00f6zi Rep\u00fcl\u0151t\u00e9r"},"content":{"rendered":"<p>A <a href=\"https:\/\/www.startlap.hu\/utazas\/wizz-ari-ryanair-jarat-ferihegy\/\" target=\"_blank\" rel=\"noopener noreferrer\">Wizz Air<\/a>, Eur\u00f3pa leggyorsabban n\u00f6vekv\u0151 l\u00e9git\u00e1rsas\u00e1ga \u00f6r\u00f6mmel jelenti be, hogy \u00fajra megnyitja debreceni b\u00e1zis\u00e1t. <strong>J\u00fanius 5-\u00e9t\u0151l Eindhovenbe, j\u00fanius 12-\u00e9t\u0151l pedig m\u00e1r London Lutonba<\/strong> is rep\u00fcl Debrecenb\u0151l a Wizz Air.&nbsp;&nbsp;Jegyek a l\u00e9git\u00e1rsas\u00e1g weboldal\u00e1n, valamint <a href=\"https:\/\/wizzair.com\/hu-hu\/informaciok-es-szolgaltatasok\/mobile-app\/mobilalkalmazas\" target=\"_blank\">mobilalkalmaz\u00e1s\u00e1n<\/a> kereszt\u00fcl foglalhat\u00f3k ezekre, valamint tov\u00e1bbi, Debrecenb\u0151l indul\u00f3 j\u00e1ratokra. A j\u00e1rv\u00e1nyhelyzet \u00e9s a beutaz\u00e1si felt\u00e9telek enyh\u00fcl\u00e9s\u00e9vel a Wizz Air k\u00f6z\u00f6ns\u00e9gkedvenc j\u00e1ratai \u00fajra el\u00e9rhet\u0151v\u00e9 v\u00e1lnak, \u00edgy a kelet-magyarorsz\u00e1gi utaz\u00f3k ism\u00e9telten k\u00f6zvetlen j\u00e1ratokkal juthatnak el \u00fati c\u00e9ljukba Debrecenb\u0151l.<\/p>\n<figure id=\"attachment_27344\" aria-describedby=\"caption-attachment-27344\" style=\"width: 755px\" class=\"wp-caption alignnone\"><a href=\"https:\/\/www.startlap.hu\/utazas\/uploads\/sites\/3\/2021\/05\/wizz-air-a321-1.jpg\"><img loading=\"lazy\" decoding=\"async\" class=\"size-article-size-large-image wp-image-27344\" src=\"https:\/\/www.startlap.hu\/utazas\/uploads\/sites\/3\/2021\/05\/wizz-air-a321-1-755x415.jpg\" alt=\"\" width=\"755\" height=\"415\" srcset=\"https:\/\/www.startlap.hu\/utazas\/uploads\/sites\/3\/2021\/05\/wizz-air-a321-1-755x415.jpg 755w, https:\/\/www.startlap.hu\/utazas\/uploads\/sites\/3\/2021\/05\/wizz-air-a321-1-1536x845.jpg 1536w, https:\/\/www.startlap.hu\/utazas\/uploads\/sites\/3\/2021\/05\/wizz-air-a321-1-636x350.jpg 636w, https:\/\/www.startlap.hu\/utazas\/uploads\/sites\/3\/2021\/05\/wizz-air-a321-1.jpg 1920w\" sizes=\"auto, (max-width: 755px) 100vw, 755px\" \/><\/a><figcaption id=\"caption-attachment-27344\" class=\"wp-caption-text\">Fot\u00f3: Wizz Air<\/figcaption><\/figure>\n<p>\u201eNagy \u00f6r\u00f6mmel jelentj\u00fck be a kedves utaz\u00f3k\u00f6z\u00f6ns\u00e9g sz\u00e1m\u00e1ra, hogy hab\u00e1r lassan \u00e9s fokozatosan, de sz\u00e1mos j\u00e1ratunk \u00fajra el\u00e9rhet\u0151v\u00e9 v\u00e1lik. A Debreceni Nemzetk\u00f6zi Rep\u00fcl\u0151t\u00e9r minden szempontb\u00f3l felk\u00e9sz\u00fclt az \u00fajra indul\u00e1sra, azonban a biztons\u00e1gos utaz\u00e1s \u00e9rdek\u00e9ben fontos, hogy a rep\u00fcl\u0151t\u00e9ren bevezetett fokozott eg\u00e9szs\u00e9g\u00fcgyi int\u00e9zked\u00e9seket mindenki betartsa. Izgatottan v\u00e1rjuk 2021. j\u00fanius 5-\u00e9n indul\u00f3 els\u0151 eindhoveni j\u00e1ratunk utasait\u201d \u2013 mondta Vajda J\u00e1nos, a Debreceni Nemzetk\u00f6zi Rep\u00fcl\u0151teret \u00fczemeltet\u0151 Debrecen International Airport Kft. \u00fcgyvezet\u0151je<\/p>\n<h2>Hamarosan b\u0151v\u00fclnek a j\u00e1ratok \u00e9s az \u00fatvonalak<\/h2>\n<p>\u201e\u00d6r\u00f6m sz\u00e1munkra, hogy a hazai \u00e9s nemzetk\u00f6zi korl\u00e1toz\u00e1sok enyh\u00fcl\u00e9s\u00e9vel \u00fajra rep\u00fclhet\u00fcnk <a href=\"https:\/\/www.startlap.hu\/utazas\/megtartjak-a-debreceni-campus-fesztivalt-is\/\" target=\"_blank\" rel=\"noopener noreferrer\">Debrecenb\u0151l<\/a>. A Wizz Air tov\u00e1bbra is elk\u00f6telezett, hogy el\u00e9rhet\u0151 utakat biztos\u00edtson mindenki sz\u00e1m\u00e1ra, \u00edgy b\u00edzunk benne, hogy fokozatosan egyre t\u00f6bb j\u00e1ratot tudunk \u00fajraind\u00edtani a Debreceni Nemzetk\u00f6zi Rep\u00fcl\u0151t\u00e9rr\u0151l is.&nbsp; J\u00f3 h\u00edr a nyaral\u00e1st tervez\u0151knek, hogy <strong>a k\u00f6vetkez\u0151 napokban indul\u00f3 k\u00e9t \u00fatvonal ut\u00e1n hamarosan visszat\u00e9rnek a k\u00f6zkedvelt nyaral\u00f3helyekre tart\u00f3 j\u00e1ratok is,<\/strong> \u00edgy azok is elkezdhetik az utaz\u00e1st szervezni, akik ebb\u0151l a r\u00e9gi\u00f3b\u00f3l szeretn\u00e9nek Eur\u00f3pa legszebb tengerpartjaira rep\u00fclni\u201d \u2013 mondta Rad\u00f3 Andr\u00e1s, a Wizz Air szenior v\u00e1llalati kommunik\u00e1ci\u00f3s menedzsere.<\/p>\n<blockquote class=\"article__extraTxt\"><p>A Debreceni Nemzetk\u00f6zi Rep\u00fcl\u0151t\u00e9r, Magyarorsz\u00e1g m\u00e1sodik legnagyobb rep\u00fcl\u0151tere, 2019-ben t\u00f6bb mint 600&nbsp;000 f\u0151s utasforgalmat bonyol\u00edtott, \u00e9s a Wizz Air helyi b\u00e1zis\u00e1n k\u00f6sz\u00f6nt\u00f6tt\u00e9k a l\u00e9git\u00e1rsas\u00e1g 1,5 milliomodik debreceni utas\u00e1t is.<\/p><\/blockquote>\n<p>A Wizz Air a m\u00e9g higi\u00e9nikusabb l\u00e9gi k\u00f6zleked\u00e9s korszak\u00e1nak bek\u00f6sz\u00f6nt\u00e9vel fokozott eg\u00e9szs\u00e9g\u00fcgyi \u00f3vint\u00e9zked\u00e9sekkel is v\u00e9di utasait \u00e9s szem\u00e9lyzet\u00e9t, amelyre a j\u00f6v\u0151ben is nagyobb hangs\u00falyt fektet. A l\u00e9git\u00e1rsas\u00e1g a k\u00f6telez\u0151 biztons\u00e1gi int\u00e9zked\u00e9sek \u00e9s a fed\u00e9lzeti protokoll mellett a rep\u00fcl\u00e9s ideje alatt hat\u00e9kony szell\u0151ztet\u00e9si rendszerrel biztos\u00edtja a leveg\u0151 megfelel\u0151 min\u0151s\u00e9g\u00e9t az eg\u00e9szs\u00e9g\u00fcgyi kock\u00e1zatok jelent\u0151s cs\u00f6kkent\u00e9se \u00e9rdek\u00e9ben. A tov\u00e1bbi int\u00e9zked\u00e9sekr\u0151l r\u00e9szletek a <a href=\"https:\/\/wizzair.com\/hu-hu\/#\/\" target=\"_blank\">wizzair.com<\/a> oldalon tal\u00e1lhat\u00f3k.<\/p>\n<div class=\"o-widget m-readMoreWidget -readMore u-shortDecorLineAfter row widget-container _ce_measure_widget bigdata-widget read-more\" data-ce-measure-widget=\"olvass tov\u00e1bb\">\n\t<div class=\"m-readMoreWidget__imgWrapper image-wrapper col-12 col-md-4 no-p\">\n\t\t<a class=\"m-readMoreWidget__imgLink\" href=\"https:\/\/www.startlap.hu\/utazas\/foci-eb-wizz-air-roma-munchen\/\" >\n\t\t\t<img decoding=\"async\" src=\"https:\/\/www.startlap.hu\/utazas\/uploads\/sites\/3\/2020\/11\/Wizz-Air_1-350x285.jpg\" class=\"m-readMoreWidget__img\">\n\t\t<\/a>\n\t<\/div>\n\t<div class=\"m-readMoreWidget__titleWrapper title-wrapper col-12 col-md-8\">\n\t\t<span class=\"m-readMoreWidget__titleLabel u-shortDecorLineBefore label hidden-sm-up\">Ez is \u00e9rdekelhet:<\/span>\n\t\t<h3 class=\"m-readMoreWidget__title title\">\n\t\t\t<a class=\"m-readMoreWidget__titleLink -secondFont u-bold u-upperCase\" href=\"https:\/\/www.startlap.hu\/utazas\/foci-eb-wizz-air-roma-munchen\/\" >A Wizz Air is k\u00e9sz\u00fcl a foci EB-re: ezek a j\u00e1ratok indulnak \u00fajra<\/a>\n\t\t<\/h3>\n\t\t<a class=\"m-readMoreWidget__btn -coloredBack u-tC link\" href=\"https:\/\/www.startlap.hu\/utazas\/foci-eb-wizz-air-roma-munchen\/\" >Elolvasom<\/a>\n\t<\/div>\n<\/div>\n","protected":false},"excerpt":{"rendered":"<p>Debrecen \u00fajra a fed\u00e9lzeten!<\/p>\n","protected":false},"author":43,"featured_media":27344,"comment_status":"open","ping_status":"open","sticky":false,"template":"","format":"standard","meta":{"footnotes":""},"categories":[7],"tags":[4337,447],"class_list":["post-27343","post","type-post","status-publish","format-standard","has-post-thumbnail","hentry","category-belfold-utazas","tag-debreceni-nemzetkozi-repuloter","tag-wizz-air"],"aioseo_notices":[],"_links":{"self":[{"href":"https:\/\/www.startlap.hu\/utazas\/wp-json\/wp\/v2\/posts\/27343","targetHints":{"allow":["GET"]}}],"collection":[{"href":"https:\/\/www.startlap.hu\/utazas\/wp-json\/wp\/v2\/posts"}],"about":[{"href":"https:\/\/www.startlap.hu\/utazas\/wp-json\/wp\/v2\/types\/post"}],"author":[{"embeddable":true,"href":"https:\/\/www.startlap.hu\/utazas\/wp-json\/wp\/v2\/users\/43"}],"replies":[{"embeddable":true,"href":"https:\/\/www.startlap.hu\/utazas\/wp-json\/wp\/v2\/comments?post=27343"}],"version-history":[{"count":1,"href":"https:\/\/www.startlap.hu\/utazas\/wp-json\/wp\/v2\/posts\/27343\/revisions"}],"predecessor-version":[{"id":27345,"href":"https:\/\/www.startlap.hu\/utazas\/wp-json\/wp\/v2\/posts\/27343\/revisions\/27345"}],"wp:featuredmedia":[{"embeddable":true,"href":"https:\/\/www.startlap.hu\/utazas\/wp-json\/wp\/v2\/media\/27344"}],"wp:attachment":[{"href":"https:\/\/www.startlap.hu\/utazas\/wp-json\/wp\/v2\/media?parent=27343"}],"wp:term":[{"taxonomy":"category","embeddable":true,"href":"https:\/\/www.startlap.hu\/utazas\/wp-json\/wp\/v2\/categories?post=27343"},{"taxonomy":"post_tag","embeddable":true,"href":"https:\/\/www.startlap.hu\/utazas\/wp-json\/wp\/v2\/tags?post=27343"}],"curies":[{"name":"wp","href":"https:\/\/api.w.org\/{rel}","templated":true}]}}