{"id":26200,"date":"2021-05-06T17:03:41","date_gmt":"2021-05-06T15:03:41","guid":{"rendered":"https:\/\/www.startlap.hu\/utazas\/?p=26200"},"modified":"2021-05-06T16:08:56","modified_gmt":"2021-05-06T14:08:56","slug":"malta-nyitas-maszk-enyhites","status":"publish","type":"post","link":"https:\/\/www.startlap.hu\/utazas\/malta-nyitas-maszk-enyhites\/","title":{"rendered":"Enyh\u00edt\u00e9seket jelentettek be M\u00e1lt\u00e1n: hamarosan indulhat az esk\u00fcv\u0151szezon!"},"content":{"rendered":"<p>J\u00fanius 1-t\u0151l m\u00e9gsem kell maszkot hordani a strandokon M\u00e1lt\u00e1n. A m\u00e1ltai eg\u00e9szs\u00e9g\u00fcgyi miniszter \u00e9s a tisztif\u0151orvos mai k\u00f6z\u00f6s t\u00e1j\u00e9koztat\u00f3j\u00e1n bejelentett\u00e9k, hogy m\u00e1jus 24-t\u0151l m\u00e1r \u00e9jf\u00e9lig lehetnek nyitva az <a href=\"https:\/\/www.startlap.hu\/utazas\/nyitnak-az-ettermek-maltan\/\" target=\"_blank\" rel=\"noopener noreferrer\">\u00e9ttermek \u00e9s a snack b\u00e1rok<\/a>, este nyolcig az uszod\u00e1k \u00e9s \u00fajra l\u00e1togathat\u00f3k az edz\u0151termek is.<\/p>\n<figure id=\"attachment_25737\" aria-describedby=\"caption-attachment-25737\" style=\"width: 755px\" class=\"wp-caption alignnone\"><a href=\"https:\/\/www.startlap.hu\/utazas\/uploads\/sites\/3\/2021\/04\/Valletta_street_cafe.jpg\"><img loading=\"lazy\" decoding=\"async\" class=\"size-article-size-large-image wp-image-25737\" src=\"https:\/\/www.startlap.hu\/utazas\/uploads\/sites\/3\/2021\/04\/Valletta_street_cafe-755x503.jpg\" alt=\"\" width=\"755\" height=\"503\" srcset=\"https:\/\/www.startlap.hu\/utazas\/uploads\/sites\/3\/2021\/04\/Valletta_street_cafe-755x503.jpg 755w, https:\/\/www.startlap.hu\/utazas\/uploads\/sites\/3\/2021\/04\/Valletta_street_cafe-525x350.jpg 525w, https:\/\/www.startlap.hu\/utazas\/uploads\/sites\/3\/2021\/04\/Valletta_street_cafe.jpg 825w\" sizes=\"auto, (max-width: 755px) 100vw, 755px\" \/><\/a><figcaption id=\"caption-attachment-25737\" class=\"wp-caption-text\">Fot\u00f3: VisitMalta<\/figcaption><\/figure>\n<p>J\u00fanius 1-t\u0151l a turizmus \u00fajraindul\u00e1s\u00e1val egyszerre indulhatnak a nyelviskol\u00e1k \u00e9s az esk\u00fcv\u0151k. Ez ut\u00f3bbiak tov\u00e1bbra is l\u00e9tsz\u00e1mkorl\u00e1ttal, azaz <strong>szabadt\u00e9ren maximum 300 f\u0151, z\u00e1rt t\u00e9rben pedig maximum 100 f\u0151<\/strong> r\u00e9szv\u00e9tel\u00e9vel. J\u00fanius 7-t\u0151l nyitnak a mozik \u00e9s a sz\u00ednh\u00e1zak \u00e9s a b\u00e1rok is kinyithatnak, de csak \u00fcltetett kiszolg\u00e1l\u00e1ssal. Azonban nagyrendezv\u00e9nyekkel tov\u00e1bbra sem sz\u00e1molhatunk, \u00edgy a ny\u00e1r els\u0151 fel\u00e9ig tervezett fesztiv\u00e1lok, t\u00f6megrendezv\u00e9nyek \u00e9s a hagyom\u00e1nyos <a href=\"https:\/\/www.startlap.hu\/utazas\/malta-atoltottsag-nyitas\/\" target=\"_blank\" rel=\"noopener noreferrer\">m\u00e1ltai<\/a> feszt\u00e1k sem ker\u00fclhetnek megrendez\u00e9sre.<\/p>\n<div class=\"fb-post\" data-href=\"https:\/\/www.facebook.com\/maltaiidegenforgalmihivatal\/posts\/1768311500015339\" target=\"_blank\">\n<blockquote class=\"fb-xfbml-parse-ignore\"><p>Friss h\u00edrek a m\u00e1ltai turizmus nyit\u00e1s\u00e1r\u00f3l!<\/p>\n<p>J\u00fanius 1-t\u0151l m\u00e9gsem kell maszkot hordani a strandokon M\u00e1lt\u00e1n. A m\u00e1ltai&#8230;<\/p>\n<p>K\u00f6zz\u00e9tette: <a href=\"https:\/\/www.facebook.com\/maltaiidegenforgalmihivatal\/\" target=\"_blank\">M\u00e1ltai Idegenforgalmi Hivatal<\/a> \u2013&nbsp;<a href=\"https:\/\/www.facebook.com\/maltaiidegenforgalmihivatal\/posts\/1768311500015339\" target=\"_blank\">2021. m\u00e1jus 6., cs\u00fct\u00f6rt\u00f6k<\/a><\/p><\/blockquote>\n<\/div>\n<div class=\"o-widget m-readMoreWidget -readMore u-shortDecorLineAfter row widget-container _ce_measure_widget bigdata-widget read-more\" data-ce-measure-widget=\"olvass tov\u00e1bb\">\n\t<div class=\"m-readMoreWidget__imgWrapper image-wrapper col-12 col-md-4 no-p\">\n\t\t<a class=\"m-readMoreWidget__imgLink\" href=\"https:\/\/www.startlap.hu\/utazas\/maltan-a-nyaralas-akar-200-euroval-is-olcsobb-lehet\/\" >\n\t\t\t<img decoding=\"async\" src=\"https:\/\/www.startlap.hu\/utazas\/uploads\/sites\/3\/2021\/04\/malta_valetta_fovaros-350x285.jpg\" class=\"m-readMoreWidget__img\">\n\t\t<\/a>\n\t<\/div>\n\t<div class=\"m-readMoreWidget__titleWrapper title-wrapper col-12 col-md-8\">\n\t\t<span class=\"m-readMoreWidget__titleLabel u-shortDecorLineBefore label hidden-sm-up\">Ez is \u00e9rdekelhet:<\/span>\n\t\t<h3 class=\"m-readMoreWidget__title title\">\n\t\t\t<a class=\"m-readMoreWidget__titleLink -secondFont u-bold u-upperCase\" href=\"https:\/\/www.startlap.hu\/utazas\/maltan-a-nyaralas-akar-200-euroval-is-olcsobb-lehet\/\" >M\u00e1lt\u00e1n a nyaral\u00e1s ak\u00e1r 200 eur\u00f3val is olcs\u00f3bb lehet<\/a>\n\t\t<\/h3>\n\t\t<a class=\"m-readMoreWidget__btn -coloredBack u-tC link\" href=\"https:\/\/www.startlap.hu\/utazas\/maltan-a-nyaralas-akar-200-euroval-is-olcsobb-lehet\/\" >Elolvasom<\/a>\n\t<\/div>\n<\/div>\n","protected":false},"excerpt":{"rendered":"<p>Friss h\u00edreket k\u00f6z\u00f6ltek a m\u00e1ltai turizmus nyit\u00e1s\u00e1r\u00f3l.<\/p>\n","protected":false},"author":43,"featured_media":25737,"comment_status":"open","ping_status":"open","sticky":false,"template":"","format":"standard","meta":{"footnotes":""},"categories":[70],"tags":[249,408],"class_list":["post-26200","post","type-post","status-publish","format-standard","has-post-thumbnail","hentry","category-vilag","tag-malta","tag-turizmus"],"aioseo_notices":[],"_links":{"self":[{"href":"https:\/\/www.startlap.hu\/utazas\/wp-json\/wp\/v2\/posts\/26200","targetHints":{"allow":["GET"]}}],"collection":[{"href":"https:\/\/www.startlap.hu\/utazas\/wp-json\/wp\/v2\/posts"}],"about":[{"href":"https:\/\/www.startlap.hu\/utazas\/wp-json\/wp\/v2\/types\/post"}],"author":[{"embeddable":true,"href":"https:\/\/www.startlap.hu\/utazas\/wp-json\/wp\/v2\/users\/43"}],"replies":[{"embeddable":true,"href":"https:\/\/www.startlap.hu\/utazas\/wp-json\/wp\/v2\/comments?post=26200"}],"version-history":[{"count":3,"href":"https:\/\/www.startlap.hu\/utazas\/wp-json\/wp\/v2\/posts\/26200\/revisions"}],"predecessor-version":[{"id":26205,"href":"https:\/\/www.startlap.hu\/utazas\/wp-json\/wp\/v2\/posts\/26200\/revisions\/26205"}],"wp:featuredmedia":[{"embeddable":true,"href":"https:\/\/www.startlap.hu\/utazas\/wp-json\/wp\/v2\/media\/25737"}],"wp:attachment":[{"href":"https:\/\/www.startlap.hu\/utazas\/wp-json\/wp\/v2\/media?parent=26200"}],"wp:term":[{"taxonomy":"category","embeddable":true,"href":"https:\/\/www.startlap.hu\/utazas\/wp-json\/wp\/v2\/categories?post=26200"},{"taxonomy":"post_tag","embeddable":true,"href":"https:\/\/www.startlap.hu\/utazas\/wp-json\/wp\/v2\/tags?post=26200"}],"curies":[{"name":"wp","href":"https:\/\/api.w.org\/{rel}","templated":true}]}}