{"id":24760,"date":"2021-04-12T06:53:42","date_gmt":"2021-04-12T04:53:42","guid":{"rendered":"https:\/\/www.startlap.hu\/utazas\/?p=24760"},"modified":"2021-04-12T06:55:48","modified_gmt":"2021-04-12T04:55:48","slug":"maltan-a-nyaralas-akar-200-euroval-is-olcsobb-lehet","status":"publish","type":"post","link":"https:\/\/www.startlap.hu\/utazas\/maltan-a-nyaralas-akar-200-euroval-is-olcsobb-lehet\/","title":{"rendered":"M\u00e1lt\u00e1n a nyaral\u00e1s ak\u00e1r 200 eur\u00f3val is olcs\u00f3bb lehet"},"content":{"rendered":"<p>A m\u00e1ltai korm\u00e1ny mindent meg szeretne tenni az ide ny\u00e1ri szezon\u00e9rt, \u00e9s mivel Eur\u00f3pa egyik legbiztons\u00e1gosabb orsz\u00e1ga \u00e1toltotts\u00e1g \u00e9s <strong><a href=\"https:\/\/wiki.startlap.hu\/hogyan-utazzunk-koronavirus-idejen\/\" target=\"_blank\" rel=\"noopener noreferrer\">j\u00e1rv\u00e1nykezel\u00e9s<\/a><\/strong> tekintet\u00e9ben, l\u00e1tv\u00e1nyos turistacsalogat\u00e1sba kezdtek &#8211; adta h\u00edr\u00fcl a <a href=\"https:\/\/www.facebook.com\/maltaiidegenforgalmihivatal\/posts\/1748595738653582\" target=\"_blank\" target=\"_blank\" rel=\"noopener noreferrer\"><strong>M\u00e1ltai Idegenforgalmi Hivatal<\/strong><\/a>. M\u00e9ghozz\u00e1 pont ott cs\u00e1b\u00edtan\u00e1nak, ahol a leg\u00e9rz\u00e9kenyebb az utaz\u00f3, ha nyaral\u00e1sr\u00f3l van sz\u00f3: vagyis a p\u00e9nzt\u00e1rc\u00e1n kereszt\u00fcl.<\/p>\n<h2>A marketing nagyon egyszer\u0171: meg\u00e9ri M\u00e1lt\u00e1ra menni<\/h2>\n<p>A kedvezm\u00e9nyeket \u00e1prilis 9-\u00e9n p\u00e9nteken a <strong><a href=\"https:\/\/www.startlap.hu\/utazas\/malta-gozo-camino-jacht\/\" target=\"_blank\" rel=\"noopener noreferrer\">m\u00e1ltai<\/a><\/strong> turisztikai miniszter szem\u00e9lyesen jelentette be: ennek alapja egy&nbsp; 3,5 milli\u00f3 eur\u00f3s seg\u00e9lycsomag-program,&nbsp; \u00e9s c\u00e9lja a k\u00f6zvetlen sz\u00e1llodai foglal\u00e1sok \u00f6szt\u00f6nz\u00e9se. Ezzel mintegy 35 ezer turist\u00e1nak lehet nemcsak szebb, de olcs\u00f3bb is a nyara.&nbsp;<\/p>\n<blockquote class=\"article__extraTxt\">\n<p class=\"content-text text-justify\">Clayton Bartolo elmondta, hogy az \u00f6tcsillagos sz\u00e1llod\u00e1kban 200 eur\u00f3, a n\u00e9gycsillagosokban 150 eur\u00f3 az engedm\u00e9ny \u00f6sszege, m\u00edg a h\u00e1romcsillagos sz\u00e1llod\u00e1kn\u00e1l 100 eur\u00f3val kell kevesebbet fizetni\u00fck az oda l\u00e1togat\u00f3knak.&nbsp;<\/p>\n<\/blockquote>\n<h2>L\u00e9nyeg a k\u00f6zvetlen foglal\u00e1s \u00e9s legal\u00e1bb h\u00e1rom \u00e9jszaka &#8211; \u00e9s lenne itt m\u00e9g egy nagyobb kedvezm\u00e9ny is<\/h2>\n<figure id=\"attachment_24770\" aria-describedby=\"caption-attachment-24770\" style=\"width: 755px\" class=\"wp-caption alignnone\"><img loading=\"lazy\" decoding=\"async\" class=\"size-article-size-large-image wp-image-24770\" src=\"https:\/\/www.startlap.hu\/utazas\/uploads\/sites\/3\/2021\/04\/malta_xlendi-755x504.jpg\" alt=\"\" width=\"755\" height=\"504\" srcset=\"https:\/\/www.startlap.hu\/utazas\/uploads\/sites\/3\/2021\/04\/malta_xlendi-755x504.jpg 755w, https:\/\/www.startlap.hu\/utazas\/uploads\/sites\/3\/2021\/04\/malta_xlendi-524x350.jpg 524w, https:\/\/www.startlap.hu\/utazas\/uploads\/sites\/3\/2021\/04\/malta_xlendi.jpg 800w\" sizes=\"auto, (max-width: 755px) 100vw, 755px\" \/><figcaption id=\"caption-attachment-24770\" class=\"wp-caption-text\">M\u00e1lta mellett k\u00f6zvetlen\u00fcl tal\u00e1lhat\u00f3 Gozo szigete, annak egyik \u00fcd\u00fcl\u0151telep\u00fcl\u00e9s\u00e9vel, Xlendivel (Fot\u00f3: Getty Images).&nbsp;<\/figcaption><\/figure>\n<p><strong>Mindezen \u00e1rengedm\u00e9nyek viszont csak akkor \u00e9rv\u00e9nyesek, ha a sz\u00e1ll\u00e1s rezerv\u00e1l\u00e1sa k\u00f6zvetlen\u00fcl az adott sz\u00e1llod\u00e1n\u00e1l<\/strong> vagy annak foglal\u00e1si rendszer\u00e9n kereszt\u00fcl t\u00f6rt\u00e9nik, \u00e9s az minimum h\u00e1rom \u00e9jszak\u00e1ra sz\u00f3l. Term\u00e9szetesen a m\u00e1r eml\u00edtett 35 ezer f\u0151s keretig tart a lehet\u0151s\u00e9g.<\/p>\n<blockquote class=\"article__extraTxt\">\n<p class=\"content-text text-justify\">A turisztikai miniszter k\u00fcl\u00f6n kiemelte, hogy a M\u00e1lt\u00e1hoz tartoz\u00f3 Gozo sziget\u00e9n a fentiekkel azonos kateg\u00f3ri\u00e1j\u00fa sz\u00e1llod\u00e1kban szob\u00e1t foglal\u00f3 turist\u00e1k visszat\u00e9r\u00edt\u00e9se 10% -kal magasabb lesz.<\/p>\n<\/blockquote>\n<div class=\"o-widget m-readMoreWidget -readMore u-shortDecorLineAfter row widget-container _ce_measure_widget bigdata-widget read-more\" data-ce-measure-widget=\"olvass tov\u00e1bb\">\n\t<div class=\"m-readMoreWidget__imgWrapper image-wrapper col-12 col-md-4 no-p\">\n\t\t<a class=\"m-readMoreWidget__imgLink\" href=\"https:\/\/www.startlap.hu\/utazas\/gyerekbarat-tortenelmi-latnivalok-maltan\/\" >\n\t\t\t<img decoding=\"async\" src=\"https:\/\/www.startlap.hu\/utazas\/uploads\/sites\/3\/2021\/01\/Fort_St_Angelo_4-350x285.jpg\" class=\"m-readMoreWidget__img\">\n\t\t<\/a>\n\t<\/div>\n\t<div class=\"m-readMoreWidget__titleWrapper title-wrapper col-12 col-md-8\">\n\t\t<span class=\"m-readMoreWidget__titleLabel u-shortDecorLineBefore label hidden-sm-up\">Ez is \u00e9rdekelhet:<\/span>\n\t\t<h3 class=\"m-readMoreWidget__title title\">\n\t\t\t<a class=\"m-readMoreWidget__titleLink -secondFont u-bold u-upperCase\" href=\"https:\/\/www.startlap.hu\/utazas\/gyerekbarat-tortenelmi-latnivalok-maltan\/\" >Gyerekbar\u00e1t t\u00f6rt\u00e9nelmi l\u00e1tnival\u00f3k M\u00e1lt\u00e1n<\/a>\n\t\t<\/h3>\n\t\t<a class=\"m-readMoreWidget__btn -coloredBack u-tC link\" href=\"https:\/\/www.startlap.hu\/utazas\/gyerekbarat-tortenelmi-latnivalok-maltan\/\" >Elolvasom<\/a>\n\t<\/div>\n<\/div>\n<p>Az alig 5 kilom\u00e9terre l\u00e9v\u0151 Gozo mindenben hozza azt, ami\u00e9rt egy\u00e9bk\u00e9nt az EU legkisebb tag\u00e1llamba oly sz\u00edvesen l\u00e1togatnak a magyarok, min\u0151s\u00e9gben semmilyen k\u00fcl\u00f6nbs\u00e9g sincs.<\/p>\n","protected":false},"excerpt":{"rendered":"<p>Ezt maga a szigetorsz\u00e1g turisztikai minisztere jelentette be \u00e1prilis 9-\u00e9n. R\u00e9szletesen ismertette azt is, milyen felt\u00e9teleknek kell megfelelnie azoknak a turist\u00e1knak, akik \u00e1rengedm\u00e9nyben akarnak r\u00e9szes\u00fclni. <\/p>\n","protected":false},"author":36,"featured_media":24769,"comment_status":"open","ping_status":"open","sticky":false,"template":"","format":"standard","meta":{"footnotes":""},"categories":[70],"tags":[892,1297,249,94],"class_list":["post-24760","post","type-post","status-publish","format-standard","has-post-thumbnail","hentry","category-vilag","tag-gozo","tag-kedvezmeny","tag-malta","tag-nyaralas"],"aioseo_notices":[],"_links":{"self":[{"href":"https:\/\/www.startlap.hu\/utazas\/wp-json\/wp\/v2\/posts\/24760","targetHints":{"allow":["GET"]}}],"collection":[{"href":"https:\/\/www.startlap.hu\/utazas\/wp-json\/wp\/v2\/posts"}],"about":[{"href":"https:\/\/www.startlap.hu\/utazas\/wp-json\/wp\/v2\/types\/post"}],"author":[{"embeddable":true,"href":"https:\/\/www.startlap.hu\/utazas\/wp-json\/wp\/v2\/users\/36"}],"replies":[{"embeddable":true,"href":"https:\/\/www.startlap.hu\/utazas\/wp-json\/wp\/v2\/comments?post=24760"}],"version-history":[{"count":10,"href":"https:\/\/www.startlap.hu\/utazas\/wp-json\/wp\/v2\/posts\/24760\/revisions"}],"predecessor-version":[{"id":24772,"href":"https:\/\/www.startlap.hu\/utazas\/wp-json\/wp\/v2\/posts\/24760\/revisions\/24772"}],"wp:featuredmedia":[{"embeddable":true,"href":"https:\/\/www.startlap.hu\/utazas\/wp-json\/wp\/v2\/media\/24769"}],"wp:attachment":[{"href":"https:\/\/www.startlap.hu\/utazas\/wp-json\/wp\/v2\/media?parent=24760"}],"wp:term":[{"taxonomy":"category","embeddable":true,"href":"https:\/\/www.startlap.hu\/utazas\/wp-json\/wp\/v2\/categories?post=24760"},{"taxonomy":"post_tag","embeddable":true,"href":"https:\/\/www.startlap.hu\/utazas\/wp-json\/wp\/v2\/tags?post=24760"}],"curies":[{"name":"wp","href":"https:\/\/api.w.org\/{rel}","templated":true}]}}