{"id":24634,"date":"2021-04-11T06:03:59","date_gmt":"2021-04-11T04:03:59","guid":{"rendered":"https:\/\/www.startlap.hu\/utazas\/?p=24634"},"modified":"2021-04-09T13:03:38","modified_gmt":"2021-04-09T11:03:38","slug":"napoly-muzeum-oltokozpont","status":"publish","type":"post","link":"https:\/\/www.startlap.hu\/utazas\/napoly-muzeum-oltokozpont\/","title":{"rendered":"Olt\u00f3k\u00f6zpont lett N\u00e1poly h\u00edres m\u00fazeum\u00e1b\u00f3l"},"content":{"rendered":"<p>Az <a href=\"https:\/\/www.startlap.hu\/utazas\/olaszorszag-vendeglatohely-nyitas-turizmus-koronavirus\/\" target=\"_blank\" rel=\"noopener noreferrer\">olaszorsz\u00e1gi<\/a> parkok \u00e9s m\u00fazeumok z\u00e1rva vannak, \u00e1m a m\u00fazeumk\u00e9nt funkcion\u00e1l\u00f3 egykori n\u00e1polyi kir\u00e1lyi palota egyik \u00e9p\u00fclete megny\u00edlt &#8211; a&nbsp; v\u00e1ros leg\u00fajabb olt\u00f3pontj\u00e1t rendezt\u00e9k be ott, <strong>a v\u00e1r\u00f3 egy festm\u00e9nyekkel gazdagon d\u00edsz\u00edtett szoba<\/strong>. \u201eKiv\u00e1lasztottunk n\u00e9h\u00e1ny m\u0171t\u00e1rgyat a m\u00fazeum gy\u0171jtem\u00e9ny\u00e9b\u0151l. Van egy hatalmas parkunk \u00e9s egy t\u00f6rt\u00e9nelmi kert\u00fcnk, a legnagyobb v\u00e1rosi park Olaszorsz\u00e1gban, ami egyben botanikai m\u00fazeum is. \u00cdgy \u00f6ssze tudjuk k\u00f6tni az eg\u00e9szs\u00e9get a kult\u00far\u00e1val&#8221; &#8211; mondta az <a href=\"https:\/\/hu.euronews.com\/2021\/04\/07\/napoly-hires-muzeumabol-is-oltopont-lett\" target=\"_blank\" target=\"_blank\" rel=\"noopener noreferrer\">Euronews-nak<\/a> a m\u00fazeum igazgat\u00f3ja, Sylvain Bellenger. Naponta 1200 embert tudnak fogadni h\u00e9t k\u00fcl\u00f6nb\u00f6z\u0151 szob\u00e1ban.&nbsp;<\/p>\n<figure id=\"attachment_22612\" aria-describedby=\"caption-attachment-22612\" style=\"width: 755px\" class=\"wp-caption alignnone\"><a href=\"https:\/\/www.startlap.hu\/utazas\/uploads\/sites\/3\/2021\/02\/oltas.jpg\"><img loading=\"lazy\" decoding=\"async\" class=\"size-article-size-large-image wp-image-22612\" src=\"https:\/\/www.startlap.hu\/utazas\/uploads\/sites\/3\/2021\/02\/oltas-755x361.jpg\" alt=\"\" width=\"755\" height=\"361\" srcset=\"https:\/\/www.startlap.hu\/utazas\/uploads\/sites\/3\/2021\/02\/oltas-755x361.jpg 755w, https:\/\/www.startlap.hu\/utazas\/uploads\/sites\/3\/2021\/02\/oltas-732x350.jpg 732w, https:\/\/www.startlap.hu\/utazas\/uploads\/sites\/3\/2021\/02\/oltas.jpg 1503w\" sizes=\"auto, (max-width: 755px) 100vw, 755px\" \/><\/a><figcaption id=\"caption-attachment-22612\" class=\"wp-caption-text\">Illusztr\u00e1ci\u00f3: Getty Images<\/figcaption><\/figure>\n<p>A helynek szimbolikus jelent\u0151s\u00e9ge van:&nbsp;\u201e\u00dagy d\u00f6nt\u00f6tt\u00fcnk, hogy az olt\u00f3k\u00f6zpontot itt, a capodimontei kir\u00e1lyi m\u00fazeumban alak\u00edtjuk ki, a hely sz\u00e9ps\u00e9ge miatt. L\u00e1tni ezt a sok z\u00f6ldet, a term\u00e9szetet, a szabads\u00e1got azt is jelenti, hogy be kell oltatnunk magunkat ahhoz, hogy \u00fajra szabadok lehess\u00fcnk&#8221; &#8211; k\u00f6z\u00f6lte Maria Corvino, a <a href=\"https:\/\/www.startlap.hu\/utazas\/elhunyt-maradona-fotokon-a-gyaszolo-napoly\/\" target=\"_blank\" rel=\"noopener noreferrer\">n\u00e1polyi<\/a> eg\u00e9szs\u00e9g\u00fcgyi \u00fcgyn\u00f6ks\u00e9g igazgat\u00f3ja. Az egyik <a href=\"https:\/\/wiki.startlap.hu\/cimke\/oltas\/\" target=\"_blank\" rel=\"noopener noreferrer\">olt\u00e1son<\/a> \u00e1tesett teljesen \u00e1t\u00e9rzi, mir\u0151l is besz\u00e9lt Corvino:&nbsp;\u201eEz nagyszer\u0171. Amikor kij\u00f6ttem a szob\u00e1b\u00f3l, el\u00e9rz\u00e9keny\u00fcltem. Szerintem ez egy k\u00fczdelem, a mi k\u00fczdelm\u00fcnk, mindenki\u00e9. \u00c9s meg\u00e9rkezni ebbe a szob\u00e1ba felvid\u00edt\u00f3 \u00e9rz\u00e9s. Meger\u0151s\u00edti, hogy tett\u00fcnk egy l\u00e9p\u00e9st el\u0151re&#8221; &#8211; mondta.<\/p>\n<p>&nbsp;<\/p>\n<p>&nbsp;<\/p>\n<div class='iframe-wrapper youtube'><iframe loading=\"lazy\" title=\"NAPOLI - Palazzo Reale di Capodimonte\" width=\"500\" height=\"281\" src=\"https:\/\/www.youtube.com\/embed\/XW5p5Yp6_jA?feature=oembed\" frameborder=\"0\" allow=\"accelerometer; autoplay; clipboard-write; encrypted-media; gyroscope; picture-in-picture; web-share\" referrerpolicy=\"strict-origin-when-cross-origin\" allowfullscreen><\/iframe><\/div>\n<p>&nbsp;<\/p>\n<p>&nbsp;<\/p>\n<div class=\"o-widget m-readMoreWidget -readMore u-shortDecorLineAfter row widget-container _ce_measure_widget bigdata-widget read-more\" data-ce-measure-widget=\"olvass tov\u00e1bb\">\n\t<div class=\"m-readMoreWidget__imgWrapper image-wrapper col-12 col-md-4 no-p\">\n\t\t<a class=\"m-readMoreWidget__imgLink\" href=\"https:\/\/www.startlap.hu\/utazas\/velence-turistahajo-kitiltas\/\" >\n\t\t\t<img decoding=\"async\" src=\"https:\/\/www.startlap.hu\/utazas\/uploads\/sites\/3\/2021\/03\/velence_grande_canal-350x285.jpg\" class=\"m-readMoreWidget__img\">\n\t\t<\/a>\n\t<\/div>\n\t<div class=\"m-readMoreWidget__titleWrapper title-wrapper col-12 col-md-8\">\n\t\t<span class=\"m-readMoreWidget__titleLabel u-shortDecorLineBefore label hidden-sm-up\">Ez is \u00e9rdekelhet:<\/span>\n\t\t<h3 class=\"m-readMoreWidget__title title\">\n\t\t\t<a class=\"m-readMoreWidget__titleLink -secondFont u-bold u-upperCase\" href=\"https:\/\/www.startlap.hu\/utazas\/velence-turistahajo-kitiltas\/\" >Megsz\u00fcletett a d\u00f6nt\u00e9s: elterelik a nagy haj\u00f3kat Velence belv\u00e1ros\u00e1t\u00f3l<\/a>\n\t\t<\/h3>\n\t\t<a class=\"m-readMoreWidget__btn -coloredBack u-tC link\" href=\"https:\/\/www.startlap.hu\/utazas\/velence-turistahajo-kitiltas\/\" >Elolvasom<\/a>\n\t<\/div>\n<\/div>\n","protected":false},"excerpt":{"rendered":"<p>A Capodimonte ism\u00e9t megnyitja kapuit &#8211; persze csak azok el\u0151tt, akik olt\u00e1s\u00e9rt mennek oda.<\/p>\n","protected":false},"author":43,"featured_media":22612,"comment_status":"open","ping_status":"open","sticky":false,"template":"","format":"standard","meta":{"footnotes":""},"categories":[70],"tags":[156,866,15,3487],"class_list":["post-24634","post","type-post","status-publish","format-standard","has-post-thumbnail","hentry","category-vilag","tag-muzeum","tag-napoly","tag-olaszorszag","tag-oltokozpont"],"aioseo_notices":[],"_links":{"self":[{"href":"https:\/\/www.startlap.hu\/utazas\/wp-json\/wp\/v2\/posts\/24634","targetHints":{"allow":["GET"]}}],"collection":[{"href":"https:\/\/www.startlap.hu\/utazas\/wp-json\/wp\/v2\/posts"}],"about":[{"href":"https:\/\/www.startlap.hu\/utazas\/wp-json\/wp\/v2\/types\/post"}],"author":[{"embeddable":true,"href":"https:\/\/www.startlap.hu\/utazas\/wp-json\/wp\/v2\/users\/43"}],"replies":[{"embeddable":true,"href":"https:\/\/www.startlap.hu\/utazas\/wp-json\/wp\/v2\/comments?post=24634"}],"version-history":[{"count":2,"href":"https:\/\/www.startlap.hu\/utazas\/wp-json\/wp\/v2\/posts\/24634\/revisions"}],"predecessor-version":[{"id":24698,"href":"https:\/\/www.startlap.hu\/utazas\/wp-json\/wp\/v2\/posts\/24634\/revisions\/24698"}],"wp:featuredmedia":[{"embeddable":true,"href":"https:\/\/www.startlap.hu\/utazas\/wp-json\/wp\/v2\/media\/22612"}],"wp:attachment":[{"href":"https:\/\/www.startlap.hu\/utazas\/wp-json\/wp\/v2\/media?parent=24634"}],"wp:term":[{"taxonomy":"category","embeddable":true,"href":"https:\/\/www.startlap.hu\/utazas\/wp-json\/wp\/v2\/categories?post=24634"},{"taxonomy":"post_tag","embeddable":true,"href":"https:\/\/www.startlap.hu\/utazas\/wp-json\/wp\/v2\/tags?post=24634"}],"curies":[{"name":"wp","href":"https:\/\/api.w.org\/{rel}","templated":true}]}}