{"id":24519,"date":"2021-04-06T10:04:22","date_gmt":"2021-04-06T08:04:22","guid":{"rendered":"https:\/\/www.startlap.hu\/utazas\/?p=24519"},"modified":"2021-04-06T10:04:22","modified_gmt":"2021-04-06T08:04:22","slug":"velence-turistahajo-kitiltas","status":"publish","type":"post","link":"https:\/\/www.startlap.hu\/utazas\/velence-turistahajo-kitiltas\/","title":{"rendered":"Megsz\u00fcletett a d\u00f6nt\u00e9s: elterelik a nagy haj\u00f3kat Velence belv\u00e1ros\u00e1t\u00f3l"},"content":{"rendered":"<p>Az orsz\u00e1g kultur\u00e1lis minisztere, Dario Franceschini szerint a d\u00f6nt\u00e9st az Unesco felh\u00edv\u00e1sa befoly\u00e1solta, miszerint itt az ideje m\u00e9rlegelni a lag\u00fana meg\u0151rz\u00e9s\u00e9vel, valamint a k\u00f6rutaz\u00e1s \u00e9s \u00e1rufuvaroz\u00e1s gazdas\u00e1goss\u00e1g\u00e1val kapcsolatos kih\u00edv\u00e1sokat. A tengerj\u00e1r\u00f3 haj\u00f3k ugyanis negat\u00edv vonzer\u0151t keltettek Velenc\u00e9ben az elm\u00falt \u00e9vekben, k\u00fcl\u00f6n\u00f6sen, amikor egy hatalmas MSC haj\u00f3 2019-ben \u00fctk\u00f6z\u00f6tt a Giudecca-csatorn\u00e1n kik\u00f6t\u00f6tt turistahaj\u00f3val, \u00e9s t\u00f6bb ember megsebes\u00fclt. Az esem\u00e9ny v\u00e1rosszerte <a href=\"https:\/\/www.startlap.hu\/utazas\/velence-hajo-turizmus-tuntetes-demonstracio-koronavirus\/\" target=\"_blank\" rel=\"noopener noreferrer\">tiltakoz\u00e1sokat<\/a> v\u00e1ltott ki, sok velencei felsz\u00f3lalt a nagym\u00e9ret\u0171 tengerj\u00e1r\u00f3 haj\u00f3k teljes betilt\u00e1sa mellett &#8211; \u00edrja a <a href=\"https:\/\/www.lonelyplanet.com\/articles\/venice-italy-cruise-ships\" target=\"_blank\" target=\"_blank\" rel=\"noopener noreferrer\">Lonely Planet<\/a>.<\/p>\n<blockquote class=\"article__extraTxt\"><p>A velencei kik\u00f6t\u0151i hat\u00f3s\u00e1g nyilv\u00e1nos konzult\u00e1ci\u00f3t folytat, hogy alternat\u00edv kik\u00f6t\u0151ket tal\u00e1ljon a nagym\u00e9ret\u0171 kont\u00e9nerhaj\u00f3k \u00e9s tengerj\u00e1r\u00f3 haj\u00f3k kezel\u00e9s\u00e9re a lag\u00fan\u00e1n k\u00edv\u00fcl.<\/p><\/blockquote>\n<p>Ez azt jelenti, hogy az \u00f3ri\u00e1sok m\u00e1r nem haladnak el a Szent M\u00e1rk t\u00e9r \u00e9s a Grand Canal mellett, a <a href=\"https:\/\/www.startlap.hu\/utazas\/a-korabbinal-kevesebb-utast-szallithatnak-a-velencei-gondolasok\/\" target=\"_blank\" rel=\"noopener noreferrer\">gondol\u00e1knak<\/a> \u00e9s v\u00edzi taxiknak nem kell osztozkodniuk a belv\u00e1roson. Most, hogy a haj\u00f3k \u00e1tterel\u00e9s\u00e9r\u0151l d\u00f6nt\u00f6ttek, alternat\u00edv \u00fatvonalon kell tov\u00e1bbutazniuk Margher\u00e1ba, <a href=\"https:\/\/www.startlap.hu\/utazas\/velencei-karneval-ures-utcak-2021\/\" target=\"_blank\" rel=\"noopener noreferrer\">Velence<\/a> gyakran figyelmen k\u00edv\u00fcl hagyott ipari k\u00f6zpontj\u00e1ba, am\u00edg \u00e1lland\u00f3 megold\u00e1st nem tal\u00e1lnak.<\/p>\n<figure id=\"attachment_24188\" aria-describedby=\"caption-attachment-24188\" style=\"width: 755px\" class=\"wp-caption alignnone\"><a href=\"https:\/\/www.startlap.hu\/utazas\/uploads\/sites\/3\/2021\/03\/velence_grande_canal.jpg\"><img loading=\"lazy\" decoding=\"async\" class=\"size-article-size-large-image wp-image-24188\" src=\"https:\/\/www.startlap.hu\/utazas\/uploads\/sites\/3\/2021\/03\/velence_grande_canal-755x503.jpg\" alt=\"\" width=\"755\" height=\"503\" srcset=\"https:\/\/www.startlap.hu\/utazas\/uploads\/sites\/3\/2021\/03\/velence_grande_canal-755x503.jpg 755w, https:\/\/www.startlap.hu\/utazas\/uploads\/sites\/3\/2021\/03\/velence_grande_canal-525x350.jpg 525w, https:\/\/www.startlap.hu\/utazas\/uploads\/sites\/3\/2021\/03\/velence_grande_canal.jpg 800w\" sizes=\"auto, (max-width: 755px) 100vw, 755px\" \/><\/a><figcaption id=\"caption-attachment-24188\" class=\"wp-caption-text\">Vizitaxik \u00e9s turistahaj\u00f3k tark\u00edtotta Grande Canal Velenc\u00e9ben, Olaszorsz\u00e1g egyik legn\u00e9pszer\u0171bb v\u00e1ros\u00e1ban (Fot\u00f3: Getty Images).<\/figcaption><\/figure>\n<h2>Megv\u00e1ltozott Velence<\/h2>\n<p>A turizmus le\u00e1llt, a haj\u00f3k elmaradoztak, ennek k\u00f6sz\u00f6nhet\u0151en pedig Velence csatorn\u00e1inak vize szokatlanul tiszta volt. Hatalmas halcsoportokat lehetett \u00faszni l\u00e1tni, \u00e9s a hatty\u00fak \u00e9lvezt\u00e9k a tiszta vizet.<strong> A nagy haj\u00f3k elterel\u00e9s\u00e9r\u0151l sz\u00f3l\u00f3 d\u00f6nt\u00e9s \u00f6r\u00f6mmel t\u00f6lti el a velencei lakosokat<\/strong>, akik aggodalmuknak adtak hangot a fenntarthat\u00f3 turizmus \u00e9s a k\u00f6rnyezetv\u00e9delem \u00e9rdek\u00e9ben az elm\u00falt \u00e9vekben. A turistahaj\u00f3k beenged\u00e9s\u00e9nek megtilt\u00e1sa a kor\u00e1bbi kezdem\u00e9nyez\u00e9sekben nem val\u00f3sult meg, az \u00faj rendelet viszont hivatalosan foglalkozik a k\u00e9rd\u00e9ssel.<\/p>\n<div class=\"o-widget m-readMoreWidget -readMore u-shortDecorLineAfter row widget-container _ce_measure_widget bigdata-widget read-more\" data-ce-measure-widget=\"olvass tov\u00e1bb\">\n\t<div class=\"m-readMoreWidget__imgWrapper image-wrapper col-12 col-md-4 no-p\">\n\t\t<a class=\"m-readMoreWidget__imgLink\" href=\"https:\/\/www.startlap.hu\/utazas\/velence-koronavirus-olaszorszag-turizmus\/\" >\n\t\t\t<img decoding=\"async\" src=\"https:\/\/www.startlap.hu\/utazas\/uploads\/sites\/3\/2020\/04\/velence_getty-350x285.jpg\" class=\"m-readMoreWidget__img\">\n\t\t<\/a>\n\t<\/div>\n\t<div class=\"m-readMoreWidget__titleWrapper title-wrapper col-12 col-md-8\">\n\t\t<span class=\"m-readMoreWidget__titleLabel u-shortDecorLineBefore label hidden-sm-up\">Ez is \u00e9rdekelhet:<\/span>\n\t\t<h3 class=\"m-readMoreWidget__title title\">\n\t\t\t<a class=\"m-readMoreWidget__titleLink -secondFont u-bold u-upperCase\" href=\"https:\/\/www.startlap.hu\/utazas\/velence-koronavirus-olaszorszag-turizmus\/\" >\u00cdgy v\u00e1ltozik meg Velence a j\u00e1rv\u00e1nyhelyzet miatt<\/a>\n\t\t<\/h3>\n\t\t<a class=\"m-readMoreWidget__btn -coloredBack u-tC link\" href=\"https:\/\/www.startlap.hu\/utazas\/velence-koronavirus-olaszorszag-turizmus\/\" >Elolvasom<\/a>\n\t<\/div>\n<\/div>\n","protected":false},"excerpt":{"rendered":"<p>Velence m\u0171v\u00e9szeti, kultur\u00e1lis \u00e9s k\u00f6rnyezeti \u00f6r\u00f6ks\u00e9g\u00e9nek meg\u0151rz\u00e9se \u00e9rdek\u00e9ben az olasz korm\u00e1ny \u00fagy d\u00f6nt\u00f6tt, hogy az \u00f3ri\u00e1si haj\u00f3kat \u00e9s 40 000 tonn\u00e1t meghalad\u00f3 teherforgalmat bonyol\u00edt\u00f3 j\u00e1rm\u0171veket eltereli a t\u00f6rt\u00e9nelmi ter\u00fcletr\u0151l.<\/p>\n","protected":false},"author":43,"featured_media":24188,"comment_status":"open","ping_status":"open","sticky":false,"template":"","format":"standard","meta":{"footnotes":""},"categories":[70],"tags":[15,2590,640],"class_list":["post-24519","post","type-post","status-publish","format-standard","has-post-thumbnail","hentry","category-vilag","tag-olaszorszag","tag-tengerjaro","tag-velence"],"aioseo_notices":[],"_links":{"self":[{"href":"https:\/\/www.startlap.hu\/utazas\/wp-json\/wp\/v2\/posts\/24519","targetHints":{"allow":["GET"]}}],"collection":[{"href":"https:\/\/www.startlap.hu\/utazas\/wp-json\/wp\/v2\/posts"}],"about":[{"href":"https:\/\/www.startlap.hu\/utazas\/wp-json\/wp\/v2\/types\/post"}],"author":[{"embeddable":true,"href":"https:\/\/www.startlap.hu\/utazas\/wp-json\/wp\/v2\/users\/43"}],"replies":[{"embeddable":true,"href":"https:\/\/www.startlap.hu\/utazas\/wp-json\/wp\/v2\/comments?post=24519"}],"version-history":[{"count":3,"href":"https:\/\/www.startlap.hu\/utazas\/wp-json\/wp\/v2\/posts\/24519\/revisions"}],"predecessor-version":[{"id":24523,"href":"https:\/\/www.startlap.hu\/utazas\/wp-json\/wp\/v2\/posts\/24519\/revisions\/24523"}],"wp:featuredmedia":[{"embeddable":true,"href":"https:\/\/www.startlap.hu\/utazas\/wp-json\/wp\/v2\/media\/24188"}],"wp:attachment":[{"href":"https:\/\/www.startlap.hu\/utazas\/wp-json\/wp\/v2\/media?parent=24519"}],"wp:term":[{"taxonomy":"category","embeddable":true,"href":"https:\/\/www.startlap.hu\/utazas\/wp-json\/wp\/v2\/categories?post=24519"},{"taxonomy":"post_tag","embeddable":true,"href":"https:\/\/www.startlap.hu\/utazas\/wp-json\/wp\/v2\/tags?post=24519"}],"curies":[{"name":"wp","href":"https:\/\/api.w.org\/{rel}","templated":true}]}}