{"id":23886,"date":"2021-03-22T15:02:33","date_gmt":"2021-03-22T14:02:33","guid":{"rendered":"https:\/\/www.startlap.hu\/utazas\/?p=23886"},"modified":"2021-03-22T14:42:55","modified_gmt":"2021-03-22T13:42:55","slug":"kijarasi-tilalom-nemetorszag-korlatozas","status":"publish","type":"post","link":"https:\/\/www.startlap.hu\/utazas\/kijarasi-tilalom-nemetorszag-korlatozas\/","title":{"rendered":"Kij\u00e1r\u00e1si tilalmat vezethetnek be N\u00e9metorsz\u00e1gban"},"content":{"rendered":"<p>A SARS-CoV-2 j\u00e1rv\u00e1ny\u00e1nak rohamosan er\u0151s\u00f6d\u0151 harmadik hull\u00e1ma miatt legal\u00e1bb \u00e1prilis 18-ig meg kell hosszabb\u00edtani a m\u00e9g a m\u00e1sodik hull\u00e1m fel\u00edvel\u0151 szakasz\u00e1ban, tavaly novemberben bevezetett \u00e9s t\u00f6bbsz\u00f6r megszigor\u00edtott korl\u00e1toz\u00e1sokat &#8211; legal\u00e1bbis egy kisziv\u00e1rogtatott javaslat szerint, amely a sz\u00f6vets\u00e9gi korm\u00e1ny \u00e9s a tartom\u00e1nyi korm\u00e1nyok vezet\u0151inek h\u00e9tf\u0151i j\u00e1rv\u00e1ny\u00fcgyi tan\u00e1cskoz\u00e1s\u00e1ra k\u00e9sz\u00fclt.&nbsp;Meg kell akad\u00e1lyozni, hogy a j\u00e1rv\u00e1ny a kev\u00e9sb\u00e9 fert\u0151z\u00f6tt ter\u00fcleteken is lend\u00fcletet vegyen, ez\u00e9rt <strong>a lehet\u0151 legnagyobb m\u00e9rt\u00e9kben korl\u00e1tozni kell az emberek mobilit\u00e1s\u00e1t<\/strong> &#8211; mozg\u00e1s\u00e1t -, \u00e9s be kell ind\u00edtani az \u00fagynevezett v\u00e9szf\u00e9k rendszert, amelyet a korm\u00e1nyf\u0151k legut\u00f3bbi, m\u00e1rcius elej\u00e9n tartott tan\u00e1cskoz\u00e1s\u00e1n dolgoztak ki.<\/p>\n<h2>Tov\u00e1bbi int\u00e9zked\u00e9sek is sz\u00fcks\u00e9gesek<\/h2>\n<p>A rendszer l\u00e9nyege, hogy vissza kell \u00e1ll\u00edtani a m\u00e1sodik hull\u00e1m enyh\u00fcl\u00e9se r\u00e9v\u00e9n a h\u00f3nap elej\u00e9n felf\u00fcggesztett korl\u00e1toz\u00e1sokat azokban a tartom\u00e1nyokban, j\u00e1r\u00e1sokban vagy v\u00e1rosokban, amelyekben tart\u00f3san &#8211; egym\u00e1s ut\u00e1n h\u00e1rom nap &#8211; sz\u00e1z f\u00f6l\u00f6tt van az \u00fagynevezett h\u00e9tnapi fert\u0151z\u00e9sgyakoris\u00e1g, vagyis a megel\u0151z\u0151 h\u00e9t napon regisztr\u00e1lt \u00faj fert\u0151z\u0151d\u00e9sek sz\u00e1zezer lakosra vet\u00edtett sz\u00e1ma. Ezt a rendszert \u00faj elemekkel is ki kell eg\u00e9sz\u00edteni, legf\u0151k\u00e9ppen azzal, hogy <strong>\u00e9jszaka mindenki csak halaszthatatlan \u00fcgyben hagyhatja el az otthon\u00e1t,<\/strong> \u00e9s be kell z\u00e1rni az iskol\u00e1kat \u00e9s napk\u00f6zbeni gyermekell\u00e1t\u00f3 int\u00e9zm\u00e9nyeket, ha nem lehet biztos\u00edtani a gyerekek \u00e9s a gondoz\u00f3k, tan\u00e1rok hetente legal\u00e1bb k\u00e9tszeri tesztel\u00e9s\u00e9t a SARS-CoV-2-re &#8211; \u00e1ll a kancell\u00e1ri hivatalban \u00f6ssze\u00e1ll\u00edtott tervezetben.<\/p>\n<figure id=\"attachment_14150\" aria-describedby=\"caption-attachment-14150\" style=\"width: 755px\" class=\"wp-caption alignnone\"><img loading=\"lazy\" decoding=\"async\" class=\"size-article-size-large-image wp-image-14150\" src=\"https:\/\/www.startlap.hu\/utazas\/uploads\/sites\/3\/2020\/07\/koronavirus_autos_utazas-755x440.jpg\" alt=\"covid-19 aut\u00f3s utaz\u00e1s\" width=\"755\" height=\"440\" srcset=\"https:\/\/www.startlap.hu\/utazas\/uploads\/sites\/3\/2020\/07\/koronavirus_autos_utazas-755x440.jpg 755w, https:\/\/www.startlap.hu\/utazas\/uploads\/sites\/3\/2020\/07\/koronavirus_autos_utazas-600x350.jpg 600w, https:\/\/www.startlap.hu\/utazas\/uploads\/sites\/3\/2020\/07\/koronavirus_autos_utazas.jpg 1200w\" sizes=\"auto, (max-width: 755px) 100vw, 755px\" \/><figcaption id=\"caption-attachment-14150\" class=\"wp-caption-text\">Getty Images<\/figcaption><\/figure>\n<p>A sz\u00f6vets\u00e9gi korm\u00e1ny \u00e9s az \u00fagynevezett minisztereln\u00f6ki konferencia (MPK) &#8211; a j\u00e1rv\u00e1ny\u00fcgyi v\u00e9dekez\u00e9s\u00e9rt felel\u0151s tartom\u00e1nyi korm\u00e1nyf\u0151k egyeztet\u0151 test\u00fclete &#8211; tan\u00e1cskoz\u00e1s\u00e1ra k\u00e9sz\u00edtett csomag egy sor tov\u00e1bbi elemet is tartalmaz. Szerepel benne p\u00e9ld\u00e1ul a szoci\u00e1ldemokrata (SPD) vezet\u00e9s\u0171 tartom\u00e1nyok egyik \u00faj javaslata, miszerint a kev\u00e9sb\u00e9 fert\u0151z\u00f6tt r\u00e9gi\u00f3kban biztos\u00edtani kell a lehet\u0151s\u00e9get modellprojektekre, amelyekben azt vizsg\u00e1lj\u00e1k, hogy <strong>mik\u00e9nt lehet a j\u00e1rv\u00e1ny k\u00f6zben biztons\u00e1gosan m\u0171k\u00f6dtetni t\u00e1rsadalmi, gazdas\u00e1gi int\u00e9zm\u00e9nyrendszereket<\/strong>. Ilyen k\u00eds\u00e9rleti programot folytatnak p\u00e9ld\u00e1ul a szoci\u00e1ldemokrata vezet\u00e9s\u0171 Berlinben, ahol az el\u0151ad\u00f3m\u0171v\u00e9szet \u00fajraind\u00edt\u00e1s\u00e1val pr\u00f3b\u00e1lkoznak. A program egyik els\u0151 rendezv\u00e9nyek\u00e9nt a h\u00e9tv\u00e9g\u00e9n tavaly \u0151sz \u00f3ta el\u0151sz\u00f6r ism\u00e9t k\u00f6z\u00f6ns\u00e9g el\u0151tt j\u00e1tszhatott a n\u00e9met f\u0151v\u00e1ros legh\u00edresebb zenekara, a Berlini Filharmonikusok.<\/p>\n<div class=\"o-widget m-readMoreWidget -readMore u-shortDecorLineAfter row widget-container _ce_measure_widget bigdata-widget read-more\" data-ce-measure-widget=\"olvass tov\u00e1bb\">\n\t<div class=\"m-readMoreWidget__imgWrapper image-wrapper col-12 col-md-4 no-p\">\n\t\t<a class=\"m-readMoreWidget__imgLink\" href=\"https:\/\/www.startlap.hu\/utazas\/szlovakia-megtiltja-a-kulfoldi-utazasokat\/\" >\n\t\t\t<img decoding=\"async\" src=\"https:\/\/www.startlap.hu\/utazas\/uploads\/sites\/3\/2021\/03\/pozsony_l\u00e1tk\u00e9p_duna_h\u00edd-350x285.jpg\" class=\"m-readMoreWidget__img\">\n\t\t<\/a>\n\t<\/div>\n\t<div class=\"m-readMoreWidget__titleWrapper title-wrapper col-12 col-md-8\">\n\t\t<span class=\"m-readMoreWidget__titleLabel u-shortDecorLineBefore label hidden-sm-up\">Ez is \u00e9rdekelhet:<\/span>\n\t\t<h3 class=\"m-readMoreWidget__title title\">\n\t\t\t<a class=\"m-readMoreWidget__titleLink -secondFont u-bold u-upperCase\" href=\"https:\/\/www.startlap.hu\/utazas\/szlovakia-megtiltja-a-kulfoldi-utazasokat\/\" >Szlov\u00e1kia megtiltja a k\u00fclf\u00f6ldi utaz\u00e1sokat<\/a>\n\t\t<\/h3>\n\t\t<a class=\"m-readMoreWidget__btn -coloredBack u-tC link\" href=\"https:\/\/www.startlap.hu\/utazas\/szlovakia-megtiltja-a-kulfoldi-utazasokat\/\" >Elolvasom<\/a>\n\t<\/div>\n<\/div>\n<p>(MTI)<\/p>\n","protected":false},"excerpt":{"rendered":"<p>\u00c9jszakai kij\u00e1r\u00e1si tilalmat vezethetnek be N\u00e9metorsz\u00e1gban az \u00faj t\u00edpus\u00fa koronav\u00edrussal (SARS-CoV-2) legink\u00e1bb fert\u0151z\u00f6tt t\u00e9rs\u00e9gekben.<\/p>\n","protected":false},"author":43,"featured_media":14150,"comment_status":"open","ping_status":"open","sticky":false,"template":"","format":"standard","meta":{"footnotes":""},"categories":[70],"tags":[3035,2003,193],"class_list":["post-23886","post","type-post","status-publish","format-standard","has-post-thumbnail","hentry","category-vilag","tag-ejszakai-kijarasi-tilalom","tag-korlatozas","tag-nemetorszag"],"aioseo_notices":[],"_links":{"self":[{"href":"https:\/\/www.startlap.hu\/utazas\/wp-json\/wp\/v2\/posts\/23886","targetHints":{"allow":["GET"]}}],"collection":[{"href":"https:\/\/www.startlap.hu\/utazas\/wp-json\/wp\/v2\/posts"}],"about":[{"href":"https:\/\/www.startlap.hu\/utazas\/wp-json\/wp\/v2\/types\/post"}],"author":[{"embeddable":true,"href":"https:\/\/www.startlap.hu\/utazas\/wp-json\/wp\/v2\/users\/43"}],"replies":[{"embeddable":true,"href":"https:\/\/www.startlap.hu\/utazas\/wp-json\/wp\/v2\/comments?post=23886"}],"version-history":[{"count":1,"href":"https:\/\/www.startlap.hu\/utazas\/wp-json\/wp\/v2\/posts\/23886\/revisions"}],"predecessor-version":[{"id":23915,"href":"https:\/\/www.startlap.hu\/utazas\/wp-json\/wp\/v2\/posts\/23886\/revisions\/23915"}],"wp:featuredmedia":[{"embeddable":true,"href":"https:\/\/www.startlap.hu\/utazas\/wp-json\/wp\/v2\/media\/14150"}],"wp:attachment":[{"href":"https:\/\/www.startlap.hu\/utazas\/wp-json\/wp\/v2\/media?parent=23886"}],"wp:term":[{"taxonomy":"category","embeddable":true,"href":"https:\/\/www.startlap.hu\/utazas\/wp-json\/wp\/v2\/categories?post=23886"},{"taxonomy":"post_tag","embeddable":true,"href":"https:\/\/www.startlap.hu\/utazas\/wp-json\/wp\/v2\/tags?post=23886"}],"curies":[{"name":"wp","href":"https:\/\/api.w.org\/{rel}","templated":true}]}}