{"id":23807,"date":"2021-03-18T21:43:39","date_gmt":"2021-03-18T20:43:39","guid":{"rendered":"https:\/\/www.startlap.hu\/utazas\/?p=23807"},"modified":"2021-03-18T21:43:39","modified_gmt":"2021-03-18T20:43:39","slug":"szlovakia-megtiltja-a-kulfoldi-utazasokat","status":"publish","type":"post","link":"https:\/\/www.startlap.hu\/utazas\/szlovakia-megtiltja-a-kulfoldi-utazasokat\/","title":{"rendered":"Szlov\u00e1kia megtiltja a k\u00fclf\u00f6ldi utaz\u00e1sokat"},"content":{"rendered":"<p>Az int\u00e9zked\u00e9st a szombatt\u00f3l m\u00e1r negyedik alkalommal meghosszabb\u00edtott v\u00e9szhelyzet hat\u00e1lybal\u00e9p\u00e9s\u00e9vel egy id\u0151ben kezdik majd ellen\u0151rizni a <a href=\"https:\/\/www.startlap.hu\/utazas\/atadtak-a-komaromi-uj-duna-hidat\/\" target=\"_blank\" rel=\"noopener noreferrer\"><strong>szlov\u00e1k<\/strong><\/a> hat\u00e1rokon \u00e9s rep\u00fcl\u0151tereken. A szlov\u00e1k rend\u0151rs\u00e9g k\u00f6zl\u00e9se szerint a k\u00fclf\u00f6ldre utaz\u00f3knak igazolniuk kell majd, hogy nem turizmus c\u00e9lj\u00e1b\u00f3l l\u00e9pik \u00e1t a hat\u00e1rt.<\/p>\n<h2>Egy bels\u0151 vita vezetett az int\u00e9zked\u00e9shez<\/h2>\n<p><strong>A korl\u00e1toz\u00e1st azzal indokolta a pozsonyi korm\u00e1ny, hogy ily m\u00f3don akarja orvosolni azt az ideiglenesen fenn\u00e1llt &#8222;igazs\u00e1gtalan&#8221; \u00e1llapotot,<\/strong> hogy a febru\u00e1rban \u00e9rv\u00e9nybe l\u00e9pett j\u00e1rv\u00e1ny\u00fcgyi korl\u00e1toz\u00e1sok alapj\u00e1n &#8211; n\u00e9h\u00e1ny indokolt kiv\u00e9tellel &#8211; tilos az egyes j\u00e1r\u00e1sok k\u00f6z\u00f6tt utazni, ugyanakkor a k\u00fclf\u00f6ldre utaz\u00e1s b\u00e1rmilyen c\u00e9llal megengedett volt.<\/p>\n<div class=\"o-widget m-readMoreWidget -readMore u-shortDecorLineAfter row widget-container _ce_measure_widget bigdata-widget read-more\" data-ce-measure-widget=\"olvass tov\u00e1bb\">\n\t<div class=\"m-readMoreWidget__imgWrapper image-wrapper col-12 col-md-4 no-p\">\n\t\t<a class=\"m-readMoreWidget__imgLink\" href=\"https:\/\/www.startlap.hu\/utazas\/pozsony-az-egykori-koronazovaros\/\" >\n\t\t\t<img decoding=\"async\" src=\"https:\/\/www.startlap.hu\/utazas\/uploads\/sites\/3\/2020\/08\/Pozsony-Duna-utazas-350x285.jpg\" class=\"m-readMoreWidget__img\">\n\t\t<\/a>\n\t<\/div>\n\t<div class=\"m-readMoreWidget__titleWrapper title-wrapper col-12 col-md-8\">\n\t\t<span class=\"m-readMoreWidget__titleLabel u-shortDecorLineBefore label hidden-sm-up\">Ez is \u00e9rdekelhet:<\/span>\n\t\t<h3 class=\"m-readMoreWidget__title title\">\n\t\t\t<a class=\"m-readMoreWidget__titleLink -secondFont u-bold u-upperCase\" href=\"https:\/\/www.startlap.hu\/utazas\/pozsony-az-egykori-koronazovaros\/\" >Pozsony, az egykori koron\u00e1z\u00f3v\u00e1ros<\/a>\n\t\t<\/h3>\n\t\t<a class=\"m-readMoreWidget__btn -coloredBack u-tC link\" href=\"https:\/\/www.startlap.hu\/utazas\/pozsony-az-egykori-koronazovaros\/\" >Elolvasom<\/a>\n\t<\/div>\n<\/div>\n<p><strong>Szlov\u00e1ki\u00e1ban febru\u00e1r 8-t\u00f3l l\u00e9pett m\u0171k\u00f6d\u00e9sbe az \u00fagynevezett Covid-automata,<\/strong> ami olyan int\u00e9zked\u00e9si keretrendszer, amely a <strong><a href=\"https:\/\/wiki.startlap.hu\/hogyan-lehet-kezelni-a-koronavirust\/\" target=\"_blank\" rel=\"noopener noreferrer\">j\u00e1rv\u00e1nyint\u00e9zked\u00e9sek<\/a><\/strong> enyh\u00edt\u00e9s\u00e9nek vagy szigor\u00edt\u00e1s\u00e1nak automatiz\u00e1l\u00e1s\u00e1t hivatott szolg\u00e1lni a fert\u0151z\u00f6ttek aktu\u00e1lis sz\u00e1m\u00e1nak t\u00fckr\u00e9ben.<\/p>\n<h2>Rendszerszinten tartja fent a bels\u0151 utaz\u00e1sokat<\/h2>\n<p><strong>Ez a rendszer heti szinten &#8211; az aktu\u00e1lis fert\u0151z\u00f6tts\u00e9gi adatokat figyelembe v\u00e9ve &#8211; szigor\u00edt vagy enyh\u00edt a korl\u00e1toz\u00e1sokon, amelyeket az egyes j\u00e1r\u00e1sokban be kell tartani.<\/strong> Ezek k\u00f6z\u00e9 a korl\u00e1toz\u00e1sok k\u00f6z\u00e9 tartozik az is, hogy az adott j\u00e1r\u00e1sb\u00f3l vagy j\u00e1r\u00e1sba korl\u00e1toz\u00e1sok n\u00e9lk\u00fcl szabad-e ki- vagy beutazni.<\/p>\n<div class=\"o-widget m-readMoreWidget -readMore u-shortDecorLineAfter row widget-container _ce_measure_widget bigdata-widget read-more\" data-ce-measure-widget=\"olvass tov\u00e1bb\">\n\t<div class=\"m-readMoreWidget__imgWrapper image-wrapper col-12 col-md-4 no-p\">\n\t\t<a class=\"m-readMoreWidget__imgLink\" href=\"https:\/\/www.startlap.hu\/utazas\/harom-hid-epul-majd-az-ipolyon\/\" >\n\t\t\t<img decoding=\"async\" src=\"https:\/\/www.startlap.hu\/utazas\/uploads\/sites\/3\/2021\/01\/D_KOM20200313005-350x285.jpg\" class=\"m-readMoreWidget__img\">\n\t\t<\/a>\n\t<\/div>\n\t<div class=\"m-readMoreWidget__titleWrapper title-wrapper col-12 col-md-8\">\n\t\t<span class=\"m-readMoreWidget__titleLabel u-shortDecorLineBefore label hidden-sm-up\">Ez is \u00e9rdekelhet:<\/span>\n\t\t<h3 class=\"m-readMoreWidget__title title\">\n\t\t\t<a class=\"m-readMoreWidget__titleLink -secondFont u-bold u-upperCase\" href=\"https:\/\/www.startlap.hu\/utazas\/harom-hid-epul-majd-az-ipolyon\/\" >H\u00e1rom h\u00edd \u00e9p\u00fcl majd az Ipolyon<\/a>\n\t\t<\/h3>\n\t\t<a class=\"m-readMoreWidget__btn -coloredBack u-tC link\" href=\"https:\/\/www.startlap.hu\/utazas\/harom-hid-epul-majd-az-ipolyon\/\" >Elolvasom<\/a>\n\t<\/div>\n<\/div>\n<p>A szlov\u00e1k Nemzeti Eg\u00e9szs\u00e9g\u00fcgyi Inform\u00e1ci\u00f3s K\u00f6zpont adatai szerint a PCR teszttel \u00fajonnan kimutatott <a href=\"https:\/\/wiki.startlap.hu\/milyenek-a-koronavirus-tunetei\/\" target=\"_blank\" rel=\"noopener noreferrer\"><strong>koronav\u00edrus-fert\u0151z\u00e9sek<\/strong><\/a> sz\u00e1m\u00e1nak heti \u00e1tlaga <strong>az elm\u00falt hetekben nem mutatott l\u00e9nyeges v\u00e1ltoz\u00e1st<\/strong>, napi szinten k\u00e9tezer \u00e9s k\u00e9tezer\u00f6tsz\u00e1z k\u00f6z\u00f6tt mozgott a mintegy 5 \u00e9s f\u00e9l milli\u00f3 lakos\u00fa orsz\u00e1gban.<\/p>\n","protected":false},"excerpt":{"rendered":"<p>A szlov\u00e1k \u00e1llampolg\u00e1rok sz\u00e1m\u00e1ra szombatt\u00f3l tilos lesz k\u00fclf\u00f6ldi utaz\u00e1s c\u00e9lj\u00e1b\u00f3l elhagyni az orsz\u00e1got &#8211; k\u00f6z\u00f6lte a pozsonyi kabinet d\u00f6nt\u00e9s\u00e9re hivatkozva a TASR, szlov\u00e1k k\u00f6zszolg\u00e1lati h\u00edr\u00fcgyn\u00f6ks\u00e9g cs\u00fct\u00f6rt\u00f6k\u00f6n.<\/p>\n","protected":false},"author":8,"featured_media":23808,"comment_status":"open","ping_status":"open","sticky":false,"template":"","format":"standard","meta":{"footnotes":""},"categories":[70],"tags":[1336,1637,3847],"class_list":["post-23807","post","type-post","status-publish","format-standard","has-post-thumbnail","hentry","category-vilag","tag-koronavirus-jarvany","tag-szlovakia","tag-tilalom"],"aioseo_notices":[],"_links":{"self":[{"href":"https:\/\/www.startlap.hu\/utazas\/wp-json\/wp\/v2\/posts\/23807","targetHints":{"allow":["GET"]}}],"collection":[{"href":"https:\/\/www.startlap.hu\/utazas\/wp-json\/wp\/v2\/posts"}],"about":[{"href":"https:\/\/www.startlap.hu\/utazas\/wp-json\/wp\/v2\/types\/post"}],"author":[{"embeddable":true,"href":"https:\/\/www.startlap.hu\/utazas\/wp-json\/wp\/v2\/users\/8"}],"replies":[{"embeddable":true,"href":"https:\/\/www.startlap.hu\/utazas\/wp-json\/wp\/v2\/comments?post=23807"}],"version-history":[{"count":5,"href":"https:\/\/www.startlap.hu\/utazas\/wp-json\/wp\/v2\/posts\/23807\/revisions"}],"predecessor-version":[{"id":23813,"href":"https:\/\/www.startlap.hu\/utazas\/wp-json\/wp\/v2\/posts\/23807\/revisions\/23813"}],"wp:featuredmedia":[{"embeddable":true,"href":"https:\/\/www.startlap.hu\/utazas\/wp-json\/wp\/v2\/media\/23808"}],"wp:attachment":[{"href":"https:\/\/www.startlap.hu\/utazas\/wp-json\/wp\/v2\/media?parent=23807"}],"wp:term":[{"taxonomy":"category","embeddable":true,"href":"https:\/\/www.startlap.hu\/utazas\/wp-json\/wp\/v2\/categories?post=23807"},{"taxonomy":"post_tag","embeddable":true,"href":"https:\/\/www.startlap.hu\/utazas\/wp-json\/wp\/v2\/tags?post=23807"}],"curies":[{"name":"wp","href":"https:\/\/api.w.org\/{rel}","templated":true}]}}