{"id":22360,"date":"2021-02-13T10:33:12","date_gmt":"2021-02-13T09:33:12","guid":{"rendered":"https:\/\/www.startlap.hu\/utazas\/?p=22360"},"modified":"2021-02-12T16:19:52","modified_gmt":"2021-02-12T15:19:52","slug":"vendegejszakak-szama-december-szallashely-vendegek","status":"publish","type":"post","link":"https:\/\/www.startlap.hu\/utazas\/vendegejszakak-szama-december-szallashely-vendegek\/","title":{"rendered":"93%-kal cs\u00f6kkent a vend\u00e9g\u00e9jszak\u00e1k sz\u00e1ma 2019 december\u00e9hez k\u00e9pest"},"content":{"rendered":"<p class=\"lead\">A beutaz\u00e1si korl\u00e1toz\u00e1sok, illetve a kereskedelmi sz\u00e1ll\u00e1shelyekre vonatkoz\u00f3, a j\u00e1rv\u00e1ny megf\u00e9kez\u00e9s\u00e9t c\u00e9lz\u00f3 v\u00e9delmi int\u00e9zked\u00e9sek&nbsp;<span title=\"2020. november 10. ut\u00e1n a koronav\u00edrus okozta j\u00e1rv\u00e1ny m\u00e1sodik hull\u00e1m\u00e1nak megf\u00e9kez\u00e9s\u00e9re ir\u00e1nyul\u00f3 v\u00e9delmi int\u00e9zked\u00e9sek \u00e9rtelm\u00e9ben a kereskedelmi sz\u00e1ll\u00e1shelyek turist\u00e1kat nem, csak \u00fczleti, gazdas\u00e1gi vagy oktat\u00e1si c\u00e9lb\u00f3l \u00e9rkez\u0151 vend\u00e9geket fogadhatnak.\">hat\u00e1s\u00e1ra<\/span>&nbsp;a belf\u00f6ldi vend\u00e9gek \u00e1ltal a kereskedelmi&nbsp;<span title=\"A mag\u00e1n- \u00e9s egy\u00e9b sz\u00e1ll\u00e1shelyek nem tartoznak a kereskedelmi sz\u00e1ll\u00e1shelyek k\u00f6z\u00e9.\">sz\u00e1ll\u00e1shelyeken<\/span> (sz\u00e1llod\u00e1kban, panzi\u00f3kban, kempingekben, \u00fcd\u00fcl\u0151h\u00e1ztelepeken, valamint k\u00f6z\u00f6ss\u00e9gi sz\u00e1ll\u00e1shelyeken) elt\u00f6lt\u00f6tt \u00e9jszak\u00e1k sz\u00e1ma 89%-kal visszaesett az el\u0151z\u0151 \u00e9v azonos id\u0151szak\u00e1hoz k\u00e9pest.<\/p>\n<blockquote class=\"article__extraTxt\">\n<p class=\"lead\">A k\u00fclf\u00f6ldi vend\u00e9gek \u00e1ltal elt\u00f6lt\u00f6tt \u00e9jszak\u00e1k sz\u00e1ma 96%-kal cs\u00f6kkent.<\/p>\n<\/blockquote>\n<p class=\"lead\">Az \u00f6sszes vend\u00e9g\u00e9jszaka 70%-\u00e1t a belf\u00f6ldi vend\u00e9gek t\u00f6lt\u00f6tt\u00e9k el. A kereskedelmi sz\u00e1ll\u00e1shelyek \u2013 foly\u00f3 \u00e1ron sz\u00e1molt \u2013 \u00f6sszes brutt\u00f3 \u00e1rbev\u00e9tele 93%-kal volt kevesebb az el\u0151z\u0151 \u00e9v decemberin\u00e9l. A belf\u00f6ldi vend\u00e9g\u00e9jszak\u00e1k sz\u00e1ma a szezon\u00e1lisan \u00e9s a napt\u00e1rhat\u00e1ssal kiigaz\u00edtott adatok alapj\u00e1n az el\u0151z\u0151 h\u00f3naphoz m\u00e9rten 53%-kal cs\u00f6kkent. 2020-ban a vend\u00e9g\u00e9jszak\u00e1k sz\u00e1ma 58%-kal volt kevesebb, mint 2019-ben &#8211; <a href=\"https:\/\/www.ksh.hu\/docs\/hun\/xftp\/gyor\/ksz\/ksz2012.html\" target=\"_blank\" target=\"_blank\" rel=\"noopener noreferrer\">\u00e1ll a KSH t\u00e1j\u00e9koztat\u00f3j\u00e1ban<\/a>.<\/p>\n<div class=\"o-widget m-readMoreWidget -readMore u-shortDecorLineAfter row widget-container _ce_measure_widget bigdata-widget read-more\" data-ce-measure-widget=\"olvass tov\u00e1bb\">\n\t<div class=\"m-readMoreWidget__imgWrapper image-wrapper col-12 col-md-4 no-p\">\n\t\t<a class=\"m-readMoreWidget__imgLink\" href=\"https:\/\/www.startlap.hu\/utazas\/belfoldi-turizmus-2020-nyaralas-balaton-magyarorszag\/\" >\n\t\t\t<img decoding=\"async\" src=\"https:\/\/www.startlap.hu\/utazas\/uploads\/sites\/3\/2020\/10\/balaton_tofelulet-350x285.jpg\" class=\"m-readMoreWidget__img\">\n\t\t<\/a>\n\t<\/div>\n\t<div class=\"m-readMoreWidget__titleWrapper title-wrapper col-12 col-md-8\">\n\t\t<span class=\"m-readMoreWidget__titleLabel u-shortDecorLineBefore label hidden-sm-up\">Ez is \u00e9rdekelhet:<\/span>\n\t\t<h3 class=\"m-readMoreWidget__title title\">\n\t\t\t<a class=\"m-readMoreWidget__titleLink -secondFont u-bold u-upperCase\" href=\"https:\/\/www.startlap.hu\/utazas\/belfoldi-turizmus-2020-nyaralas-balaton-magyarorszag\/\" >Itt nyaraltunk a legt\u00f6bben 2020-ban<\/a>\n\t\t<\/h3>\n\t\t<a class=\"m-readMoreWidget__btn -coloredBack u-tC link\" href=\"https:\/\/www.startlap.hu\/utazas\/belfoldi-turizmus-2020-nyaralas-balaton-magyarorszag\/\" >Elolvasom<\/a>\n\t<\/div>\n<\/div>\n<h2>Szinte elt\u0171ntek a k\u00fclf\u00f6ldi vend\u00e9gek<\/h2>\n<p class=\"bp\">A&nbsp;belf\u00f6ldi&nbsp;vend\u00e9gek sz\u00e1ma 92, a vend\u00e9g\u00e9jszak\u00e1k\u00e9 89<span class=\"nowrap\">%-<\/span>kal lett kisebb 2020. decemberben az el\u0151z\u0151 \u00e9v azonos h\u00f3napj\u00e1hoz k\u00e9pest. A vend\u00e9gsz\u00e1m 33 ezer, az elt\u00f6lt\u00f6tt vend\u00e9g\u00e9jszak\u00e1k\u00e9 104 ezer volt. <strong>Az \u00e9jszak\u00e1k 58<span class=\"nowrap\">%-<\/span>\u00e1t sz\u00e1llod\u00e1kban t\u00f6lt\u00f6tt\u00e9k<\/strong>, ahol a cs\u00f6kken\u00e9s m\u00e9rt\u00e9ke 92<span class=\"nowrap\">%-<\/span>os volt. A&nbsp;panzi\u00f3kban \u00e9s a k\u00f6z\u00f6ss\u00e9gi sz\u00e1ll\u00e1shelyeken az el\u0151z\u0151 \u00e9v decemberi forgalom k\u00f6zel harmada (29, illetve 32<span class=\"nowrap\">%-<\/span>a) jelentkezett. A visszaes\u00e9s a Balatoni turisztikai r\u00e9gi\u00f3t \u00e9rintette legink\u00e1bb. A&nbsp;k\u00fclf\u00f6ldi&nbsp;vend\u00e9gek sz\u00e1ma 97, a vend\u00e9g\u00e9jszak\u00e1k\u00e9 96<span class=\"nowrap\">%-<\/span>kal visszaesett. A&nbsp;sz\u00e1ll\u00e1shelyekre \u00e9rkezett 14 ezer vend\u00e9g 44 ezer vend\u00e9g\u00e9jszak\u00e1t t\u00f6lt\u00f6tt el. A&nbsp;vend\u00e9gek nagy r\u00e9sze sz\u00e1llod\u00e1ban sz\u00e1llt meg, ennek ellen\u00e9re az ott elt\u00f6lt\u00f6tt \u00e9jszak\u00e1k sz\u00e1ma 3,4<span class=\"nowrap\">%-<\/span>ra cs\u00f6kkent. A&nbsp;legnagyobb m\u00e9rt\u00e9k\u0171 (99, illetve 98<span class=\"nowrap\">%-<\/span>os) cs\u00f6kken\u00e9s a Balatoni turisztikai r\u00e9gi\u00f3ban, illetve Budapesten t\u00f6rt\u00e9nt. Az&nbsp;\u00f6sszes brutt\u00f3&nbsp;\u00e1rbev\u00e9tel&nbsp;foly\u00f3 \u00e1ron 93<span class=\"nowrap\">%-<\/span>kal (2,9 milli\u00e1rd forintra) esett vissza.<\/p>\n<figure id=\"attachment_10374\" aria-describedby=\"caption-attachment-10374\" style=\"width: 755px\" class=\"wp-caption alignnone\"><img loading=\"lazy\" decoding=\"async\" class=\"size-article-size-large-image wp-image-10374\" src=\"https:\/\/www.startlap.hu\/utazas\/uploads\/sites\/3\/2020\/05\/hotelszoba-755x449.jpg\" alt=\"sz\u00e1llodaszoba\" width=\"755\" height=\"449\" srcset=\"https:\/\/www.startlap.hu\/utazas\/uploads\/sites\/3\/2020\/05\/hotelszoba-755x449.jpg 755w, https:\/\/www.startlap.hu\/utazas\/uploads\/sites\/3\/2020\/05\/hotelszoba-588x350.jpg 588w, https:\/\/www.startlap.hu\/utazas\/uploads\/sites\/3\/2020\/05\/hotelszoba.jpg 1200w\" sizes=\"auto, (max-width: 755px) 100vw, 755px\" \/><figcaption id=\"caption-attachment-10374\" class=\"wp-caption-text\">Getty Images<\/figcaption><\/figure>\n<p>2020. decemberben 1221 kereskedelmi sz\u00e1ll\u00e1shely, k\u00f6zt\u00fck 451 sz\u00e1lloda \u00e9s 544 panzi\u00f3 volt nyitva a h\u00f3nap egy r\u00e9sz\u00e9ben vagy eg\u00e9sz\u00e9ben. 2020. janu\u00e1r\u2013decemberben az el\u0151z\u0151 \u00e9v azonos id\u0151szak\u00e1hoz k\u00e9pest a kereskedelmi sz\u00e1ll\u00e1shelyek 58<span class=\"nowrap\">%-<\/span>kal kevesebb,&nbsp;\u00f6sszesen&nbsp;13 milli\u00f3 vend\u00e9g\u00e9jszak\u00e1t regisztr\u00e1ltak. A&nbsp;<strong>belf\u00f6ldi&nbsp;vend\u00e9gek 39, a&nbsp;k\u00fclf\u00f6ldiek 77<span class=\"nowrap\">%-<\/span>kal kevesebb (9,6 milli\u00f3, illetve 3,7 milli\u00f3)<\/strong> vend\u00e9g\u00e9jszak\u00e1t t\u00f6lt\u00f6ttek a kereskedelmi sz\u00e1ll\u00e1shelyeken. A&nbsp;kereskedelmi sz\u00e1ll\u00e1shelyek \u00f6sszes brutt\u00f3 \u00e1rbev\u00e9tele foly\u00f3 \u00e1ron 59<span class=\"nowrap\">%-<\/span>kal cs\u00f6kkent, \u00e9s 228 milli\u00e1rd forintot tett ki.<\/p>\n","protected":false},"excerpt":{"rendered":"<p>A\u00a0k\u00fclf\u00f6ldi\u00a0vend\u00e9gek sz\u00e1ma 97, a vend\u00e9g\u00e9jszak\u00e1k\u00e9 96%-kal visszaesett.<\/p>\n","protected":false},"author":43,"featured_media":10374,"comment_status":"open","ping_status":"open","sticky":false,"template":"","format":"standard","meta":{"footnotes":""},"categories":[7],"tags":[66,408,2454],"class_list":["post-22360","post","type-post","status-publish","format-standard","has-post-thumbnail","hentry","category-belfold-utazas","tag-szallas","tag-turizmus","tag-vendegejszaka"],"aioseo_notices":[],"_links":{"self":[{"href":"https:\/\/www.startlap.hu\/utazas\/wp-json\/wp\/v2\/posts\/22360","targetHints":{"allow":["GET"]}}],"collection":[{"href":"https:\/\/www.startlap.hu\/utazas\/wp-json\/wp\/v2\/posts"}],"about":[{"href":"https:\/\/www.startlap.hu\/utazas\/wp-json\/wp\/v2\/types\/post"}],"author":[{"embeddable":true,"href":"https:\/\/www.startlap.hu\/utazas\/wp-json\/wp\/v2\/users\/43"}],"replies":[{"embeddable":true,"href":"https:\/\/www.startlap.hu\/utazas\/wp-json\/wp\/v2\/comments?post=22360"}],"version-history":[{"count":1,"href":"https:\/\/www.startlap.hu\/utazas\/wp-json\/wp\/v2\/posts\/22360\/revisions"}],"predecessor-version":[{"id":22361,"href":"https:\/\/www.startlap.hu\/utazas\/wp-json\/wp\/v2\/posts\/22360\/revisions\/22361"}],"wp:featuredmedia":[{"embeddable":true,"href":"https:\/\/www.startlap.hu\/utazas\/wp-json\/wp\/v2\/media\/10374"}],"wp:attachment":[{"href":"https:\/\/www.startlap.hu\/utazas\/wp-json\/wp\/v2\/media?parent=22360"}],"wp:term":[{"taxonomy":"category","embeddable":true,"href":"https:\/\/www.startlap.hu\/utazas\/wp-json\/wp\/v2\/categories?post=22360"},{"taxonomy":"post_tag","embeddable":true,"href":"https:\/\/www.startlap.hu\/utazas\/wp-json\/wp\/v2\/tags?post=22360"}],"curies":[{"name":"wp","href":"https:\/\/api.w.org\/{rel}","templated":true}]}}