{"id":22055,"date":"2021-02-03T15:58:33","date_gmt":"2021-02-03T14:58:33","guid":{"rendered":"https:\/\/www.startlap.hu\/utazas\/?p=22055"},"modified":"2021-02-03T15:58:33","modified_gmt":"2021-02-03T14:58:33","slug":"budapesten-ad-koncertet-the-weeknd-jovo-novemberben","status":"publish","type":"post","link":"https:\/\/www.startlap.hu\/utazas\/budapesten-ad-koncertet-the-weeknd-jovo-novemberben\/","title":{"rendered":"Budapesten ad koncertet The Weeknd j\u00f6v\u0151 novemberben"},"content":{"rendered":"<p>A 104 \u00e1llom\u00e1sb\u00f3l \u00e1ll\u00f3 2022-es turn\u00e9 janu\u00e1r 14-\u00e9n indul majd a vancouveri Rogers Ar\u00e9n\u00e1ban, \u00e9s t\u00f6bbek k\u00f6z\u00f6tt Chicago, Los Angeles, Miami, Madrid, P\u00e1rizs, Berlin \u00e9s Budapest ut\u00e1n november 16-\u00e1n fejez\u0151dik be a londoni O2 Ar\u00e9n\u00e1ban.<\/p>\n<figure id=\"attachment_22056\" aria-describedby=\"caption-attachment-22056\" style=\"width: 755px\" class=\"wp-caption alignnone\"><img loading=\"lazy\" decoding=\"async\" class=\"wp-image-22056 size-article-size-large-image\" src=\"https:\/\/www.startlap.hu\/utazas\/uploads\/sites\/3\/2021\/02\/The_Weeknd_alapkep_1200x514-755x323.jpg\" alt=\"\" width=\"755\" height=\"323\" srcset=\"https:\/\/www.startlap.hu\/utazas\/uploads\/sites\/3\/2021\/02\/The_Weeknd_alapkep_1200x514-755x323.jpg 755w, https:\/\/www.startlap.hu\/utazas\/uploads\/sites\/3\/2021\/02\/The_Weeknd_alapkep_1200x514-740x317.jpg 740w, https:\/\/www.startlap.hu\/utazas\/uploads\/sites\/3\/2021\/02\/The_Weeknd_alapkep_1200x514.jpg 1200w\" sizes=\"auto, (max-width: 755px) 100vw, 755px\" \/><figcaption id=\"caption-attachment-22056\" class=\"wp-caption-text\">The Weeknd koncert Budapesten<\/figcaption><\/figure>\n<p>A vil\u00e1gk\u00f6r\u00fcli turn\u00e9 bejelent\u00e9se csak n\u00e9h\u00e1ny nappal el\u0151zi meg a multi-platina elad\u00e1sokat produk\u00e1l\u00f3 \u00e9nekes Super Bowl fell\u00e9p\u00e9s\u00e9t, \u00e9s tartalmaz egy maroknyi \u00e1t\u00fctemezett d\u00e1tumot is, amelyek \u00edgy a kib\u0151v\u00edtett 2022-es After Hours World Tour r\u00e9sz\u00e9v\u00e9 v\u00e1lnak. A 39 \u00fajabb koncert hozz\u00e1ad\u00e1s\u00e1val &#8211; k\u00f6zt\u00fck a <strong>november 4-i budapesti fell\u00e9p\u00e9s<\/strong><strong>sel<\/strong>, \u2013 egyidej\u0171leg The Weeknd febru\u00e1r 5-\u00e9n, p\u00e9nteken megjelenteti The Highlights c\u00edm\u0171 anyag\u00e1t is, amelyre legismertebb m\u0171veit gy\u0171jt\u00f6tte egybe. Noha ez nem egy \u201eGreatest Hits\u201d album, m\u00e9gis az \u00fajabb rajong\u00f3k sz\u00e1m\u00e1ra seg\u00edts\u00e9get ny\u00fajthat korunk egyik legkeresettebb el\u0151ad\u00f3j\u00e1nak legjobb \u00e9s legn\u00e9pszer\u0171bb dalaiban val\u00f3 eligazod\u00e1sra. A lemez &nbsp;m\u00e1r el\u0151rendelhet\u0151 <a href=\"http:\/\/theweeknd.co\/thehighlights\" target=\"_blank\">ITT.<\/a><\/p>\n<blockquote class=\"article__extraTxt\"><p>T\u00f6bb mint egy \u00e9vvel a megjelen\u00e9se ut\u00e1n \u201cBlinding Lights\u201d sl\u00e1gere m\u00e9g mindig rekordokat d\u00f6nt, hete az els\u0151 t\u00edzben, \u00e9s azon bel\u00fcl m\u00e1r 38. hete az amerikai sl\u00e1gerlista els\u0151 5 helyezettje k\u00f6z\u00f6tt tal\u00e1lhat\u00f3.<\/p><\/blockquote>\n<p>A budapesti koncertre jegyek febru\u00e1r 8-\u00e1n, 10 \u00f3r\u00e1t\u00f3l kaphat\u00f3k a <a href=\"http:\/\/www.livenation.hu\" target=\"_blank\">www.livenation.hu<\/a> \u00e9s a <a href=\"http:\/\/www.funcode.hu\" target=\"_blank\">www.funcode.hu<\/a> oldalakon kereszt\u00fcl. A fell\u00e9p\u00e9sre limit\u00e1lt sz\u00e1mban VIP csomagok is el\u00e9rhet\u0151k.<\/p>\n","protected":false},"excerpt":{"rendered":"<p>The Weeknd bejelentette sz\u00ednpadi visszat\u00e9r\u00e9s\u00e9t az After Hours elnevez\u00e9s\u0171 vil\u00e1gk\u00f6r\u00fcli turn\u00e9j\u00e1val &#8211; ez a v\u00e1rva v\u00e1rt, szenz\u00e1ci\u00f3s koncert 2022. november 4-\u00e9n a Budapest Ar\u00e9n\u00e1ban is l\u00e1that\u00f3 lesz! A jegy\u00e9rt\u00e9kes\u00edt\u00e9s az \u00e9nekes Super Bowl fell\u00e9p\u00e9s\u00e9t k\u00f6vet\u0151en, febru\u00e1r 8-\u00e1n 10 \u00f3rakor indul.<\/p>\n","protected":false},"author":43,"featured_media":22056,"comment_status":"open","ping_status":"open","sticky":false,"template":"","format":"standard","meta":{"footnotes":""},"categories":[7],"tags":[352],"class_list":["post-22055","post","type-post","status-publish","format-standard","has-post-thumbnail","hentry","category-belfold-utazas","tag-koncert"],"aioseo_notices":[],"_links":{"self":[{"href":"https:\/\/www.startlap.hu\/utazas\/wp-json\/wp\/v2\/posts\/22055","targetHints":{"allow":["GET"]}}],"collection":[{"href":"https:\/\/www.startlap.hu\/utazas\/wp-json\/wp\/v2\/posts"}],"about":[{"href":"https:\/\/www.startlap.hu\/utazas\/wp-json\/wp\/v2\/types\/post"}],"author":[{"embeddable":true,"href":"https:\/\/www.startlap.hu\/utazas\/wp-json\/wp\/v2\/users\/43"}],"replies":[{"embeddable":true,"href":"https:\/\/www.startlap.hu\/utazas\/wp-json\/wp\/v2\/comments?post=22055"}],"version-history":[{"count":2,"href":"https:\/\/www.startlap.hu\/utazas\/wp-json\/wp\/v2\/posts\/22055\/revisions"}],"predecessor-version":[{"id":22058,"href":"https:\/\/www.startlap.hu\/utazas\/wp-json\/wp\/v2\/posts\/22055\/revisions\/22058"}],"wp:featuredmedia":[{"embeddable":true,"href":"https:\/\/www.startlap.hu\/utazas\/wp-json\/wp\/v2\/media\/22056"}],"wp:attachment":[{"href":"https:\/\/www.startlap.hu\/utazas\/wp-json\/wp\/v2\/media?parent=22055"}],"wp:term":[{"taxonomy":"category","embeddable":true,"href":"https:\/\/www.startlap.hu\/utazas\/wp-json\/wp\/v2\/categories?post=22055"},{"taxonomy":"post_tag","embeddable":true,"href":"https:\/\/www.startlap.hu\/utazas\/wp-json\/wp\/v2\/tags?post=22055"}],"curies":[{"name":"wp","href":"https:\/\/api.w.org\/{rel}","templated":true}]}}