{"id":21592,"date":"2021-01-22T17:33:38","date_gmt":"2021-01-22T16:33:38","guid":{"rendered":"https:\/\/www.startlap.hu\/utazas\/?p=21592"},"modified":"2021-01-22T14:05:51","modified_gmt":"2021-01-22T13:05:51","slug":"oltokozpont-lett-a-salisbury-i-katedralis","status":"publish","type":"post","link":"https:\/\/www.startlap.hu\/utazas\/oltokozpont-lett-a-salisbury-i-katedralis\/","title":{"rendered":"Olt\u00f3k\u00f6zpont lett a salisbury-i katedr\u00e1lis"},"content":{"rendered":"<p>A tervek szerint az olt\u00f3k\u00f6zpont febru\u00e1r k\u00f6zep\u00e9ig \u00fczemel, csak ezen&nbsp;<strong>a h\u00e9ten 3 ezer embert oltanak be, mik\u00f6zben orgonist\u00e1k Bach, Dvorak \u00e9s Ralph Vaughan Williams szerzem\u00e9nyeket j\u00e1tszanak.<\/strong><\/p>\n<figure id=\"attachment_21593\" aria-describedby=\"caption-attachment-21593\" style=\"width: 755px\" class=\"wp-caption alignnone\"><img loading=\"lazy\" decoding=\"async\" class=\"size-article-size-large-image wp-image-21593\" src=\"https:\/\/www.startlap.hu\/utazas\/uploads\/sites\/3\/2021\/01\/salisbury-755x504.jpg\" alt=\"\" width=\"755\" height=\"504\" srcset=\"https:\/\/www.startlap.hu\/utazas\/uploads\/sites\/3\/2021\/01\/salisbury-755x504.jpg 755w, https:\/\/www.startlap.hu\/utazas\/uploads\/sites\/3\/2021\/01\/salisbury-525x350.jpg 525w, https:\/\/www.startlap.hu\/utazas\/uploads\/sites\/3\/2021\/01\/salisbury.jpg 1273w\" sizes=\"auto, (max-width: 755px) 100vw, 755px\" \/><figcaption id=\"caption-attachment-21593\" class=\"wp-caption-text\">Fot\u00f3: Getty Images<\/figcaption><\/figure>\n<p>123 m\u00e9teres templomtorny\u00e1val a salisbury-i katedr\u00e1lis a legmagasabb az Egyes\u00fclt Kir\u00e1lys\u00e1gban. Az \u00e9p\u00fcletben l\u00e9v\u0151, 1386-b\u00f3l val\u00f3 mechanikus \u00f3ra az orsz\u00e1g legr\u00e9gebbi mechanikus \u00f3r\u00e1j\u00e1nak sz\u00e1m\u00edt &#8211; \u00edrja az <a href=\"https:\/\/hu.euronews.com\/2021\/01\/21\/oltokozpont-lett-a-salisbury-i-katedralis\" target=\"_blank\" target=\"_blank\" rel=\"noopener noreferrer\">Euronews<\/a>.<\/p>\n<div class='iframe-wrapper youtube'><iframe loading=\"lazy\" title=\"Olt\u00f3k\u00f6zpont lett a salisbury-i katedr\u00e1lis\" width=\"500\" height=\"281\" src=\"https:\/\/www.youtube.com\/embed\/LgNLvvub2pQ?feature=oembed\" frameborder=\"0\" allow=\"accelerometer; autoplay; clipboard-write; encrypted-media; gyroscope; picture-in-picture; web-share\" referrerpolicy=\"strict-origin-when-cross-origin\" allowfullscreen><\/iframe><\/div>\n<p>&nbsp;<br \/>\n<div class=\"o-widget m-readMoreWidget -readMore u-shortDecorLineAfter row widget-container _ce_measure_widget bigdata-widget read-more\" data-ce-measure-widget=\"olvass tov\u00e1bb\">\n\t<div class=\"m-readMoreWidget__imgWrapper image-wrapper col-12 col-md-4 no-p\">\n\t\t<a class=\"m-readMoreWidget__imgLink\" href=\"https:\/\/www.startlap.hu\/utazas\/belgium-brugges-belfry\/\" >\n\t\t\t<img decoding=\"async\" src=\"https:\/\/www.startlap.hu\/utazas\/uploads\/sites\/3\/2020\/06\/belgium-350x285.jpg\" class=\"m-readMoreWidget__img\">\n\t\t<\/a>\n\t<\/div>\n\t<div class=\"m-readMoreWidget__titleWrapper title-wrapper col-12 col-md-8\">\n\t\t<span class=\"m-readMoreWidget__titleLabel u-shortDecorLineBefore label hidden-sm-up\">Ez is \u00e9rdekelhet:<\/span>\n\t\t<h3 class=\"m-readMoreWidget__title title\">\n\t\t\t<a class=\"m-readMoreWidget__titleLink -secondFont u-bold u-upperCase\" href=\"https:\/\/www.startlap.hu\/utazas\/belgium-brugges-belfry\/\" >Tanteremm\u00e9 v\u00e1ltozott Belgium egyik l\u00e1tv\u00e1nyoss\u00e1ga<\/a>\n\t\t<\/h3>\n\t\t<a class=\"m-readMoreWidget__btn -coloredBack u-tC link\" href=\"https:\/\/www.startlap.hu\/utazas\/belgium-brugges-belfry\/\" >Elolvasom<\/a>\n\t<\/div>\n<\/div>\n","protected":false},"excerpt":{"rendered":"<p>A d\u00e9l-angliai katedr\u00e1lis a blackburni \u00e9s lichfieldi mellett a harmadik, amelyben koronav\u00edrus elleni vakcin\u00e1t adnak be a j\u00e1rv\u00e1ny \u00e1ltal legink\u00e1bb vesz\u00e9lyeztetett id\u0151s embereknek.<\/p>\n","protected":false},"author":43,"featured_media":21593,"comment_status":"open","ping_status":"open","sticky":false,"template":"","format":"standard","meta":{"footnotes":""},"categories":[70],"tags":[3487],"class_list":["post-21592","post","type-post","status-publish","format-standard","has-post-thumbnail","hentry","category-vilag","tag-oltokozpont"],"aioseo_notices":[],"_links":{"self":[{"href":"https:\/\/www.startlap.hu\/utazas\/wp-json\/wp\/v2\/posts\/21592","targetHints":{"allow":["GET"]}}],"collection":[{"href":"https:\/\/www.startlap.hu\/utazas\/wp-json\/wp\/v2\/posts"}],"about":[{"href":"https:\/\/www.startlap.hu\/utazas\/wp-json\/wp\/v2\/types\/post"}],"author":[{"embeddable":true,"href":"https:\/\/www.startlap.hu\/utazas\/wp-json\/wp\/v2\/users\/43"}],"replies":[{"embeddable":true,"href":"https:\/\/www.startlap.hu\/utazas\/wp-json\/wp\/v2\/comments?post=21592"}],"version-history":[{"count":4,"href":"https:\/\/www.startlap.hu\/utazas\/wp-json\/wp\/v2\/posts\/21592\/revisions"}],"predecessor-version":[{"id":21612,"href":"https:\/\/www.startlap.hu\/utazas\/wp-json\/wp\/v2\/posts\/21592\/revisions\/21612"}],"wp:featuredmedia":[{"embeddable":true,"href":"https:\/\/www.startlap.hu\/utazas\/wp-json\/wp\/v2\/media\/21593"}],"wp:attachment":[{"href":"https:\/\/www.startlap.hu\/utazas\/wp-json\/wp\/v2\/media?parent=21592"}],"wp:term":[{"taxonomy":"category","embeddable":true,"href":"https:\/\/www.startlap.hu\/utazas\/wp-json\/wp\/v2\/categories?post=21592"},{"taxonomy":"post_tag","embeddable":true,"href":"https:\/\/www.startlap.hu\/utazas\/wp-json\/wp\/v2\/tags?post=21592"}],"curies":[{"name":"wp","href":"https:\/\/api.w.org\/{rel}","templated":true}]}}