{"id":21567,"date":"2021-01-21T15:40:25","date_gmt":"2021-01-21T14:40:25","guid":{"rendered":"https:\/\/www.startlap.hu\/utazas\/?p=21567"},"modified":"2021-01-21T15:40:25","modified_gmt":"2021-01-21T14:40:25","slug":"harom-hid-epul-majd-az-ipolyon","status":"publish","type":"post","link":"https:\/\/www.startlap.hu\/utazas\/harom-hid-epul-majd-az-ipolyon\/","title":{"rendered":"H\u00e1rom h\u00edd \u00e9p\u00fcl majd az Ipolyon"},"content":{"rendered":"<p>Szijj\u00e1rt\u00f3 P\u00e9ter a Facebook-oldal\u00e1n sz\u00e1molt be a fejlem\u00e9nyekr\u0151l, miut\u00e1n online tan\u00e1cskozott Andrej Dolezal szlov\u00e1k k\u00f6zleked\u00e9si miniszterrel. A k\u00fclgazdas\u00e1gi \u00e9s k\u00fcl\u00fcgyminiszter azt \u00edrta: Magyarorsz\u00e1gnak <a href=\"https:\/\/www.startlap.hu\/utazas\/szlovakia-orszagos-teszteles-szigoritas-kijarasi-korlatozasok\/\" target=\"_blank\" rel=\"noopener noreferrer\">Szlov\u00e1ki\u00e1val<\/a> van a leghosszabb hat\u00e1rszakasza, ez\u00e9rt az a c\u00e9l, hogy min\u00e9l t\u00f6bb ponton legyen \u00f6sszek\u00f6ttet\u00e9s a k\u00e9t orsz\u00e1g k\u00f6z\u00f6tt. Id\u00e9n \u0151sszel befejez\u0151dik a Miskolc \u00e9s Tornyosn\u00e9meti k\u00f6z\u00f6tti gyorsforgalmi \u00fat \u00e9p\u00edt\u00e9se, \u00edgy keleten \u00e9s nyugaton is aut\u00f3p\u00e1ly\u00e1val lesz \u00f6sszek\u00f6tve Magyarorsz\u00e1g Szlov\u00e1ki\u00e1val &#8211; eml\u00e9keztetett.<\/p>\n<figure id=\"attachment_21568\" aria-describedby=\"caption-attachment-21568\" style=\"width: 755px\" class=\"wp-caption alignnone\"><img loading=\"lazy\" decoding=\"async\" class=\"size-article-size-large-image wp-image-21568\" src=\"https:\/\/www.startlap.hu\/utazas\/uploads\/sites\/3\/2021\/01\/D_KOM20200313005-755x527.jpg\" alt=\"\" width=\"755\" height=\"527\" srcset=\"https:\/\/www.startlap.hu\/utazas\/uploads\/sites\/3\/2021\/01\/D_KOM20200313005-755x527.jpg 755w, https:\/\/www.startlap.hu\/utazas\/uploads\/sites\/3\/2021\/01\/D_KOM20200313005-501x350.jpg 501w, https:\/\/www.startlap.hu\/utazas\/uploads\/sites\/3\/2021\/01\/D_KOM20200313005.jpg 1219w\" sizes=\"auto, (max-width: 755px) 100vw, 755px\" \/><figcaption id=\"caption-attachment-21568\" class=\"wp-caption-text\">MTI\/Komka P\u00e9ter<\/figcaption><\/figure>\n<p>A miniszter hozz\u00e1tette: meg\u00e1llapod\u00e1s sz\u00fcletett arr\u00f3l is, hogy a koronav\u00edrus-j\u00e1rv\u00e1ny ut\u00e1n \u00fajraindul a sz\u00e1rnyashaj\u00f3-k\u00f6zleked\u00e9s Budapest \u00e9s Pozsony k\u00f6z\u00f6tt, valamint tov\u00e1bbi egyeztet\u00e9sek lesznek a Budapestet Vars\u00f3val, Pozsonyon kereszt\u00fcl \u00f6sszek\u00f6t\u0151 gyorsvas\u00fat meg\u00e9p\u00edt\u00e9s\u00e9r\u0151l.<\/p>\n<div class=\"o-widget m-readMoreWidget -readMore u-shortDecorLineAfter row widget-container _ce_measure_widget bigdata-widget read-more\" data-ce-measure-widget=\"olvass tov\u00e1bb\">\n\t<div class=\"m-readMoreWidget__imgWrapper image-wrapper col-12 col-md-4 no-p\">\n\t\t<a class=\"m-readMoreWidget__imgLink\" href=\"https:\/\/www.startlap.hu\/utazas\/pozsony-az-egykori-koronazovaros\/\" >\n\t\t\t<img decoding=\"async\" src=\"https:\/\/www.startlap.hu\/utazas\/uploads\/sites\/3\/2020\/08\/Pozsony-Duna-utazas-350x285.jpg\" class=\"m-readMoreWidget__img\">\n\t\t<\/a>\n\t<\/div>\n\t<div class=\"m-readMoreWidget__titleWrapper title-wrapper col-12 col-md-8\">\n\t\t<span class=\"m-readMoreWidget__titleLabel u-shortDecorLineBefore label hidden-sm-up\">Ez is \u00e9rdekelhet:<\/span>\n\t\t<h3 class=\"m-readMoreWidget__title title\">\n\t\t\t<a class=\"m-readMoreWidget__titleLink -secondFont u-bold u-upperCase\" href=\"https:\/\/www.startlap.hu\/utazas\/pozsony-az-egykori-koronazovaros\/\" >Pozsony, az egykori koron\u00e1z\u00f3v\u00e1ros<\/a>\n\t\t<\/h3>\n\t\t<a class=\"m-readMoreWidget__btn -coloredBack u-tC link\" href=\"https:\/\/www.startlap.hu\/utazas\/pozsony-az-egykori-koronazovaros\/\" >Elolvasom<\/a>\n\t<\/div>\n<\/div>\n","protected":false},"excerpt":{"rendered":"<p>Hat \u00faj k\u00f6zleked\u00e9si \u00f6sszek\u00f6ttet\u00e9s j\u00f6n l\u00e9tre 2023-ig Magyarorsz\u00e1g \u00e9s Szlov\u00e1kia k\u00f6z\u00f6tt, k\u00f6zt\u00fck h\u00e1rom h\u00edd az Ipolyon.<\/p>\n","protected":false},"author":43,"featured_media":21568,"comment_status":"open","ping_status":"open","sticky":false,"template":"","format":"standard","meta":{"footnotes":""},"categories":[7],"tags":[32,1706,1637],"class_list":["post-21567","post","type-post","status-publish","format-standard","has-post-thumbnail","hentry","category-belfold-utazas","tag-magyarorszag","tag-szijjarto-peter","tag-szlovakia"],"aioseo_notices":[],"_links":{"self":[{"href":"https:\/\/www.startlap.hu\/utazas\/wp-json\/wp\/v2\/posts\/21567","targetHints":{"allow":["GET"]}}],"collection":[{"href":"https:\/\/www.startlap.hu\/utazas\/wp-json\/wp\/v2\/posts"}],"about":[{"href":"https:\/\/www.startlap.hu\/utazas\/wp-json\/wp\/v2\/types\/post"}],"author":[{"embeddable":true,"href":"https:\/\/www.startlap.hu\/utazas\/wp-json\/wp\/v2\/users\/43"}],"replies":[{"embeddable":true,"href":"https:\/\/www.startlap.hu\/utazas\/wp-json\/wp\/v2\/comments?post=21567"}],"version-history":[{"count":3,"href":"https:\/\/www.startlap.hu\/utazas\/wp-json\/wp\/v2\/posts\/21567\/revisions"}],"predecessor-version":[{"id":21573,"href":"https:\/\/www.startlap.hu\/utazas\/wp-json\/wp\/v2\/posts\/21567\/revisions\/21573"}],"wp:featuredmedia":[{"embeddable":true,"href":"https:\/\/www.startlap.hu\/utazas\/wp-json\/wp\/v2\/media\/21568"}],"wp:attachment":[{"href":"https:\/\/www.startlap.hu\/utazas\/wp-json\/wp\/v2\/media?parent=21567"}],"wp:term":[{"taxonomy":"category","embeddable":true,"href":"https:\/\/www.startlap.hu\/utazas\/wp-json\/wp\/v2\/categories?post=21567"},{"taxonomy":"post_tag","embeddable":true,"href":"https:\/\/www.startlap.hu\/utazas\/wp-json\/wp\/v2\/tags?post=21567"}],"curies":[{"name":"wp","href":"https:\/\/api.w.org\/{rel}","templated":true}]}}