{"id":21297,"date":"2021-01-15T06:33:29","date_gmt":"2021-01-15T05:33:29","guid":{"rendered":"https:\/\/www.startlap.hu\/utazas\/?p=21297"},"modified":"2021-01-15T06:33:29","modified_gmt":"2021-01-15T05:33:29","slug":"horgaszat-szabalyok-balaton","status":"publish","type":"post","link":"https:\/\/www.startlap.hu\/utazas\/horgaszat-szabalyok-balaton\/","title":{"rendered":"Szigor\u00fa szab\u00e1lyt hoztak a Balatonn\u00e1l"},"content":{"rendered":"<p><strong>Febru\u00e1r elsej\u00e9t\u0151l \u00faj horg\u00e1szrend l\u00e9p \u00e9letbe a&nbsp;<a href=\"https:\/\/www.startlap.hu\/utazas\/balaton-terkep-kampany\/\" target=\"_blank\" rel=\"noopener noreferrer\">Balatonon<\/a><\/strong>, ami a ragadoz\u00f3 halak fog\u00e1si tilalmi idej\u00e9t megdupl\u00e1zza, a gyerekhorg\u00e1szatban k\u00f6nny\u00edt\u00e9st hoz, a szemetel\u00e9st viszont szigor\u00fabban b\u00fcnteti &#8211; k\u00f6z\u00f6lte a&nbsp;Balatoni Halgazd\u00e1lkod\u00e1si Nonprofit Zrt. horg\u00e1szati \u00e1gazatvezet\u0151je cs\u00fct\u00f6rt\u00f6k\u00f6n az MTI-vel.<\/p>\n<p>Nagy G\u00e1bor elmondta: <strong>m\u00e1r kaphat\u00f3k az idei&nbsp;balatoni horg\u00e1szjegyek, amelyek \u00e1ra nem v\u00e1ltozott tavaly \u00f3ta<\/strong>. Komoly k\u00f6nnyebbs\u00e9get jelenthet, hogy a t\u00f6bb oldalas ter\u00fcleti jegyeket nem kell a j\u00f6v\u0151ben kinyomtatni, \u00e9s felmutatni a helysz\u00ednen, a hal\u0151r\u00f6k a horg\u00e1szk\u00e1rty\u00e1k sz\u00e1ma alapj\u00e1n is tudnak ellen\u0151rizni.<\/p>\n<h2>T\u00f6bb \u00e9rdemi v\u00e1ltoz\u00e1s<\/h2>\n<p><strong>A kor\u00e1bban 41 pontos&nbsp;balatoni horg\u00e1szrend 67 pontoss\u00e1 v\u00e1lik.<\/strong> A v\u00e1ltoz\u00e1sok egy r\u00e9sze formai, igazodva a jogszab\u00e1ly-m\u00f3dos\u00edt\u00e1sokat is figyelembevev\u0151 MOHOSZ (Magyar Orsz\u00e1gos Horg\u00e1sz Sz\u00f6vets\u00e9g) el\u0151\u00edr\u00e1saihoz, \u00e9s egys\u00e9ges\u00edtve a k\u00fcl\u00f6nb\u00f6z\u0151 vizek horg\u00e1szrendjeinek logik\u00e1j\u00e1t &#8211; ismertette az \u00e1gazatvezet\u0151, hozz\u00e1t\u00e9ve ugyanakkor, hogy a m\u00f3dos\u00edt\u00e1sok k\u00f6z\u00f6tt t\u00f6bb \u00e9rdemi, csak a&nbsp;Balatonn\u00e1l bevezet\u00e9sre ker\u00fcl\u0151 pont is van.<\/p>\n<div class=\"o-widget m-readMoreWidget -readMore u-shortDecorLineAfter row widget-container _ce_measure_widget bigdata-widget read-more\" data-ce-measure-widget=\"olvass tov\u00e1bb\">\n\t<div class=\"m-readMoreWidget__imgWrapper image-wrapper col-12 col-md-4 no-p\">\n\t\t<a class=\"m-readMoreWidget__imgLink\" href=\"https:\/\/www.startlap.hu\/utazas\/balatonakarattyanal-er-ossze-ket-hazai-kerekparos-nagyprojekt\/\" >\n\t\t\t<img decoding=\"async\" src=\"https:\/\/www.startlap.hu\/utazas\/uploads\/sites\/3\/2020\/07\/biciklitura-350x285.jpg\" class=\"m-readMoreWidget__img\">\n\t\t<\/a>\n\t<\/div>\n\t<div class=\"m-readMoreWidget__titleWrapper title-wrapper col-12 col-md-8\">\n\t\t<span class=\"m-readMoreWidget__titleLabel u-shortDecorLineBefore label hidden-sm-up\">Ez is \u00e9rdekelhet:<\/span>\n\t\t<h3 class=\"m-readMoreWidget__title title\">\n\t\t\t<a class=\"m-readMoreWidget__titleLink -secondFont u-bold u-upperCase\" href=\"https:\/\/www.startlap.hu\/utazas\/balatonakarattyanal-er-ossze-ket-hazai-kerekparos-nagyprojekt\/\" >Balatonakaratty\u00e1n\u00e1l \u00e9r \u00f6ssze k\u00e9t hazai ker\u00e9kp\u00e1ros nagyprojekt<\/a>\n\t\t<\/h3>\n\t\t<a class=\"m-readMoreWidget__btn -coloredBack u-tC link\" href=\"https:\/\/www.startlap.hu\/utazas\/balatonakarattyanal-er-ossze-ket-hazai-kerekparos-nagyprojekt\/\" >Elolvasom<\/a>\n\t<\/div>\n<\/div>\n<p>A legfontosabbak k\u00f6z\u00f6tt eml\u00edtette, hogy a ragadoz\u00f3 halak &#8211; s\u00fcll\u0151, balin, csuka, k\u0151s\u00fcll\u0151 \u00e9s s\u00fcg\u00e9r &#8211; kor\u00e1bban egy h\u00f3napig tart\u00f3 fog\u00e1si tilalmi ideje ett\u0151l az \u00e9vt\u0151l k\u00e9t h\u00f3napig, m\u00e1rcius 1-j\u00e9t\u0151l \u00e1prilis 30-ig fog tartani. A tilalom kiterjed a fog\u00e1sukhoz sz\u00fcks\u00e9ges m\u00f3dszerekre is.<\/p>\n<blockquote class=\"article__extraTxt\"><p>\u00daj szab\u00e1ly az is, hogy a kifogott \u00e9s megtartott halakat legfeljebb 48 \u00f3r\u00e1ig lehet \u00e9letben tartani.<\/p><\/blockquote>\n<p>A 14 \u00e9v alatti gyerekeknek 1500 forint\u00e9rt v\u00e1s\u00e1rolhat\u00f3 \u00e9ves horg\u00e1szjegy ezent\u00fal nemcsak a parton lesz \u00e9rv\u00e9nyes, hanem v\u00edzen is (cs\u00f3nakr\u00f3l, vitorl\u00e1sr\u00f3l), amennyiben \u00e1ltal\u00e1nos horg\u00e1szjeggyel rendelkez\u0151 feln\u0151tt k\u00eds\u00e9ret\u00e9ben pec\u00e1znak.<\/p>\n<figure id=\"attachment_21298\" aria-describedby=\"caption-attachment-21298\" style=\"width: 755px\" class=\"wp-caption alignnone\"><img loading=\"lazy\" decoding=\"async\" class=\"size-article-size-large-image wp-image-21298\" src=\"https:\/\/www.startlap.hu\/utazas\/uploads\/sites\/3\/2021\/01\/horgaszok-755x457.jpg\" alt=\"\" width=\"755\" height=\"457\" srcset=\"https:\/\/www.startlap.hu\/utazas\/uploads\/sites\/3\/2021\/01\/horgaszok-755x457.jpg 755w, https:\/\/www.startlap.hu\/utazas\/uploads\/sites\/3\/2021\/01\/horgaszok-579x350.jpg 579w, https:\/\/www.startlap.hu\/utazas\/uploads\/sites\/3\/2021\/01\/horgaszok.jpg 1200w\" sizes=\"auto, (max-width: 755px) 100vw, 755px\" \/><figcaption id=\"caption-attachment-21298\" class=\"wp-caption-text\">Getty Images<\/figcaption><\/figure>\n<h2>Eddig csak figyelmeztettek<\/h2>\n<p>Az \u00e1gazatvezet\u0151 kit\u00e9rt arra, hogy a szemetel\u00e9s miatt p\u00e1r helyr\u0151l m\u00e1r kitiltott\u00e1k a&nbsp;Balatonn\u00e1l a horg\u00e1szokat, \u00e9s t\u00f6bb helyen fontolgatnak hasonl\u00f3 l\u00e9p\u00e9seket. &#8222;Az\u00e9rt, hogy az am\u00fagy is sz\u0171k\u00f6s horg\u00e1szhelyek a j\u00f6v\u0151ben ne cs\u00f6kkenjenek, helyi ter\u00fclethaszn\u00e1lati szab\u00e1lyt dolgoztunk ki t\u00f6bb \u00e9rintett \u00f6nkorm\u00e1nyzattal, amelyek szigor\u00fa betartat\u00e1sa beleker\u00fclt az \u00faj horg\u00e1szrendbe is&#8221; &#8211; mondta Nagy G\u00e1bor. Hozz\u00e1tette, hogy <strong>eddig csak figyelmeztettek a szemetel\u00e9s\u00e9rt, rendbont\u00e1s\u00e9rt a hal\u0151r\u00f6k, most m\u00e1r a ter\u00fcleti enged\u00e9lyt is bevonhatj\u00e1k<\/strong> ilyen esetben.<\/p>\n<div class=\"o-widget m-readMoreWidget -readMore u-shortDecorLineAfter row widget-container _ce_measure_widget bigdata-widget read-more\" data-ce-measure-widget=\"olvass tov\u00e1bb\">\n\t<div class=\"m-readMoreWidget__imgWrapper image-wrapper col-12 col-md-4 no-p\">\n\t\t<a class=\"m-readMoreWidget__imgLink\" href=\"https:\/\/www.startlap.hu\/utazas\/gombkilato_balaton_fotok\/\" >\n\t\t\t<img decoding=\"async\" src=\"https:\/\/www.startlap.hu\/utazas\/uploads\/sites\/3\/2020\/10\/balatonboglar_gombkilato2-350x285.jpg\" class=\"m-readMoreWidget__img\">\n\t\t<\/a>\n\t<\/div>\n\t<div class=\"m-readMoreWidget__titleWrapper title-wrapper col-12 col-md-8\">\n\t\t<span class=\"m-readMoreWidget__titleLabel u-shortDecorLineBefore label hidden-sm-up\">Ez is \u00e9rdekelhet:<\/span>\n\t\t<h3 class=\"m-readMoreWidget__title title\">\n\t\t\t<a class=\"m-readMoreWidget__titleLink -secondFont u-bold u-upperCase\" href=\"https:\/\/www.startlap.hu\/utazas\/gombkilato_balaton_fotok\/\" >Leny\u0171g\u00f6z\u0151 fot\u00f3k az \u00e9v kil\u00e1t\u00f3j\u00e1r\u00f3l a Balatonn\u00e1l<\/a>\n\t\t<\/h3>\n\t\t<a class=\"m-readMoreWidget__btn -coloredBack u-tC link\" href=\"https:\/\/www.startlap.hu\/utazas\/gombkilato_balaton_fotok\/\" >Elolvasom<\/a>\n\t<\/div>\n<\/div>\n<p>(MTI)<\/p>\n","protected":false},"excerpt":{"rendered":"<p>Febru\u00e1r elsej\u00e9t\u0151l \u00faj horg\u00e1szrend l\u00e9p \u00e9letbe a\u00a0Balatonon, a szemetel\u00e9snek komoly k\u00f6vetkezm\u00e9nyei lesznek. <\/p>\n","protected":false},"author":36,"featured_media":21298,"comment_status":"open","ping_status":"open","sticky":false,"template":"","format":"standard","meta":{"footnotes":""},"categories":[7],"tags":[279,632],"class_list":["post-21297","post","type-post","status-publish","format-standard","has-post-thumbnail","hentry","category-belfold-utazas","tag-balaton","tag-horgaszat"],"aioseo_notices":[],"_links":{"self":[{"href":"https:\/\/www.startlap.hu\/utazas\/wp-json\/wp\/v2\/posts\/21297","targetHints":{"allow":["GET"]}}],"collection":[{"href":"https:\/\/www.startlap.hu\/utazas\/wp-json\/wp\/v2\/posts"}],"about":[{"href":"https:\/\/www.startlap.hu\/utazas\/wp-json\/wp\/v2\/types\/post"}],"author":[{"embeddable":true,"href":"https:\/\/www.startlap.hu\/utazas\/wp-json\/wp\/v2\/users\/36"}],"replies":[{"embeddable":true,"href":"https:\/\/www.startlap.hu\/utazas\/wp-json\/wp\/v2\/comments?post=21297"}],"version-history":[{"count":1,"href":"https:\/\/www.startlap.hu\/utazas\/wp-json\/wp\/v2\/posts\/21297\/revisions"}],"predecessor-version":[{"id":21299,"href":"https:\/\/www.startlap.hu\/utazas\/wp-json\/wp\/v2\/posts\/21297\/revisions\/21299"}],"wp:featuredmedia":[{"embeddable":true,"href":"https:\/\/www.startlap.hu\/utazas\/wp-json\/wp\/v2\/media\/21298"}],"wp:attachment":[{"href":"https:\/\/www.startlap.hu\/utazas\/wp-json\/wp\/v2\/media?parent=21297"}],"wp:term":[{"taxonomy":"category","embeddable":true,"href":"https:\/\/www.startlap.hu\/utazas\/wp-json\/wp\/v2\/categories?post=21297"},{"taxonomy":"post_tag","embeddable":true,"href":"https:\/\/www.startlap.hu\/utazas\/wp-json\/wp\/v2\/tags?post=21297"}],"curies":[{"name":"wp","href":"https:\/\/api.w.org\/{rel}","templated":true}]}}