{"id":21204,"date":"2021-01-13T11:08:09","date_gmt":"2021-01-13T10:08:09","guid":{"rendered":"https:\/\/www.startlap.hu\/utazas\/?p=21204"},"modified":"2021-01-13T13:57:56","modified_gmt":"2021-01-13T12:57:56","slug":"szigoritas-ausztria-hatar-koronavirus","status":"publish","type":"post","link":"https:\/\/www.startlap.hu\/utazas\/szigoritas-ausztria-hatar-koronavirus\/","title":{"rendered":"\u00dajabb szigor\u00edt\u00e1sok p\u00e9ntekt\u0151l Ausztria hat\u00e1rain"},"content":{"rendered":"<p>2021. janu\u00e1r 15. 00:00 \u00f3r\u00e1t\u00f3l <strong>ism\u00e9t v\u00e1ltozik az osztr\u00e1k-magyar hat\u00e1ron a bel\u00e9p\u00e9s rendje<\/strong>. A kar\u00e1csony el\u0151tt bevezetett eg\u00e9szs\u00e9g\u00fcgyi szab\u00e1lyokat most egy \u00fajabb szigor\u00edt\u00f3 int\u00e9zked\u00e9ssel eg\u00e9sz\u00edtett\u00e9k ki, melynek \u00e9rtelm\u00e9ben <strong>az Ausztri\u00e1ba val\u00f3&nbsp;beutaz\u00e1s el\u0151tt&nbsp;mindenki sz\u00e1m\u00e1ra k\u00f6telez\u0151 lesz az elektronikus regisztr\u00e1ci\u00f3<\/strong>.<\/p>\n<p>A k\u00f6vets\u00e9g azt \u00edrja <a href=\"https:\/\/www.bmeia.gv.at\/hu\/osztrak-nagykoevetseg-budapest\/\" target=\"_blank\" target=\"_blank\" rel=\"noopener noreferrer\">honlapj\u00e1n<\/a>, hogy a regisztr\u00e1ci\u00f3hoz sz\u00fcks\u00e9ges linket a rendelet hat\u00e1lybal\u00e9p\u00e9se ut\u00e1n teszik k\u00f6zz\u00e9.&nbsp;<\/p>\n<p>A t\u00e1j\u00e9koztat\u00f3 szerint a rendelet nem vonatkozik az&nbsp;ing\u00e1z\u00f3kra, az&nbsp;orvosi kezel\u00e9s&nbsp;c\u00e9lj\u00e1b\u00f3l beutaz\u00f3kra, \u00e1tutaz\u00f3kra vagy azon szem\u00e9lyekre, akik&nbsp;csal\u00e1di k\u00f6rben el\u0151re nem l\u00e1that\u00f3, halaszthatatlan, k\u00fcl\u00f6n\u00f6sen m\u00e9lt\u00e1nyoland\u00f3 okb\u00f3l&nbsp;utaznak be. Ezzel szemben a csal\u00e1di k\u00f6rben tervezhet\u0151 esem\u00e9nyek eset\u00e9n nem lehet kiv\u00e9telt tenni a karant\u00e9nk\u00f6telezetts\u00e9g al\u00f3l &#8211; \u00edrj\u00e1k.<\/p>\n<h2>Nyilatkozni kell a karant\u00e9n v\u00e1llal\u00e1s\u00e1r\u00f3l<\/h2>\n<p>A decemberben kihirdetett, <strong>tov\u00e1bbra is \u00e9rv\u00e9nyben marad\u00f3 eg\u00e9szs\u00e9g\u00fcgyi szab\u00e1lyok<\/strong> szerint az Ausztri\u00e1ba val\u00f3 beutaz\u00e1s sor\u00e1n&nbsp;minden beutaz\u00f3nak &#8211; bele\u00e9rtve a tizedik \u00e9let\u00e9v\u00fcket be nem t\u00f6lt\u00f6tt gyermekeket is &#8211; <strong>k\u00f6telez\u0151 a t\u00edznapos karant\u00e9n<\/strong>, ami csak akkor r\u00f6vid\u00edthet\u0151 le, ha valakinek az \u00f6t\u00f6dik napon a SARS-CoV-2 molekul\u00e1rbiol\u00f3giai vagy a SARS-CoV-2 antig\u00e9n tesztje negat\u00edv. A teszt k\u00f6lts\u00e9geit az \u00e9rintett szem\u00e9ly viseli \u2013 t\u00e1j\u00e9koztatnak a nagyk\u00f6vets\u00e9g honlapj\u00e1n.<\/p>\n<div class=\"o-widget m-readMoreWidget -readMore u-shortDecorLineAfter row widget-container _ce_measure_widget bigdata-widget read-more\" data-ce-measure-widget=\"olvass tov\u00e1bb\">\n\t<div class=\"m-readMoreWidget__imgWrapper image-wrapper col-12 col-md-4 no-p\">\n\t\t<a class=\"m-readMoreWidget__imgLink\" href=\"https:\/\/www.startlap.hu\/utazas\/egymas-utan-kuldik-el-a-magyar-dolgozokat-ausztriaban\/\" >\n\t\t\t<img decoding=\"async\" src=\"https:\/\/www.startlap.hu\/utazas\/uploads\/sites\/3\/2021\/01\/getty-350x285.jpg\" class=\"m-readMoreWidget__img\">\n\t\t<\/a>\n\t<\/div>\n\t<div class=\"m-readMoreWidget__titleWrapper title-wrapper col-12 col-md-8\">\n\t\t<span class=\"m-readMoreWidget__titleLabel u-shortDecorLineBefore label hidden-sm-up\">Ez is \u00e9rdekelhet:<\/span>\n\t\t<h3 class=\"m-readMoreWidget__title title\">\n\t\t\t<a class=\"m-readMoreWidget__titleLink -secondFont u-bold u-upperCase\" href=\"https:\/\/www.startlap.hu\/utazas\/egymas-utan-kuldik-el-a-magyar-dolgozokat-ausztriaban\/\" >Egym\u00e1s ut\u00e1n k\u00fcldik el a magyar dolgoz\u00f3kat Ausztri\u00e1ban<\/a>\n\t\t<\/h3>\n\t\t<a class=\"m-readMoreWidget__btn -coloredBack u-tC link\" href=\"https:\/\/www.startlap.hu\/utazas\/egymas-utan-kuldik-el-a-magyar-dolgozokat-ausztriaban\/\" >Elolvasom<\/a>\n\t<\/div>\n<\/div>\n<blockquote class=\"article__extraTxt\"><p>A beutaz\u00f3 szem\u00e9lyeknek esk\u00fct helyettes\u00edt\u0151 m\u00f3don, n\u00e9met\u00fcl vagy angolul kell a&nbsp;karant\u00e9nk\u00f6telezetts\u00e9g&nbsp;v\u00e1llal\u00e1s\u00e1r\u00f3l nyilatkozniuk. K\u00e9rik, hogy a nyomtatv\u00e1nyt lehet\u0151leg m\u00e1r a beutaz\u00e1skor kit\u00f6ltve vigy\u00e9k magukkal az \u00e9rintettek.<\/p><\/blockquote>\n<p>A karant\u00e9n az Ausztri\u00e1b\u00f3l val\u00f3 kiutaz\u00e1s c\u00e9lj\u00e1b\u00f3l hamarabb befejezhet\u0151, ha biztos\u00edtott, hogy a kiutaz\u00e1skor a fert\u0151z\u00e9s kock\u00e1zata a legnagyobb val\u00f3sz\u00edn\u0171s\u00e9ggel minim\u00e1lis \u2013 \u00edrj\u00e1k.<\/p>\n<figure id=\"attachment_19634\" aria-describedby=\"caption-attachment-19634\" style=\"width: 755px\" class=\"wp-caption alignnone\"><img loading=\"lazy\" decoding=\"async\" class=\"size-article-size-large-image wp-image-19634\" src=\"https:\/\/www.startlap.hu\/utazas\/uploads\/sites\/3\/2020\/11\/magyarorszag_ausztria_hatar_01-755x447.jpg\" alt=\"\" width=\"755\" height=\"447\" srcset=\"https:\/\/www.startlap.hu\/utazas\/uploads\/sites\/3\/2020\/11\/magyarorszag_ausztria_hatar_01-755x447.jpg 755w, https:\/\/www.startlap.hu\/utazas\/uploads\/sites\/3\/2020\/11\/magyarorszag_ausztria_hatar_01-591x350.jpg 591w, https:\/\/www.startlap.hu\/utazas\/uploads\/sites\/3\/2020\/11\/magyarorszag_ausztria_hatar_01.jpg 1200w\" sizes=\"auto, (max-width: 755px) 100vw, 755px\" \/><figcaption id=\"caption-attachment-19634\" class=\"wp-caption-text\">ALEX HALADA \/ AFP<\/figcaption><\/figure>\n<p>A fentiekt\u0151l elt\u00e9r\u0151en a beutaz\u00e1s egy 72 \u00f3r\u00e1n\u00e1l nem r\u00e9gebbi, n\u00e9met vagy angol nyelv\u0171 orvosi igazol\u00e1s (negat\u00edv PCR teszt vagy antig\u00e9n teszt) birtok\u00e1ban lehets\u00e9ges a humanit\u00e1rius bevet\u00e9sen r\u00e9sztvev\u0151, szakmai vagy \u00fczleti c\u00e9lb\u00f3l beutaz\u00f3 szem\u00e9lyek r\u00e9sz\u00e9re, eg\u00e9szs\u00e9g\u00fcgyi okokb\u00f3l t\u00f6rt\u00e9n\u0151 beutaz\u00e1s eset\u00e9n egy kis\u00e9r\u0151 szem\u00e9ly r\u00e9sz\u00e9re, b\u00edr\u00f3s\u00e1gi vagy hat\u00f3s\u00e1gi megjelen\u00e9si k\u00f6telezetts\u00e9g\u00fcknek eleget tev\u0151, beutaz\u00f3 szem\u00e9lyek r\u00e9sz\u00e9re.<\/p>\n<h2>Teljes z\u00e1rlat<\/h2>\n<p>Az osztr\u00e1k korm\u00e1ny terveivel ellent\u00e9tben janu\u00e1r 24-\u00e9ig tart majd Ausztri\u00e1ban a koronav\u00edrus-j\u00e1rv\u00e1ny miatt elrendelt <a href=\"https:\/\/www.startlap.hu\/utazas\/meghosszabbitottak-a-teljes-zarlatot-ausztriaban\/\" target=\"_blank\" rel=\"noopener noreferrer\">teljes z\u00e1rlat<\/a>, mivel a parlament fels\u0151h\u00e1za (Bundesrat) nem szavazta meg a korm\u00e1nykoal\u00edci\u00f3 javaslat\u00e1t a janu\u00e1r 18-ai nyit\u00e1sr\u00f3l.&nbsp;<\/p>\n<p>A <a href=\"https:\/\/nepszava.hu\/3105757_tovabb-szigoritanak-az-osztrakok-a-hataron\" target=\"_blank\" target=\"_blank\" rel=\"noopener noreferrer\">N\u00e9pszava<\/a> arr\u00f3l \u00edr, hogy a szigor\u00fa ellen\u0151rz\u00e9s miatt <strong>a hat\u00e1r\u00e1llom\u00e1sokon m\u00e1r most is sokkal nehezebb \u00e1tjutni<\/strong>. Ez f\u0151k\u00e9nt az ausztriai magyar munkav\u00e1llal\u00f3k sz\u00e1m\u00e1ra kellemetlen, akik aut\u00f3ikkal ki- \u00e9s befel\u00e9 k\u00e9nytelenek elviselni a torl\u00f3d\u00e1st, ami t\u00f6bb mint egy\u00f3r\u00e1s v\u00e1rakoz\u00e1st jelent.&nbsp;<\/p>\n<div class=\"o-widget m-readMoreWidget -readMore u-shortDecorLineAfter row widget-container _ce_measure_widget bigdata-widget read-more\" data-ce-measure-widget=\"olvass tov\u00e1bb\">\n\t<div class=\"m-readMoreWidget__imgWrapper image-wrapper col-12 col-md-4 no-p\">\n\t\t<a class=\"m-readMoreWidget__imgLink\" href=\"https:\/\/www.startlap.hu\/utazas\/sipalyakat-zartak-be-ausztriaban\/\" >\n\t\t\t<img decoding=\"async\" src=\"https:\/\/www.startlap.hu\/utazas\/uploads\/sites\/3\/2020\/09\/Tirol-Ausztria-350x285.jpg\" class=\"m-readMoreWidget__img\">\n\t\t<\/a>\n\t<\/div>\n\t<div class=\"m-readMoreWidget__titleWrapper title-wrapper col-12 col-md-8\">\n\t\t<span class=\"m-readMoreWidget__titleLabel u-shortDecorLineBefore label hidden-sm-up\">Ez is \u00e9rdekelhet:<\/span>\n\t\t<h3 class=\"m-readMoreWidget__title title\">\n\t\t\t<a class=\"m-readMoreWidget__titleLink -secondFont u-bold u-upperCase\" href=\"https:\/\/www.startlap.hu\/utazas\/sipalyakat-zartak-be-ausztriaban\/\" >S\u00edp\u00e1ly\u00e1kat z\u00e1rtak be Ausztri\u00e1ban<\/a>\n\t\t<\/h3>\n\t\t<a class=\"m-readMoreWidget__btn -coloredBack u-tC link\" href=\"https:\/\/www.startlap.hu\/utazas\/sipalyakat-zartak-be-ausztriaban\/\" >Elolvasom<\/a>\n\t<\/div>\n<\/div>\n","protected":false},"excerpt":{"rendered":"<p>A budapesti Osztr\u00e1k Nagyk\u00f6vets\u00e9g honlapj\u00e1n jelentek meg az \u00faj szab\u00e1lyok.<\/p>\n","protected":false},"author":36,"featured_media":19634,"comment_status":"open","ping_status":"open","sticky":false,"template":"","format":"standard","meta":{"footnotes":""},"categories":[70],"tags":[307,2422,1358],"class_list":["post-21204","post","type-post","status-publish","format-standard","has-post-thumbnail","hentry","category-vilag","tag-ausztria","tag-beutazasi-korlatozas","tag-koronavirus"],"aioseo_notices":[],"_links":{"self":[{"href":"https:\/\/www.startlap.hu\/utazas\/wp-json\/wp\/v2\/posts\/21204","targetHints":{"allow":["GET"]}}],"collection":[{"href":"https:\/\/www.startlap.hu\/utazas\/wp-json\/wp\/v2\/posts"}],"about":[{"href":"https:\/\/www.startlap.hu\/utazas\/wp-json\/wp\/v2\/types\/post"}],"author":[{"embeddable":true,"href":"https:\/\/www.startlap.hu\/utazas\/wp-json\/wp\/v2\/users\/36"}],"replies":[{"embeddable":true,"href":"https:\/\/www.startlap.hu\/utazas\/wp-json\/wp\/v2\/comments?post=21204"}],"version-history":[{"count":1,"href":"https:\/\/www.startlap.hu\/utazas\/wp-json\/wp\/v2\/posts\/21204\/revisions"}],"predecessor-version":[{"id":21205,"href":"https:\/\/www.startlap.hu\/utazas\/wp-json\/wp\/v2\/posts\/21204\/revisions\/21205"}],"wp:featuredmedia":[{"embeddable":true,"href":"https:\/\/www.startlap.hu\/utazas\/wp-json\/wp\/v2\/media\/19634"}],"wp:attachment":[{"href":"https:\/\/www.startlap.hu\/utazas\/wp-json\/wp\/v2\/media?parent=21204"}],"wp:term":[{"taxonomy":"category","embeddable":true,"href":"https:\/\/www.startlap.hu\/utazas\/wp-json\/wp\/v2\/categories?post=21204"},{"taxonomy":"post_tag","embeddable":true,"href":"https:\/\/www.startlap.hu\/utazas\/wp-json\/wp\/v2\/tags?post=21204"}],"curies":[{"name":"wp","href":"https:\/\/api.w.org\/{rel}","templated":true}]}}