{"id":21201,"date":"2021-01-13T16:03:10","date_gmt":"2021-01-13T15:03:10","guid":{"rendered":"https:\/\/www.startlap.hu\/utazas\/?p=21201"},"modified":"2021-01-14T17:47:51","modified_gmt":"2021-01-14T16:47:51","slug":"amszterdamban-megtiltanak-a-kannabisz-vasarlasat-a-turistaknak","status":"publish","type":"post","link":"https:\/\/www.startlap.hu\/utazas\/amszterdamban-megtiltanak-a-kannabisz-vasarlasat-a-turistaknak\/","title":{"rendered":"Amszterdamban megtiltan\u00e1k a kannabisz v\u00e1s\u00e1rl\u00e1s\u00e1t a turist\u00e1knak"},"content":{"rendered":"<p>A holland v\u00e1ros sokat k\u00edn\u00e1l a l\u00e1togat\u00f3knak, kezdve a sz\u00e9p \u00e9p\u00fcletekkel, fantasztikus \u00e9ttermekkel, ugyancsak leny\u0171g\u00f6z\u0151ek a m\u0171v\u00e9szeti gal\u00e9ri\u00e1k \u00e9s m\u00fazeumok &#8211; sokan azonban nem felt\u00e9tlen\u00fcl ezek\u00e9rt utaznak oda. A k\u00f6r\u00fclbel\u00fcl 850 ezer lakos\u00fa Amszterdam a koronav\u00edrus el\u0151tt j\u00f3form\u00e1n k\u00fczd\u00f6tt a turist\u00e1kkal: csak 2018-ban <strong>19 milli\u00f3 ember l\u00e1togatott oda<\/strong>, \u0151ket legink\u00e1bb a coffeeshopok \u00e9s a V\u00f6r\u00f6sl\u00e1mp\u00e1s negyed vonzotta.<\/p>\n<figure id=\"attachment_12970\" aria-describedby=\"caption-attachment-12970\" style=\"width: 755px\" class=\"wp-caption alignnone\"><img loading=\"lazy\" decoding=\"async\" class=\"size-article-size-large-image wp-image-12970\" src=\"https:\/\/www.startlap.hu\/utazas\/uploads\/sites\/3\/2020\/06\/amszterdam-755x504.jpg\" alt=\"V\u00f6r\u00f6sl\u00e1mp\u00e1s negyed, Amszterdam\" width=\"755\" height=\"504\" srcset=\"https:\/\/www.startlap.hu\/utazas\/uploads\/sites\/3\/2020\/06\/amszterdam-755x504.jpg 755w, https:\/\/www.startlap.hu\/utazas\/uploads\/sites\/3\/2020\/06\/amszterdam-524x350.jpg 524w, https:\/\/www.startlap.hu\/utazas\/uploads\/sites\/3\/2020\/06\/amszterdam.jpg 1272w\" sizes=\"auto, (max-width: 755px) 100vw, 755px\" \/><figcaption id=\"caption-attachment-12970\" class=\"wp-caption-text\">Fot\u00f3: Getty Images<\/figcaption><\/figure>\n<p>Tavaly Femke Halsema polg\u00e1rmester megb\u00edz\u00e1s\u00e1b\u00f3l felm\u00e9rt\u00e9k a l\u00e1togat\u00f3k motiv\u00e1ci\u00f3j\u00e1t, a coffeeshopokhoz val\u00f3 viszonyukat. Ebb\u0151l kider\u00fclt, az Amszterdam k\u00f6zpontj\u00e1t felkeres\u0151 k\u00fclf\u00f6ldiek 57% -a a kannabiszt \u00e1rus\u00edt\u00f3 boltok miatt megy oda, arra a k\u00e9rd\u00e9srepedig, hogy visszat\u00e9rnek-e vagy sem, ha nem tudnak bejutni a coffeechopba a tengerent\u00fali turist\u00e1k 34% -a azt mondta, hogy bizonytalan, m\u00edg 11% -uk nem.<\/p>\n<blockquote class=\"article__extraTxt\"><p>&#8222;Amszterdam egy nemzetk\u00f6zi v\u00e1ros, turist\u00e1kat szeretn\u00e9nk vonzani, de szeretn\u00e9nk, ha gazdags\u00e1g\u00e1\u00e9rt, sz\u00e9ps\u00e9g\u00e9\u00e9rt \u00e9s kultur\u00e1lis int\u00e9zm\u00e9nyei\u00e9rt j\u00f6nn\u00e9nek&#8221; &#8211; mondta Halsema asszony a tan\u00e1csnak, hozz\u00e1t\u00e9ve: &#8222;A probl\u00e9ma az, hogy t\u00fal sok van bel\u0151l\u00fck.&#8221;<\/p><\/blockquote>\n<p>Ezt szem el\u0151tt tartva tervezik, hogy korl\u00e1tozz\u00e1k a k\u00e9t f\u0151 l\u00e1tv\u00e1nyoss\u00e1ghoz val\u00f3 hozz\u00e1f\u00e9r\u00e9st. A javaslatok egy sz\u00e9lesebb terv r\u00e9sz\u00e9t k\u00e9pezik a szervezett b\u0171n\u00f6z\u00e9s elleni k\u00fczdelemnek a belv\u00e1rosban &#8211; \u00edrja a <a href=\"https:\/\/www.lonelyplanet.com\/articles\/amsterdam-cannabis-tourist-ban\" target=\"_blank\" target=\"_blank\" rel=\"noopener noreferrer\">Lonely Planet<\/a>.<\/p>\n<div class=\"o-widget m-readMoreWidget -readMore u-shortDecorLineAfter row widget-container _ce_measure_widget bigdata-widget read-more\" data-ce-measure-widget=\"olvass tov\u00e1bb\">\n\t<div class=\"m-readMoreWidget__imgWrapper image-wrapper col-12 col-md-4 no-p\">\n\t\t<a class=\"m-readMoreWidget__imgLink\" href=\"https:\/\/www.startlap.hu\/utazas\/amszterdam-bicikli-viragos-lada\/\" >\n\t\t\t<img decoding=\"async\" src=\"https:\/\/www.startlap.hu\/utazas\/uploads\/sites\/3\/2020\/10\/amszterdam-350x285.jpg\" class=\"m-readMoreWidget__img\">\n\t\t<\/a>\n\t<\/div>\n\t<div class=\"m-readMoreWidget__titleWrapper title-wrapper col-12 col-md-8\">\n\t\t<span class=\"m-readMoreWidget__titleLabel u-shortDecorLineBefore label hidden-sm-up\">Ez is \u00e9rdekelhet:<\/span>\n\t\t<h3 class=\"m-readMoreWidget__title title\">\n\t\t\t<a class=\"m-readMoreWidget__titleLink -secondFont u-bold u-upperCase\" href=\"https:\/\/www.startlap.hu\/utazas\/amszterdam-bicikli-viragos-lada\/\" >Besokalltak Amszterdamban: eleg\u00fck lett a biciklisekb\u0151l \u00e9s a turist\u00e1kb\u00f3l<\/a>\n\t\t<\/h3>\n\t\t<a class=\"m-readMoreWidget__btn -coloredBack u-tC link\" href=\"https:\/\/www.startlap.hu\/utazas\/amszterdam-bicikli-viragos-lada\/\" >Elolvasom<\/a>\n\t<\/div>\n<\/div>\n<p>Janu\u00e1r 8-\u00e1n a tan\u00e1cshoz int\u00e9zett level\u00e9ben Halsema polg\u00e1rmester javasolta a &#8222;lakoss\u00e1gi krit\u00e9rium&#8221; bevezet\u00e9s\u00e9t, ennek eredm\u00e9nyek\u00e9nt csak a helyiek sz\u00e1m\u00e1ra enged\u00e9lyezn\u00e9k a coffeeshop haszn\u00e1lat\u00e1t, ez\u00e1ltal cs\u00f6kkentve a kannabisz vonzerej\u00e9t a turist\u00e1k sz\u00e1m\u00e1ra, ez egy\u00fattal megk\u00f6nny\u00edten\u00e9 a v\u00e1ros turizmus\u00e1nak kezel\u00e9s\u00e9t. Emellett 2020-ban megemelt\u00e9k az idegenforgalmi ad\u00f3kat, szigor\u00fabb szankci\u00f3kat vezettek be az <a href=\"https:\/\/www.startlap.hu\/utazas\/amszterdam-turizmus-airbnb\/\" target=\"_blank\" rel=\"noopener noreferrer\">Airbnb kiad\u00e1s\u00e1ra<\/a> a t\u00falzott turizmus lek\u00fczd\u00e9se \u00e9rdek\u00e9ben. Az \u00faj kannabisz-int\u00e9zked\u00e9sek v\u00e1rhat\u00f3an j\u00f6v\u0151re l\u00e9phetnek \u00e9letbe.<\/p>\n","protected":false},"excerpt":{"rendered":"<p>H\u00f3napokkal ezel\u0151tt sz\u00f3 volt arr\u00f3l, hogy v\u00e1ltoz\u00e1sokat vezetnek be a V\u00f6r\u00f6sl\u00e1mp\u00e1s negyedben, \u00e1m a tisztvisel\u0151k tov\u00e1bb szigor\u00edtan\u00e1nak: megtiltan\u00e1k a k\u00fclf\u00f6ldieknek a kannabisz v\u00e1s\u00e1rl\u00e1s\u00e1t a h\u00edrhedt coffeeshopokban.<\/p>\n","protected":false},"author":43,"featured_media":12970,"comment_status":"open","ping_status":"open","sticky":false,"template":"","format":"standard","meta":{"footnotes":""},"categories":[70],"tags":[153,155,3499],"class_list":["post-21201","post","type-post","status-publish","format-standard","has-post-thumbnail","hentry","category-vilag","tag-amszterdam","tag-hollandia","tag-kannabisz"],"aioseo_notices":[],"_links":{"self":[{"href":"https:\/\/www.startlap.hu\/utazas\/wp-json\/wp\/v2\/posts\/21201","targetHints":{"allow":["GET"]}}],"collection":[{"href":"https:\/\/www.startlap.hu\/utazas\/wp-json\/wp\/v2\/posts"}],"about":[{"href":"https:\/\/www.startlap.hu\/utazas\/wp-json\/wp\/v2\/types\/post"}],"author":[{"embeddable":true,"href":"https:\/\/www.startlap.hu\/utazas\/wp-json\/wp\/v2\/users\/43"}],"replies":[{"embeddable":true,"href":"https:\/\/www.startlap.hu\/utazas\/wp-json\/wp\/v2\/comments?post=21201"}],"version-history":[{"count":1,"href":"https:\/\/www.startlap.hu\/utazas\/wp-json\/wp\/v2\/posts\/21201\/revisions"}],"predecessor-version":[{"id":21202,"href":"https:\/\/www.startlap.hu\/utazas\/wp-json\/wp\/v2\/posts\/21201\/revisions\/21202"}],"wp:featuredmedia":[{"embeddable":true,"href":"https:\/\/www.startlap.hu\/utazas\/wp-json\/wp\/v2\/media\/12970"}],"wp:attachment":[{"href":"https:\/\/www.startlap.hu\/utazas\/wp-json\/wp\/v2\/media?parent=21201"}],"wp:term":[{"taxonomy":"category","embeddable":true,"href":"https:\/\/www.startlap.hu\/utazas\/wp-json\/wp\/v2\/categories?post=21201"},{"taxonomy":"post_tag","embeddable":true,"href":"https:\/\/www.startlap.hu\/utazas\/wp-json\/wp\/v2\/tags?post=21201"}],"curies":[{"name":"wp","href":"https:\/\/api.w.org\/{rel}","templated":true}]}}