{"id":21137,"date":"2021-01-12T13:03:08","date_gmt":"2021-01-12T12:03:08","guid":{"rendered":"https:\/\/www.startlap.hu\/utazas\/?p=21137"},"modified":"2021-01-12T13:03:08","modified_gmt":"2021-01-12T12:03:08","slug":"hatalmas-oltokozpont-lesz-a-kaliforniai-disneylandben","status":"publish","type":"post","link":"https:\/\/www.startlap.hu\/utazas\/hatalmas-oltokozpont-lesz-a-kaliforniai-disneylandben\/","title":{"rendered":"Hatalmas olt\u00f3k\u00f6zpont lesz a kaliforniai Disneylandben"},"content":{"rendered":"<p>A vid\u00e1mparkban, &#8222;a vil\u00e1g legboldogabb hely\u00e9n&#8221; kialak\u00edtott k\u00f6zpont naponta <strong>helyi lakosok ezreit tudja majd ell\u00e1tni v\u00e9d\u0151olt\u00e1ssal<\/strong>, tov\u00e1bbi n\u00e9gy hasonl\u00f3t terveznek m\u00e9g a r\u00e9gi\u00f3ban &#8211; id\u00e9zte a k\u00f6zlem\u00e9nyt a Variety.com. A Disneylandben a tervek szerint a h\u00e9t m\u00e1sodik fel\u00e9ben kezd\u0151dhet az olt\u00e1s. &#8222;Orange megye legnagyobb munkaad\u00f3ja, a Disneyland Resort jelentkezett, hogy otthont adjon a megye els\u0151 olt\u00e1si szuperhelysz\u00edn\u00e9nek, v\u00e1llalva a vakcin\u00e1ci\u00f3 monument\u00e1lis feladat\u00e1t&#8221; &#8211; \u00edrta a k\u00f6zlem\u00e9nyben Andrew Do, a megye vezet\u0151je. Hozz\u00e1tette:&nbsp;&#8222;Fontos, hogy a lehet\u0151 legt\u00f6bb jelentkez\u0151t beoltsuk, ehhez pedig elegend\u0151 helyre van sz\u00fcks\u00e9g\u00fcnk,&#8221;<\/p>\n<figure id=\"attachment_8127\" aria-describedby=\"caption-attachment-8127\" style=\"width: 755px\" class=\"wp-caption alignnone\"><img loading=\"lazy\" decoding=\"async\" class=\"size-article-size-large-image wp-image-8127\" src=\"https:\/\/www.startlap.hu\/utazas\/uploads\/sites\/3\/2020\/03\/GettyImages-539417364-755x502.jpg\" alt=\"Disneyland vid\u00e1mpark\" width=\"755\" height=\"502\" srcset=\"https:\/\/www.startlap.hu\/utazas\/uploads\/sites\/3\/2020\/03\/GettyImages-539417364-755x502.jpg 755w, https:\/\/www.startlap.hu\/utazas\/uploads\/sites\/3\/2020\/03\/GettyImages-539417364-250x165.jpg 250w, https:\/\/www.startlap.hu\/utazas\/uploads\/sites\/3\/2020\/03\/GettyImages-539417364-526x350.jpg 526w, https:\/\/www.startlap.hu\/utazas\/uploads\/sites\/3\/2020\/03\/GettyImages-539417364.jpg 1024w\" sizes=\"auto, (max-width: 755px) 100vw, 755px\" \/><figcaption id=\"caption-attachment-8127\" class=\"wp-caption-text\">Milli\u00f3k im\u00e1dj\u00e1k a Disney vid\u00e1mparkj\u00e1t \/ Fot\u00f3: Getty Images<\/figcaption><\/figure>\n<p>Kaliforni\u00e1ban a fert\u0151z\u00f6ttek sz\u00e1ma magasra sz\u00f6k\u00f6tt az ut\u00f3bbi id\u0151ben, \u00f6sszesen t\u00f6bb mint k\u00e9tmilli\u00f3an kapt\u00e1k m\u00e1r el a v\u00edrust. A Disneyland a vil\u00e1gj\u00e1rv\u00e1ny miatt m\u00e1rcius \u00f3ta z\u00e1rva tart, a Downtown Disney elnevez\u00e9s\u0171 s\u00e9t\u00e1l\u00f3- \u00e9s bev\u00e1s\u00e1rl\u00f3utca &#8211; az \u00e1llami el\u0151\u00edr\u00e1sok figyelembe v\u00e9tel\u00e9vel &#8211; m\u00e1r l\u00e1togathat\u00f3, de \u00e9ttermeibe nem lehet be\u00fclni, \u00e9s \u00fczletei sem nyitottak ki mind.<\/p>\n<div class=\"o-widget m-readMoreWidget -readMore u-shortDecorLineAfter row widget-container _ce_measure_widget bigdata-widget read-more\" data-ce-measure-widget=\"olvass tov\u00e1bb\">\n\t<div class=\"m-readMoreWidget__imgWrapper image-wrapper col-12 col-md-4 no-p\">\n\t\t<a class=\"m-readMoreWidget__imgLink\" href=\"https:\/\/www.startlap.hu\/utazas\/disneyland-leepites-koronavirus-vidampark\/\" >\n\t\t\t<img decoding=\"async\" src=\"https:\/\/www.startlap.hu\/utazas\/uploads\/sites\/3\/2020\/03\/GettyImages-539417364-350x285.jpg\" class=\"m-readMoreWidget__img\">\n\t\t<\/a>\n\t<\/div>\n\t<div class=\"m-readMoreWidget__titleWrapper title-wrapper col-12 col-md-8\">\n\t\t<span class=\"m-readMoreWidget__titleLabel u-shortDecorLineBefore label hidden-sm-up\">Ez is \u00e9rdekelhet:<\/span>\n\t\t<h3 class=\"m-readMoreWidget__title title\">\n\t\t\t<a class=\"m-readMoreWidget__titleLink -secondFont u-bold u-upperCase\" href=\"https:\/\/www.startlap.hu\/utazas\/disneyland-leepites-koronavirus-vidampark\/\" >Hatalmas le\u00e9p\u00edt\u00e9s a Disneylandn\u00e9l: 28 ezer dolgoz\u00f3t k\u00fcldenek el<\/a>\n\t\t<\/h3>\n\t\t<a class=\"m-readMoreWidget__btn -coloredBack u-tC link\" href=\"https:\/\/www.startlap.hu\/utazas\/disneyland-leepites-koronavirus-vidampark\/\" >Elolvasom<\/a>\n\t<\/div>\n<\/div>\n<p>(MTI)<\/p>\n","protected":false},"excerpt":{"rendered":"<p>A kaliforniai Disneyland Resort az \u00faj koronav\u00edrus elleni olt\u00e1sok bead\u00e1s\u00e1nak els\u0151 nagy k\u00f6zpontja lesz Orange megy\u00e9ben &#8211; jelentette be a hat\u00f3s\u00e1g h\u00e9tf\u0151n.<\/p>\n","protected":false},"author":43,"featured_media":8127,"comment_status":"open","ping_status":"open","sticky":false,"template":"","format":"standard","meta":{"footnotes":""},"categories":[70],"tags":[752,3487],"class_list":["post-21137","post","type-post","status-publish","format-standard","has-post-thumbnail","hentry","category-vilag","tag-disneyland","tag-oltokozpont"],"aioseo_notices":[],"_links":{"self":[{"href":"https:\/\/www.startlap.hu\/utazas\/wp-json\/wp\/v2\/posts\/21137","targetHints":{"allow":["GET"]}}],"collection":[{"href":"https:\/\/www.startlap.hu\/utazas\/wp-json\/wp\/v2\/posts"}],"about":[{"href":"https:\/\/www.startlap.hu\/utazas\/wp-json\/wp\/v2\/types\/post"}],"author":[{"embeddable":true,"href":"https:\/\/www.startlap.hu\/utazas\/wp-json\/wp\/v2\/users\/43"}],"replies":[{"embeddable":true,"href":"https:\/\/www.startlap.hu\/utazas\/wp-json\/wp\/v2\/comments?post=21137"}],"version-history":[{"count":1,"href":"https:\/\/www.startlap.hu\/utazas\/wp-json\/wp\/v2\/posts\/21137\/revisions"}],"predecessor-version":[{"id":21138,"href":"https:\/\/www.startlap.hu\/utazas\/wp-json\/wp\/v2\/posts\/21137\/revisions\/21138"}],"wp:featuredmedia":[{"embeddable":true,"href":"https:\/\/www.startlap.hu\/utazas\/wp-json\/wp\/v2\/media\/8127"}],"wp:attachment":[{"href":"https:\/\/www.startlap.hu\/utazas\/wp-json\/wp\/v2\/media?parent=21137"}],"wp:term":[{"taxonomy":"category","embeddable":true,"href":"https:\/\/www.startlap.hu\/utazas\/wp-json\/wp\/v2\/categories?post=21137"},{"taxonomy":"post_tag","embeddable":true,"href":"https:\/\/www.startlap.hu\/utazas\/wp-json\/wp\/v2\/tags?post=21137"}],"curies":[{"name":"wp","href":"https:\/\/api.w.org\/{rel}","templated":true}]}}