{"id":20920,"date":"2021-01-08T13:33:30","date_gmt":"2021-01-08T12:33:30","guid":{"rendered":"https:\/\/www.startlap.hu\/utazas\/?p=20920"},"modified":"2021-01-08T12:46:44","modified_gmt":"2021-01-08T11:46:44","slug":"mobil-irodaban-is-lehet-autopalya-matricat-vasarolni","status":"publish","type":"post","link":"https:\/\/www.startlap.hu\/utazas\/mobil-irodaban-is-lehet-autopalya-matricat-vasarolni\/","title":{"rendered":"Mobil irod\u00e1ban is lehet aut\u00f3p\u00e1lya-matric\u00e1t v\u00e1s\u00e1rolni"},"content":{"rendered":"<p>Az <strong>e-matrica mobil \u00e9rt\u00e9kes\u00edt\u00e9si szolg\u00e1ltat\u00e1st a N\u00daSZ Zrt. janu\u00e1r 8-\u00e1n<\/strong>, p\u00e9nteken ind\u00edtotta el a d\u00edjk\u00f6teles szakaszok kijel\u00f6lt pihen\u0151helyein. Az ezt k\u00f6vet\u0151 \u00e9rt\u00e9kes\u00edt\u00e9si napokr\u00f3l a t\u00e1rsas\u00e1g a k\u00f6z\u00f6ss\u00e9gi oldalain &#8211; Facebook, Instagram &#8211; t\u00e1j\u00e9koztatja majd az utaz\u00f3k\u00f6z\u00f6ns\u00e9get minden h\u00e9ten h\u00e9tf\u0151n, de telefonos \u00fcgyf\u00e9lszolg\u00e1latokon is lehet err\u0151l t\u00e1j\u00e9koztat\u00e1st k\u00e9rni.<\/p>\n<p>Ismertetik, hogy az id\u0151szaki szolg\u00e1ltat\u00e1s \u00e1lland\u00f3 helysz\u00ednei az M1-es aut\u00f3p\u00e1lya ment\u00e9n az igm\u00e1ndi \u00e9s a l\u00e9b\u00e9nyi, az M5-\u00f6s ment\u00e9n a het\u00e9nyi, az M7-es sztr\u00e1da eset\u00e9ben a p\u00e1kozdi \u00e9s a sorm\u00e1si, az M30-asn\u00e1l a hej\u0151kereszt\u00fari, az M35-\u00f6s ment\u00e9n a mikep\u00e9rcsi, az M43-as aut\u00f3p\u00e1lya eset\u00e9ben pedig a szegedi pihen\u0151k lesznek, minden esetben a Budapest fel\u00e9 vezet\u0151 oldalon.<\/p>\n<figure id=\"attachment_20924\" aria-describedby=\"caption-attachment-20924\" style=\"width: 755px\" class=\"wp-caption alignnone\"><img loading=\"lazy\" decoding=\"async\" class=\"size-article-size-large-image wp-image-20924\" src=\"https:\/\/www.startlap.hu\/utazas\/uploads\/sites\/3\/2021\/01\/D3B4B234-B93D-4FE9-9D7B-92BF36DEA202-755x541.jpeg\" alt=\"\" width=\"755\" height=\"541\" srcset=\"https:\/\/www.startlap.hu\/utazas\/uploads\/sites\/3\/2021\/01\/D3B4B234-B93D-4FE9-9D7B-92BF36DEA202-755x541.jpeg 755w, https:\/\/www.startlap.hu\/utazas\/uploads\/sites\/3\/2021\/01\/D3B4B234-B93D-4FE9-9D7B-92BF36DEA202-1536x1101.jpeg 1536w, https:\/\/www.startlap.hu\/utazas\/uploads\/sites\/3\/2021\/01\/D3B4B234-B93D-4FE9-9D7B-92BF36DEA202-2048x1468.jpeg 2048w, https:\/\/www.startlap.hu\/utazas\/uploads\/sites\/3\/2021\/01\/D3B4B234-B93D-4FE9-9D7B-92BF36DEA202-488x350.jpeg 488w\" sizes=\"auto, (max-width: 755px) 100vw, 755px\" \/><figcaption id=\"caption-attachment-20924\" class=\"wp-caption-text\">Egy aut\u00f3tulajdonos aut\u00f3p\u00e1lya-matric\u00e1t v\u00e1s\u00e1rol mobiltelefonj\u00e1val<br \/>MTI Fot\u00f3: Bruz\u00e1k No\u00e9mi<\/figcaption><\/figure>\n<p>Az e-matrica mobil \u00e9rt\u00e9kes\u00edt\u00e9si napokat a t\u00e1rsas\u00e1g a forgalmi jellemz\u0151k \u00e9s v\u00e1s\u00e1rl\u00e1si szok\u00e1sok alapj\u00e1n jel\u00f6lte ki. A v\u00e1rhat\u00f3an a h\u00e9tr\u0151l-h\u00e9tre fokoz\u00f3d\u00f3 v\u00e1s\u00e1rl\u00e1si ig\u00e9nyekhez igazodva el\u0151sz\u00f6r egy, majd kett\u0151, az utols\u00f3 k\u00e9t h\u00e9tben pedig h\u00e1rom alkalommal. A mobil \u00e9rt\u00e9kes\u00edt\u00e9s <strong>minden alkalommal 8 \u00e9s 14 \u00f3ra<\/strong> <strong>k\u00f6z\u00f6tt lesz el\u00e9rhet\u0151<\/strong> &#8211; t\u00e1j\u00e9koztatott a N\u00daSZ Zrt.<\/p>\n<div class=\"o-widget m-readMoreWidget -readMore u-shortDecorLineAfter row widget-container _ce_measure_widget bigdata-widget read-more\" data-ce-measure-widget=\"olvass tov\u00e1bb\">\n\t<div class=\"m-readMoreWidget__imgWrapper image-wrapper col-12 col-md-4 no-p\">\n\t\t<a class=\"m-readMoreWidget__imgLink\" href=\"https:\/\/www.startlap.hu\/utazas\/mav-hev-volanbusz-berlet-utazas\/\" >\n\t\t\t<img decoding=\"async\" src=\"https:\/\/www.startlap.hu\/utazas\/uploads\/sites\/3\/2021\/01\/mav-350x285.jpg\" class=\"m-readMoreWidget__img\">\n\t\t<\/a>\n\t<\/div>\n\t<div class=\"m-readMoreWidget__titleWrapper title-wrapper col-12 col-md-8\">\n\t\t<span class=\"m-readMoreWidget__titleLabel u-shortDecorLineBefore label hidden-sm-up\">Ez is \u00e9rdekelhet:<\/span>\n\t\t<h3 class=\"m-readMoreWidget__title title\">\n\t\t\t<a class=\"m-readMoreWidget__titleLink -secondFont u-bold u-upperCase\" href=\"https:\/\/www.startlap.hu\/utazas\/mav-hev-volanbusz-berlet-utazas\/\" >Egyre t\u00f6bb vonalon utazhatnak egy b\u00e9rlettel a M\u00c1V, a H\u00c9V \u00e9s a Vol\u00e1nbusz utasai<\/a>\n\t\t<\/h3>\n\t\t<a class=\"m-readMoreWidget__btn -coloredBack u-tC link\" href=\"https:\/\/www.startlap.hu\/utazas\/mav-hev-volanbusz-berlet-utazas\/\" >Elolvasom<\/a>\n\t<\/div>\n<\/div>\n<p>A 2020. \u00e9vre \u00e9rv\u00e9nyes \u00e9ves orsz\u00e1gos \u00e9s megyei e-<strong>matric\u00e1k 2021. janu\u00e1r 31-\u00e9n<\/strong> <strong>\u00e9jf\u00e9lig biztos\u00edtanak \u00fathaszn\u00e1lati jogosults\u00e1got<\/strong>. A 2021-re \u00e9rv\u00e9nyes \u00e9ves vignett\u00e1k \u00e9rv\u00e9nyess\u00e9gi ideje a v\u00e1s\u00e1rl\u00e1s id\u0151pontj\u00e1ban kezd\u0151dik \u00e9s 2022. janu\u00e1r 31-ig tart &#8211; h\u00edvja fel a figyelmet a szolg\u00e1ltat\u00f3. A N\u00daSZ Zrt. az aut\u00f3p\u00e1lya-matric\u00e1k online beszerz\u00e9s\u00e9hez a saj\u00e1t, mobiltelefonra is optimaliz\u00e1lt ematrica.nemzetiutdij.hu oldal\u00e1t aj\u00e1nlja, ahol k\u00e9nyelmi d\u00edj n\u00e9lk\u00fcl int\u00e9zhet\u0151 a v\u00e1s\u00e1rl\u00e1s, \u00e9s az azt igazol\u00f3 bizonylatot, nyugt\u00e1z\u00f3 \u00e9rtes\u00edt\u00e9st sem kell meg\u0151rizni az e-matrica \u00e9rv\u00e9nyess\u00e9g\u00e9nek lej\u00e1rta ut\u00e1n k\u00e9t \u00e9vig &#8211; \u00edrja a Nemzeti \u00datd\u00edjfizet\u00e9si Szolg\u00e1ltat\u00f3 Zrt. a k\u00f6zlem\u00e9ny\u00e9ben.<\/p>\n","protected":false},"excerpt":{"rendered":"<p>Id\u00e9n janu\u00e1rban a Nemzeti \u00datd\u00edjfizet\u00e9si Szolg\u00e1ltat\u00f3 Zrt. (N\u00daSZ Zrt.) mobil ellen\u0151rz\u00e9si egys\u00e9geinek irod\u00e1iban is lehet majd aut\u00f3p\u00e1lya-matric\u00e1kat v\u00e1s\u00e1rolni &#8211; k\u00f6z\u00f6lte a szolg\u00e1ltat\u00f3.<\/p>\n","protected":false},"author":43,"featured_media":20924,"comment_status":"open","ping_status":"open","sticky":false,"template":"","format":"standard","meta":{"footnotes":""},"categories":[7],"tags":[1147,3470],"class_list":["post-20920","post","type-post","status-publish","format-standard","has-post-thumbnail","hentry","category-belfold-utazas","tag-autopalya","tag-autopalya-matrica"],"aioseo_notices":[],"_links":{"self":[{"href":"https:\/\/www.startlap.hu\/utazas\/wp-json\/wp\/v2\/posts\/20920","targetHints":{"allow":["GET"]}}],"collection":[{"href":"https:\/\/www.startlap.hu\/utazas\/wp-json\/wp\/v2\/posts"}],"about":[{"href":"https:\/\/www.startlap.hu\/utazas\/wp-json\/wp\/v2\/types\/post"}],"author":[{"embeddable":true,"href":"https:\/\/www.startlap.hu\/utazas\/wp-json\/wp\/v2\/users\/43"}],"replies":[{"embeddable":true,"href":"https:\/\/www.startlap.hu\/utazas\/wp-json\/wp\/v2\/comments?post=20920"}],"version-history":[{"count":7,"href":"https:\/\/www.startlap.hu\/utazas\/wp-json\/wp\/v2\/posts\/20920\/revisions"}],"predecessor-version":[{"id":20959,"href":"https:\/\/www.startlap.hu\/utazas\/wp-json\/wp\/v2\/posts\/20920\/revisions\/20959"}],"wp:featuredmedia":[{"embeddable":true,"href":"https:\/\/www.startlap.hu\/utazas\/wp-json\/wp\/v2\/media\/20924"}],"wp:attachment":[{"href":"https:\/\/www.startlap.hu\/utazas\/wp-json\/wp\/v2\/media?parent=20920"}],"wp:term":[{"taxonomy":"category","embeddable":true,"href":"https:\/\/www.startlap.hu\/utazas\/wp-json\/wp\/v2\/categories?post=20920"},{"taxonomy":"post_tag","embeddable":true,"href":"https:\/\/www.startlap.hu\/utazas\/wp-json\/wp\/v2\/tags?post=20920"}],"curies":[{"name":"wp","href":"https:\/\/api.w.org\/{rel}","templated":true}]}}