{"id":20869,"date":"2021-01-08T19:03:42","date_gmt":"2021-01-08T18:03:42","guid":{"rendered":"https:\/\/www.startlap.hu\/utazas\/?p=20869"},"modified":"2021-01-08T13:41:55","modified_gmt":"2021-01-08T12:41:55","slug":"gyerekbarat-tortenelmi-latnivalok-maltan","status":"publish","type":"post","link":"https:\/\/www.startlap.hu\/utazas\/gyerekbarat-tortenelmi-latnivalok-maltan\/","title":{"rendered":"Gyerekbar\u00e1t t\u00f6rt\u00e9nelmi l\u00e1tnival\u00f3k M\u00e1lt\u00e1n"},"content":{"rendered":"<p>Az al\u00e1bbiakban M\u00e1lta \u201e7 csod\u00e1j\u00e1t\u201d &#8211; a legfontosabb m\u00e1ltai \u00f6r\u00f6ks\u00e9gi helysz\u00edneket &#8211; szedt\u00fck egy csokorba, abban a rem\u00e9nyben, hogy min\u00e9l t\u00f6bb kisgyermekes csal\u00e1dot inspir\u00e1lunk M\u00e1lta k\u00fcl\u00f6nleges t\u00f6rt\u00e9nelmi helysz\u00edneinek, m\u00fazeumjainak sz\u00f3rakoztat\u00f3 felfedez\u00e9s\u00e9re. A legt\u00f6bb m\u00e1ltai m\u00fazeumba az 5 \u00e9ves vagy ann\u00e1l fiatalabb gyermekek sz\u00e1m\u00e1ra ingyenes a bel\u00e9p\u00e9s, \u00e9s az id\u0151sebb gyermekek sz\u00e1m\u00e1ra kedvezm\u00e9nyes d\u00edjakat biztos\u00edtanak. A legt\u00f6bb helyen m\u00e1r a gyerekek ig\u00e9nyeihez igazodva, sokkal sz\u00f3rakoztat\u00f3bb, interakt\u00edv, l\u00e1tv\u00e1nyos form\u00e1ban lehet a ki\u00e1ll\u00edtott t\u00e1rgyakat, m\u0171eml\u00e9keket megismerni.<\/p>\n<h2><strong>Neolitikus templomok<\/strong><\/h2>\n<p>A m\u00e1ltai szigetek k\u00f6r\u00fcl rengeteg \u0151skori templomrom tal\u00e1lhat\u00f3, \u00e9s ebb\u0151l hat szerepel az UNESCO vil\u00e1g\u00f6r\u00f6ks\u00e9gi list\u00e1j\u00e1n. Ezek: \u0120gantija, \u0126a\u0121ar Qim, Mnajdra, Skorba, Ta \u2019\u0126a\u0121rat \u00e9s Tarxien. B\u00e1r <strong>szerkezet\u00fck hasonl\u00f3, m\u00e9gis nagyon egyedi \u00e9p\u00edt\u00e9szeti remekm\u0171vek<\/strong>, k\u00fcl\u00f6n\u00f6sen, ha figyelembe vessz\u00fck az \u00e9p\u00edt\u0151k sz\u00e1m\u00e1ra anno rendelkez\u00e9sre \u00e1ll\u00f3 korl\u00e1tozott er\u0151forr\u00e1sokat. Miben k\u00fcl\u00f6nb\u00f6znek az egyes templomok a m\u00e1sikt\u00f3l?<\/p>\n<ul>\n<li>\u0126a\u0121ar Qim &amp; Mnajdra: ez a k\u00e9t templom mind\u00f6ssze 500 m\u00e9terre van egym\u00e1st\u00f3l (k\u00f6z\u00f6s a bel\u00e9p\u0151jegy), ut\u00f3bbi \u00e9p\u00edt\u00e9szeti k\u00fcl\u00f6nlegess\u00e9ge legink\u00e1bb napfordul\u00f3k \u00e9s nap\u00e9jegyenl\u0151s\u00e9gek idej\u00e9n l\u00e1that\u00f3. A k\u00f6rny\u00e9k el\u00e9g kop\u00e1r, lesz\u00e1m\u00edtva a \u0126amrija \u0151rtornyot, amely Fifla-szigetre n\u00e9z.<\/li>\n<li>\u0120gantija: ezek a vil\u00e1g legr\u00e9gebbi ember alkotta, szabadon \u00e1ll\u00f3 m\u0171eml\u00e9kei, amelyek i.e. 3600-3200 k\u00f6z\u00f6tt \u00e9p\u00fcltek, \u00e9s id\u0151sebbek, mint Stonehenge vagy ak\u00e1r a g\u00edzai piramisok.<\/li>\n<li>A Tarxien a templom\u00e9p\u00edt\u00e9s fiatalabb v\u00e1ltozata, i.e.3250-b\u0151l.<\/li>\n<li>Skorba jelent\u0151s\u00e9ge ink\u00e1bb a maradv\u00e1nyokban tal\u00e1lhat\u00f3, mint mag\u00e1ban az \u00e9p\u00fcletben. A templomban tal\u00e1lt sz\u00e9nr\u00e9szlet i.e. 4800-ra dat\u00e1lhat\u00f3.<\/li>\n<li>A Ta \u2019\u0126agrat templomok mind\u00f6ssze 1 km-re tal\u00e1lhat\u00f3k Skorb\u00e1t\u00f3l. A helysz\u00ednen egy \u0151skori falut tal\u00e1ltak.<\/li>\n<\/ul>\n<p>Tipp: A helysz\u00ednek a legt\u00f6bb esetben babakocsival is megk\u00f6zel\u00edthet\u0151k, b\u00e1r kiss\u00e9 r\u00f6g\u00f6s lehet az \u00fat a templomok k\u00f6zel\u00e9ben.<\/p>\n<figure id=\"attachment_20872\" aria-describedby=\"caption-attachment-20872\" style=\"width: 755px\" class=\"wp-caption alignnone\"><img loading=\"lazy\" decoding=\"async\" class=\"size-article-size-large-image wp-image-20872\" src=\"https:\/\/www.startlap.hu\/utazas\/uploads\/sites\/3\/2021\/01\/Mnajdra-Temples-in-Zurrieq-Malta-755x503.jpg\" alt=\"\" width=\"755\" height=\"503\" srcset=\"https:\/\/www.startlap.hu\/utazas\/uploads\/sites\/3\/2021\/01\/Mnajdra-Temples-in-Zurrieq-Malta-755x503.jpg 755w, https:\/\/www.startlap.hu\/utazas\/uploads\/sites\/3\/2021\/01\/Mnajdra-Temples-in-Zurrieq-Malta-525x350.jpg 525w, https:\/\/www.startlap.hu\/utazas\/uploads\/sites\/3\/2021\/01\/Mnajdra-Temples-in-Zurrieq-Malta.jpg 1296w\" sizes=\"auto, (max-width: 755px) 100vw, 755px\" \/><figcaption id=\"caption-attachment-20872\" class=\"wp-caption-text\">Mnajdra<\/figcaption><\/figure>\n<h2><strong>St. John&#8217;s Co-Cathedral<\/strong><\/h2>\n<p>Eredetileg a Szent J\u00e1nos Rend temploma volt, \u00e9s jelenleg a M\u00e1ltai R\u00f3mai Katolikus Egyh\u00e1zmegye sz\u00e9khelye. Mint katedr\u00e1lis, ezen tituluson a r\u00e9gebbi mdinai Szent P\u00e1l-sz\u00e9kesegyh\u00e1zzal osztozik. A t\u00e1rssz\u00e9kesegyh\u00e1zat a h\u00edres m\u00e1ltai \u00e9p\u00edt\u00e9sz, \u0120ilormu Cassar tervezte, aki Valletta v\u00e1ros vezet\u0151 \u00e9p\u00edt\u00e9sze volt. M\u00e1lta egyik legh\u00edresebb m\u0171alkot\u00e1s\u00e1nak ad otthont &#8211; Caravaggio Szent J\u00e1nos lefejez\u00e9se, amelyet csak 2 \u00e9vvel hal\u00e1la el\u0151tt fejezett be. A t\u00e1rssz\u00e9kesegyh\u00e1z belseje \u00f6nmag\u00e1ban is k\u00fcl\u00f6nleges &#8211; minden fresk\u00f3t Mattia Preti m\u0171v\u00e9sz k\u00e9sz\u00edtett.<\/p>\n<p>\u00c9rdekess\u00e9gek a katedr\u00e1lisr\u00f3l:<\/p>\n<ul>\n<li>A templom padozat\u00e1ban 375 lovag \u00e9s rendi tiszt s\u00edrja tal\u00e1lhat\u00f3!<\/li>\n<li>A k\u00fcls\u0151 erk\u00e9lyr\u0151l jelentett\u00e9k be az \u00fajonnan megv\u00e1lasztott nagymesterek nev\u00e9t.<\/li>\n<\/ul>\n<h2><strong>G\u0127ar Dalam<\/strong><\/h2>\n<p>A \u201es\u00f6t\u00e9ts\u00e9g barlangja\u201d M\u00e1lta egyetlen olyan barlangja, ahol fosszilis \u00e1llatok lerak\u00f3d\u00e1sait fedezt\u00e9k fel, \u00edgy ez a legfontosabb paleontol\u00f3giai helysz\u00edn a szigeteken. A 144 m\u00e9ter m\u00e9ly barlangban \u0151si \u00e9s kihalt \u00e1llatok csontjai, illetve maradv\u00e1nyai tal\u00e1lhat\u00f3k az utols\u00f3 j\u00e9gkorszakb\u00f3l, k\u00f6zt\u00fck megtal\u00e1lhat\u00f3k t\u00f6rpeelef\u00e1ntok, v\u00edzil\u00f3, szarvasok \u00e9s medv\u00e9k.<\/p>\n<figure id=\"attachment_20871\" aria-describedby=\"caption-attachment-20871\" style=\"width: 755px\" class=\"wp-caption alignnone\"><img loading=\"lazy\" decoding=\"async\" class=\"size-article-size-large-image wp-image-20871\" src=\"https:\/\/www.startlap.hu\/utazas\/uploads\/sites\/3\/2021\/01\/ghar-dalam-cave-26269-755x503.jpg\" alt=\"\" width=\"755\" height=\"503\" srcset=\"https:\/\/www.startlap.hu\/utazas\/uploads\/sites\/3\/2021\/01\/ghar-dalam-cave-26269-755x503.jpg 755w, https:\/\/www.startlap.hu\/utazas\/uploads\/sites\/3\/2021\/01\/ghar-dalam-cave-26269-525x350.jpg 525w, https:\/\/www.startlap.hu\/utazas\/uploads\/sites\/3\/2021\/01\/ghar-dalam-cave-26269.jpg 1200w\" sizes=\"auto, (max-width: 755px) 100vw, 755px\" \/><figcaption id=\"caption-attachment-20871\" class=\"wp-caption-text\">Ghar Dalam<\/figcaption><\/figure>\n<p>\u00c9rdekes t\u00e9ny: A legm\u00e9lyebb r\u00e9teg k\u00f6r\u00fclbel\u00fcl 500 000 \u00e9ves, a legifjabb, amely a sziget els\u0151 emberi maradv\u00e1nyait tartalmazza, 7400 \u00e9ves.<\/p>\n<h2><strong>Sacra Infermeria<\/strong><\/h2>\n<p>A Sacra Infermeria a 18. sz\u00e1zadig Eur\u00f3pa egyik vezet\u0151 k\u00f3rh\u00e1za volt. A Szent J\u00e1nos rend a 16. sz\u00e1zadban \u00e9p\u00edtette, 1920-ig k\u00f3rh\u00e1zk\u00e9nt m\u0171k\u00f6d\u00f6tt. <strong>Egyszerre ak\u00e1r 2500 beteget tudott elsz\u00e1ll\u00e1solni<\/strong> \u00e9s k\u00e9t gy\u00f3gyszert\u00e1rral rendelkezett. M\u00e1ltai \u00e9s k\u00fclf\u00f6ldi betegeket egyar\u00e1nt fogadott, \u00e9s sz\u00e1ll\u00e1st biztos\u00edtott a Szentf\u00f6ldre utaz\u00f3 zar\u00e1ndokoknak. A Sacra Infermeria Valletta d\u00e9li r\u00e9sz\u00e9n tal\u00e1lhat\u00f3, \u00e9s az egyik legn\u00e9pszer\u0171bb hely Vallett\u00e1ban.<\/p>\n<blockquote class=\"article__extraTxt\"><p>\u00c9rdekes t\u00e9ny: A pinceszinten miniat\u0171r korh\u00e1z ki\u00e1ll\u00edt\u00e1s mutatja be a johannita k\u00f3rh\u00e1z m\u0171k\u00f6d\u00e9s\u00e9t, ahol ez\u00fcst eszk\u00f6z\u00f6ket haszn\u00e1ltak \u2013 biztos\u00edtva a fert\u0151tlen\u00edt\u00e9st &#8211; f\u00fcggetlen\u00fcl a beteg t\u00e1rsadalmi st\u00e1tusz\u00e1t\u00f3l.<\/p><\/blockquote>\n<h2><strong>St. Angelo<\/strong>&nbsp;<strong>er\u0151d<\/strong><\/h2>\n<p>M\u00e1lt\u00e1t sokszor er\u0151dszigetk\u00e9nt is emlegetik, nevezetesen a sziget k\u00f6r\u00fcli tal\u00e1lhat\u00f3 sz\u00e1mos er\u0151d miatt. A St. Angelo er\u0151d a k\u00e9s\u0151 k\u00f6z\u00e9pkort\u00f3l kezdve kast\u00e9ly volt, b\u00e1rki, aki az elm\u00falt 1000 \u00e9vben megszerezte az ir\u00e1ny\u00edt\u00e1st ezen a ter\u00fcleten, uralkodhatott a m\u00e1ltai szigeteken, mivel ez a Nagykik\u00f6t\u0151 feletti ir\u00e1ny\u00edt\u00e1st jelentette. Nagyon fontos szerepet j\u00e1tszott az 1565-\u00f6s M\u00e1lta nagy ostrom\u00e1ban.<\/p>\n<p>\u00c9rdekes t\u00e9ny: A Szent J\u00e1nos Rend a megl\u00e9v\u0151 szerkezetet er\u0151dd\u00e9 emelte, \u00edgy az er\u0151d 1530-ban a nagymester sz\u00e9khelye lett. A St Angelo-er\u0151d fontos szerepet j\u00e1tszott a m\u00e1sodik vil\u00e1gh\u00e1bor\u00fa l\u00e9git\u00e1mad\u00e1sai sor\u00e1n is.<\/p>\n<figure id=\"attachment_20875\" aria-describedby=\"caption-attachment-20875\" style=\"width: 755px\" class=\"wp-caption alignnone\"><img loading=\"lazy\" decoding=\"async\" class=\"size-article-size-large-image wp-image-20875\" src=\"https:\/\/www.startlap.hu\/utazas\/uploads\/sites\/3\/2021\/01\/Fort_St_Angelo_4-755x440.jpg\" alt=\"\" width=\"755\" height=\"440\" srcset=\"https:\/\/www.startlap.hu\/utazas\/uploads\/sites\/3\/2021\/01\/Fort_St_Angelo_4-755x440.jpg 755w, https:\/\/www.startlap.hu\/utazas\/uploads\/sites\/3\/2021\/01\/Fort_St_Angelo_4-600x350.jpg 600w, https:\/\/www.startlap.hu\/utazas\/uploads\/sites\/3\/2021\/01\/Fort_St_Angelo_4.jpg 1296w\" sizes=\"auto, (max-width: 755px) 100vw, 755px\" \/><figcaption id=\"caption-attachment-20875\" class=\"wp-caption-text\">St. Angelo er\u0151d<\/figcaption><\/figure>\n<p>Tipp: A Grand Harbour \u00e9s k\u00f6rny\u00e9k\u00e9re a legjobb kil\u00e1t\u00e1sa az er\u0151d l\u00e9pcs\u0151ir\u0151l ny\u00edlik. Ez\u00e9rt azt javasoljuk, hogy haszn\u00e1ljon babahordoz\u00f3t a k\u00e9nyelmes mozg\u00e1shoz.<\/p>\n<h2><strong>Inkviz\u00edtori palota<\/strong><\/h2>\n<p>A palota, egy egyed\u00fcl\u00e1ll\u00f3 \u00e9p\u00edt\u00e9szeti gy\u00f6ngyszem, egy k\u0151haj\u00edt\u00e1snyira van a St. Angelo er\u0151dt\u0151l, \u00edgy legjobb a kett\u0151t egyszerre, egy Birgu-kir\u00e1ndul\u00e1s alkalm\u00e1val felkeresni. Az inkviz\u00edtor a Szentsz\u00e9k nagyk\u00f6vete \u00e9s k\u00f6zvetlen k\u00e9pvisel\u0151je volt. C\u00e9lja az volt, hogy a katolikusokt\u00f3l elv\u00e1rt, helyes viselked\u00e9st \u00e9s meggy\u0151z\u0151d\u00e9st kik\u00e9nyszer\u00edtse ak\u00e1r k\u00ednz\u00e1sokkal, ahol sz\u00fcks\u00e9ges volt.<\/p>\n<p>\u00c9rdekes t\u00e9ny: Az inkviz\u00edtor \u00e1ltal\u00e1ban a nagymester \u00e9s a p\u00fcsp\u00f6k k\u00f6zti vit\u00e1k alkalm\u00e1val sz\u00f3lt csak az \u00e9rintettekhez, mivel a p\u00e1pa ambici\u00f3zus papokat k\u00fcld\u00f6tt, aki erre is k\u00e9pes volt. A m\u00e1ltai inkviz\u00edtorokb\u00f3l t\u00f6bben b\u00edborosokk\u00e1 v\u00e1ltak, \u00e9s kett\u0151t k\u00f6z\u00fcl\u00fck k\u00e9s\u0151bb p\u00e1p\u00e1v\u00e1 is v\u00e1lasztottak.<\/p>\n<div class=\"o-widget m-readMoreWidget -readMore u-shortDecorLineAfter row widget-container _ce_measure_widget bigdata-widget read-more\" data-ce-measure-widget=\"olvass tov\u00e1bb\">\n\t<div class=\"m-readMoreWidget__imgWrapper image-wrapper col-12 col-md-4 no-p\">\n\t\t<a class=\"m-readMoreWidget__imgLink\" href=\"https:\/\/www.startlap.hu\/utazas\/valletta-malta-katedralis-virtualis-tarlat\/\" >\n\t\t\t<img decoding=\"async\" src=\"https:\/\/www.startlap.hu\/utazas\/uploads\/sites\/3\/2020\/08\/szent-pal-katedralis-350x285.jpg\" class=\"m-readMoreWidget__img\">\n\t\t<\/a>\n\t<\/div>\n\t<div class=\"m-readMoreWidget__titleWrapper title-wrapper col-12 col-md-8\">\n\t\t<span class=\"m-readMoreWidget__titleLabel u-shortDecorLineBefore label hidden-sm-up\">Ez is \u00e9rdekelhet:<\/span>\n\t\t<h3 class=\"m-readMoreWidget__title title\">\n\t\t\t<a class=\"m-readMoreWidget__titleLink -secondFont u-bold u-upperCase\" href=\"https:\/\/www.startlap.hu\/utazas\/valletta-malta-katedralis-virtualis-tarlat\/\" >M\u00e1r a vallettai Szent P\u00e1l anglik\u00e1n sz\u00e9kesegyh\u00e1zat is bej\u00e1rhatjuk virtu\u00e1lisan<\/a>\n\t\t<\/h3>\n\t\t<a class=\"m-readMoreWidget__btn -coloredBack u-tC link\" href=\"https:\/\/www.startlap.hu\/utazas\/valletta-malta-katedralis-virtualis-tarlat\/\" >Elolvasom<\/a>\n\t<\/div>\n<\/div>\n<h2><strong>\u0126al Saflieni Hypogeum<\/strong><\/h2>\n<p>V\u00e9g\u00fcl, de nem utols\u00f3sorban &#8211; a hypogeum. G\u00f6r\u00f6g\u00fcl sz\u00f3 szerint \u201ea f\u00f6ld alatt\u201d-at jelent. A \u0126al Saflieni hypogeum, amely szint\u00e9n az UNESCO Vil\u00e1g\u00f6r\u00f6ks\u00e9g r\u00e9sze, a neolitikum kor\u00e1ban \u00e9p\u00fclt f\u00f6ldalatti temetkez\u00e9si hely, \u00e9s k\u00f6r\u00fclbel\u00fcl 7000 ember maradv\u00e1nyait tartalmazza h\u00e1rom szinten, ie 4000 \u00e9s ie 2500 k\u00f6z\u00f6tti id\u0151szakb\u00f3l. Ami \u00e9rdekes, hogy n\u00e9h\u00e1ny kamr\u00e1t \u00fagy t\u0171nik, hogy<strong> a f\u00f6ld f\u00f6l\u00f6tt tal\u00e1lhat\u00f3 h\u00edres megalitikus templomok ut\u00e1nz\u00e1s\u00e1val v\u00e1gtak ki.<\/strong> M\u00e1s kamr\u00e1k v\u00f6r\u00f6s okkert, \u00e1sv\u00e1nyi pigmentet tartalmaznak, mely az egyetlen \u0151skori falfestm\u00e9ny a m\u00e1ltai szigeteken.<\/p>\n<p>\u00c9rdekes t\u00e9ny: Ez a f\u00f6ldalatti \u201elabirintus\u201d az egyetlen ismert Eur\u00f3p\u00e1ban ebb\u0151l az id\u0151szakb\u00f3l, \u00e9p\u00edt\u00e9szeti min\u0151s\u00e9g\u00e9vel \u00e9s figyelemrem\u00e9lt\u00f3an j\u00f3l meg\u0151rz\u00f6tt \u00e1llapot\u00e1val.<\/p>\n<figure id=\"attachment_20874\" aria-describedby=\"caption-attachment-20874\" style=\"width: 755px\" class=\"wp-caption alignnone\"><img loading=\"lazy\" decoding=\"async\" class=\"size-article-size-large-image wp-image-20874\" src=\"https:\/\/www.startlap.hu\/utazas\/uploads\/sites\/3\/2021\/01\/Hypogeum-755x390.png\" alt=\"\" width=\"755\" height=\"390\" srcset=\"https:\/\/www.startlap.hu\/utazas\/uploads\/sites\/3\/2021\/01\/Hypogeum-755x390.png 755w, https:\/\/www.startlap.hu\/utazas\/uploads\/sites\/3\/2021\/01\/Hypogeum-677x350.png 677w, https:\/\/www.startlap.hu\/utazas\/uploads\/sites\/3\/2021\/01\/Hypogeum.png 1434w\" sizes=\"auto, (max-width: 755px) 100vw, 755px\" \/><figcaption id=\"caption-attachment-20874\" class=\"wp-caption-text\">Hypogeum<\/figcaption><\/figure>\n<p>Tipp: C\u00e9lszer\u0171 a bel\u00e9p\u0151jegyeket el\u0151re online lefoglalni, mivel a l\u00e1togat\u00f3k sz\u00e1ma korl\u00e1tozott, \u00e9s a vezetett t\u00far\u00e1k \u00e1ltal\u00e1ban hetekkel kor\u00e1bban teljesen betelnek. A Tarxien templomok a k\u00f6zelben vannak, \u00edgy j\u00f3l kombin\u00e1lhat\u00f3 a kett\u0151.<\/p>\n<div class=\"o-widget m-readMoreWidget -readMore u-shortDecorLineAfter row widget-container _ce_measure_widget bigdata-widget read-more\" data-ce-measure-widget=\"olvass tov\u00e1bb\">\n\t<div class=\"m-readMoreWidget__imgWrapper image-wrapper col-12 col-md-4 no-p\">\n\t\t<a class=\"m-readMoreWidget__imgLink\" href=\"https:\/\/www.startlap.hu\/utazas\/vakcinautlevel-koronavirus-utazas-2021\/\" >\n\t\t\t<img decoding=\"async\" src=\"https:\/\/www.startlap.hu\/utazas\/uploads\/sites\/3\/2020\/07\/utazas_borond_utlevel-350x285.jpg\" class=\"m-readMoreWidget__img\">\n\t\t<\/a>\n\t<\/div>\n\t<div class=\"m-readMoreWidget__titleWrapper title-wrapper col-12 col-md-8\">\n\t\t<span class=\"m-readMoreWidget__titleLabel u-shortDecorLineBefore label hidden-sm-up\">Ez is \u00e9rdekelhet:<\/span>\n\t\t<h3 class=\"m-readMoreWidget__title title\">\n\t\t\t<a class=\"m-readMoreWidget__titleLink -secondFont u-bold u-upperCase\" href=\"https:\/\/www.startlap.hu\/utazas\/vakcinautlevel-koronavirus-utazas-2021\/\" >Hamarosan j\u00f6het a vakcina\u00fatlev\u00e9l<\/a>\n\t\t<\/h3>\n\t\t<a class=\"m-readMoreWidget__btn -coloredBack u-tC link\" href=\"https:\/\/www.startlap.hu\/utazas\/vakcinautlevel-koronavirus-utazas-2021\/\" >Elolvasom<\/a>\n\t<\/div>\n<\/div>\n","protected":false},"excerpt":{"rendered":"<p>M\u00e1lta kiv\u00e1l\u00f3s\u00e1gai: a szigetek legjobb 7 gyermekbar\u00e1t \u201ecsoda\u201d l\u00e1tnival\u00f3ja.<\/p>\n","protected":false},"author":43,"featured_media":20875,"comment_status":"open","ping_status":"open","sticky":false,"template":"","format":"standard","meta":{"footnotes":""},"categories":[70],"tags":[249],"class_list":["post-20869","post","type-post","status-publish","format-standard","has-post-thumbnail","hentry","category-vilag","tag-malta"],"aioseo_notices":[],"_links":{"self":[{"href":"https:\/\/www.startlap.hu\/utazas\/wp-json\/wp\/v2\/posts\/20869","targetHints":{"allow":["GET"]}}],"collection":[{"href":"https:\/\/www.startlap.hu\/utazas\/wp-json\/wp\/v2\/posts"}],"about":[{"href":"https:\/\/www.startlap.hu\/utazas\/wp-json\/wp\/v2\/types\/post"}],"author":[{"embeddable":true,"href":"https:\/\/www.startlap.hu\/utazas\/wp-json\/wp\/v2\/users\/43"}],"replies":[{"embeddable":true,"href":"https:\/\/www.startlap.hu\/utazas\/wp-json\/wp\/v2\/comments?post=20869"}],"version-history":[{"count":5,"href":"https:\/\/www.startlap.hu\/utazas\/wp-json\/wp\/v2\/posts\/20869\/revisions"}],"predecessor-version":[{"id":20964,"href":"https:\/\/www.startlap.hu\/utazas\/wp-json\/wp\/v2\/posts\/20869\/revisions\/20964"}],"wp:featuredmedia":[{"embeddable":true,"href":"https:\/\/www.startlap.hu\/utazas\/wp-json\/wp\/v2\/media\/20875"}],"wp:attachment":[{"href":"https:\/\/www.startlap.hu\/utazas\/wp-json\/wp\/v2\/media?parent=20869"}],"wp:term":[{"taxonomy":"category","embeddable":true,"href":"https:\/\/www.startlap.hu\/utazas\/wp-json\/wp\/v2\/categories?post=20869"},{"taxonomy":"post_tag","embeddable":true,"href":"https:\/\/www.startlap.hu\/utazas\/wp-json\/wp\/v2\/tags?post=20869"}],"curies":[{"name":"wp","href":"https:\/\/api.w.org\/{rel}","templated":true}]}}