{"id":20779,"date":"2021-01-06T07:03:16","date_gmt":"2021-01-06T06:03:16","guid":{"rendered":"https:\/\/www.startlap.hu\/utazas\/?p=20779"},"modified":"2021-01-06T14:46:10","modified_gmt":"2021-01-06T13:46:10","slug":"ferihegy-bejelentette-ezek-a-jaratok-indulnak-januarban-budapestrol","status":"publish","type":"post","link":"https:\/\/www.startlap.hu\/utazas\/ferihegy-bejelentette-ezek-a-jaratok-indulnak-januarban-budapestrol\/","title":{"rendered":"Ferihegy bejelentette: ezek a j\u00e1ratok indulnak janu\u00e1rban Budapestr\u0151l"},"content":{"rendered":"<p>A 2021 els\u0151 h\u00f3napj\u00e1ban az al\u00e1bbiak szerint alakul a budapesti rep\u00fcl\u0151t\u00e9rr\u0151l el\u00e9rhet\u0151 j\u00e1ratok menetrendje:<\/p>\n<table class=\"data-table\" style=\"width: 992px\">\n<tbody>\n<tr>\n<td style=\"width: 173.4px\"><strong>Aeroflot<\/strong><\/td>\n<td style=\"width: 668.6px\">Moszkva<\/td>\n<td style=\"width: 128px\">2<\/td>\n<\/tr>\n<tr>\n<td style=\"width: 173.4px\"><strong>Easyjet<\/strong><\/td>\n<td style=\"width: 668.6px\">B\u00e1zel<\/td>\n<td style=\"width: 128px\">4<\/td>\n<\/tr>\n<tr>\n<td style=\"width: 173.4px\"><strong>Easyjet<\/strong><\/td>\n<td style=\"width: 668.6px\">Genf<\/td>\n<td style=\"width: 128px\">1<\/td>\n<\/tr>\n<tr>\n<td style=\"width: 173.4px\"><strong>Easyjet<\/strong><\/td>\n<td style=\"width: 668.6px\">London<\/td>\n<td style=\"width: 128px\">3<\/td>\n<\/tr>\n<tr>\n<td style=\"width: 173.4px\"><strong>Egyptair<\/strong><\/td>\n<td style=\"width: 668.6px\">Kair\u00f3<\/td>\n<td style=\"width: 128px\">2<\/td>\n<\/tr>\n<tr>\n<td style=\"width: 173.4px\"><strong>Egyptair<\/strong><\/td>\n<td style=\"width: 668.6px\">Hurghada<\/td>\n<td style=\"width: 128px\">1<\/td>\n<\/tr>\n<tr>\n<td style=\"width: 173.4px\"><strong>Emirates<\/strong><\/td>\n<td style=\"width: 668.6px\">Dubaj<\/td>\n<td style=\"width: 128px\">2<\/td>\n<\/tr>\n<tr>\n<td style=\"width: 173.4px\"><strong>Finnair<\/strong><\/td>\n<td style=\"width: 668.6px\">Helsinki<\/td>\n<td style=\"width: 128px\">2<\/td>\n<\/tr>\n<tr>\n<td style=\"width: 173.4px\"><strong>KLM Royal Dutch Airlines<\/strong><\/td>\n<td style=\"width: 668.6px\">Amszterdam<\/td>\n<td style=\"width: 128px\">17<\/td>\n<\/tr>\n<tr>\n<td style=\"width: 173.4px\"><strong>LOT Polish Airlines<\/strong><\/td>\n<td style=\"width: 668.6px\">Sz\u00f6ul<\/td>\n<td style=\"width: 128px\">1<\/td>\n<\/tr>\n<tr>\n<td style=\"width: 173.4px\"><strong>LOT Polish Airlines<\/strong><\/td>\n<td style=\"width: 668.6px\">Vars\u00f3<\/td>\n<td style=\"width: 128px\">10<\/td>\n<\/tr>\n<tr>\n<td style=\"width: 173.4px\"><strong>Lufthansa<\/strong><\/td>\n<td style=\"width: 668.6px\">Frankfurt<\/td>\n<td style=\"width: 128px\">14<\/td>\n<\/tr>\n<tr>\n<td style=\"width: 173.4px\"><strong>Qatar Airways<\/strong><\/td>\n<td style=\"width: 668.6px\">Doha<\/td>\n<td style=\"width: 128px\">3<\/td>\n<\/tr>\n<tr>\n<td style=\"width: 173.4px\"><strong>Ryanair<\/strong><\/td>\n<td style=\"width: 668.6px\">Br\u00fcsszel, Berlin, Bristol, Dublin, Edinburgh, Lisszabon, London, Madrid, R\u00f3ma<\/td>\n<td style=\"width: 128px\">R\u00e9szletek a l\u00e9git\u00e1rsas\u00e1g weboldal\u00e1n<\/td>\n<\/tr>\n<tr>\n<td style=\"width: 173.4px\"><strong>Swiss<\/strong><\/td>\n<td style=\"width: 668.6px\">Z\u00fcrich<\/td>\n<td style=\"width: 128px\">2<\/td>\n<\/tr>\n<tr>\n<td style=\"width: 173.4px\"><strong>Turkish Airlines<\/strong><\/td>\n<td style=\"width: 668.6px\">Isztambul<\/td>\n<td style=\"width: 128px\">5<\/td>\n<\/tr>\n<tr>\n<td style=\"width: 173.4px\"><strong>Wizz Air<\/strong><\/td>\n<td style=\"width: 668.6px\">Barcelona, B\u00e1zel, Berlin, Birmingham, Br\u00fcsszel, Dortmund, Eindhoven, G\u00f6teborg, Kijev, Lisszabon, Liverpool, London, Madrid, Malaga, Malm\u00f6, M\u00e1lta, Mil\u00e1n\u00f3, P\u00e1rizs, R\u00f3ma, Stockholm, Tel Aviv, Tenerife<\/td>\n<td style=\"width: 128px\">R\u00e9szletek a l\u00e9git\u00e1rsas\u00e1g weboldal\u00e1n<\/td>\n<\/tr>\n<\/tbody>\n<\/table>\n<p>&nbsp;<\/p>\n<p>A j\u00e1rv\u00e1nyhelyzettel \u00f6sszef\u00fcgg\u00e9sben hozott nemzetk\u00f6zi szab\u00e1lyoz\u00e1sok f\u00fcggv\u00e9ny\u00e9ben a l\u00e9git\u00e1rsas\u00e1gok menetrendje v\u00e1ltozhat, \u00e9ppen ez\u00e9rt arra k\u00e9rik az utasokat, hogy utaz\u00e1suk tervez\u00e9sekor t\u00e1j\u00e9koz\u00f3djanak az adott l\u00e9git\u00e1rsas\u00e1g weboldal\u00e1n. A rep\u00fcl\u0151t\u00e9r-\u00fczemeltet\u0151 felh\u00edvja az utasok figyelm\u00e9t, hogy folyamatosan k\u00f6vess\u00e9k figyelemmel az Egyes\u00fclt Kir\u00e1lys\u00e1g lez\u00e1r\u00e1s\u00e1val kapcsolatos menetrendi v\u00e1ltoz\u00e1sokat is &#8211; k\u00f6z\u00f6lte szok\u00e1sos rep\u00fcl\u0151t\u00e9ri \u00e9rtes\u00edt\u0151j\u00e9ben a <a href=\"https:\/\/www.bud.hu\/budapest_airport\/media\/hirek\/aktualis_sajtokozlemenyek\/repuloteri_ertesito_2021_januar_5.html\" target=\"_blank\" target=\"_blank\" rel=\"noopener noreferrer\">Budapest Airport<\/a>. Azt is kiemelt\u00e9k, hogy a <strong>2B Termin\u00e1l f\u00f6ldi oldal\u00e1n kialak\u00edtott tesztk\u00f6zpont<\/strong> szolg\u00e1ltat\u00e1sait b\u00e1rki \u2013 nem csak utasok \u2013 ig\u00e9nybe veheti, \u00e9s k\u00e9rheti PCR vagy antig\u00e9n koronav\u00edrus gyorsteszt elv\u00e9gz\u00e9s\u00e9t. A tesztk\u00f6zpont nyitva tart\u00e1sa:&nbsp;mindennap 8:00-20:00&nbsp;(A nyitva tart\u00e1s a menetrend, tov\u00e1bb\u00e1 a megn\u00f6vekedett ig\u00e9nyek t\u00fckr\u00e9ben bizonyos napokon v\u00e1ltozhat\/hosszabb lehet.)<\/p>\n<div class=\"o-widget m-readMoreWidget -readMore u-shortDecorLineAfter row widget-container _ce_measure_widget bigdata-widget read-more\" data-ce-measure-widget=\"olvass tov\u00e1bb\">\n\t<div class=\"m-readMoreWidget__imgWrapper image-wrapper col-12 col-md-4 no-p\">\n\t\t<a class=\"m-readMoreWidget__imgLink\" href=\"https:\/\/www.startlap.hu\/utazas\/koronavirus-tesztkozpont-nyilt-a-budapesti-repuloteren\/\" >\n\t\t\t<img decoding=\"async\" src=\"https:\/\/www.startlap.hu\/utazas\/uploads\/sites\/3\/2020\/12\/GettyImages-1235708761-350x285.jpg\" class=\"m-readMoreWidget__img\">\n\t\t<\/a>\n\t<\/div>\n\t<div class=\"m-readMoreWidget__titleWrapper title-wrapper col-12 col-md-8\">\n\t\t<span class=\"m-readMoreWidget__titleLabel u-shortDecorLineBefore label hidden-sm-up\">Ez is \u00e9rdekelhet:<\/span>\n\t\t<h3 class=\"m-readMoreWidget__title title\">\n\t\t\t<a class=\"m-readMoreWidget__titleLink -secondFont u-bold u-upperCase\" href=\"https:\/\/www.startlap.hu\/utazas\/koronavirus-tesztkozpont-nyilt-a-budapesti-repuloteren\/\" >Koronav\u00edrus tesztk\u00f6zpont ny\u00edlt a budapesti rep\u00fcl\u0151t\u00e9ren<\/a>\n\t\t<\/h3>\n\t\t<a class=\"m-readMoreWidget__btn -coloredBack u-tC link\" href=\"https:\/\/www.startlap.hu\/utazas\/koronavirus-tesztkozpont-nyilt-a-budapesti-repuloteren\/\" >Elolvasom<\/a>\n\t<\/div>\n<\/div>\n<p>A rep\u00fcl\u0151t\u00e9ri tesztel\u00e9ssel kapcsolatos legfontosabb inform\u00e1ci\u00f3k:<\/p>\n<ul>\n<li>A PCR tesztet, vagy antig\u00e9n gyorstesztet id\u0151pontfoglal\u00e1s n\u00e9lk\u00fcl lehet elv\u00e9geztetni. A tesztek elv\u00e9gz\u00e9s\u00e9hez csup\u00e1n online regisztr\u00e1ci\u00f3 sz\u00fcks\u00e9ges, amely okostelefon vagy sz\u00e1m\u00edt\u00f3g\u00e9p seg\u00edts\u00e9g\u00e9vel elv\u00e9gezhet\u0151 a&nbsp;<a href=\"https:\/\/bud.umedhub.com\/\" target=\"_blank\">https:\/\/bud.umedhub.com\/<\/a>weboldalon.<\/li>\n<li>A PCR teszt eredm\u00e9ny\u00e9r\u0151l a tesztet k\u00f6vet\u0151 24-48 \u00f3r\u00e1n bel\u00fcl elektronikus \u00e9rtes\u00edt\u00e9st kapnak a sz\u0171r\u00e9st ig\u00e9nybe vev\u0151k. A PCR teszt hat\u00f3s\u00e1gilag meghat\u00e1rozott \u00e1ra 19.500 Ft.<\/li>\n<li>Az antig\u00e9n gyorsteszt eredm\u00e9ny\u00e9r\u0151l a tesztel\u00e9st k\u00f6vet\u0151 15-20 percben, szint\u00e9n e-mailben t\u00e1j\u00e9koztatj\u00e1k a tesztelt szem\u00e9lyt. Az antig\u00e9n gyorsteszt \u00e1ra 11.000 Ft.<\/li>\n<li>A teszteredm\u00e9ny ig\u00e9ny eset\u00e9n magyar \u00e9s angol nyelven is k\u00e9rhet\u0151.<\/li>\n<li>A regisztr\u00e1ci\u00f3t k\u00f6vet\u0151en a felhaszn\u00e1l\u00f3 e-mailben megkapja azt a QR-k\u00f3dot, amelyet a helysz\u00ednen, \u00e9rint\u00e9smentesen beszkennelhet, bankk\u00e1rty\u00e1val kifizeti a tesztel\u00e9st, \u00e9s azonnal megkapja a sorsz\u00e1m\u00e1t.<\/li>\n<li>A hat\u00e1lyos korm\u00e1nyrendelet \u00e9rtelm\u00e9ben a k\u00fclf\u00f6ldr\u0151l \u00e9rkez\u0151 magyar \u00e1llampolg\u00e1r 2 negat\u00edv PCR teszt elv\u00e9gz\u00e9s\u00e9vel mentes\u00fclhet a karant\u00e9nk\u00f6telezetts\u00e9g al\u00f3l.<\/li>\n<\/ul>\n<p>Ami a termin\u00e1l m\u0171k\u00f6d\u00e9s\u00e9t \u00e9s az utasszolg\u00e1ltat\u00e1sokat illeti, a Budapest Airport a 2A Termin\u00e1l indul\u00e1si \u00e9s \u00e9rkez\u00e9si csarnok\u00e1t ideiglenesen ism\u00e9t lez\u00e1rja, az utasfelv\u00e9tel, valamint a biztons\u00e1gi ellen\u0151rz\u00e9s a 2B Termin\u00e1lon t\u00f6rt\u00e9nik.<\/p>\n<blockquote class=\"article__extraTxt\"><p>A Schengeni \u00f6vezetbe indul\u00f3 j\u00e1ratok a 2A Termin\u00e1lon \u00e9s a B utasm\u00f3l\u00f3n tal\u00e1lhat\u00f3 besz\u00e1ll\u00edt\u00f3kapukt\u00f3l, a Schengeni \u00f6vezeten k\u00edv\u00fcli orsz\u00e1gokba k\u00f6zleked\u0151 j\u00e1ratok a 2B Termin\u00e1lon \u00e9s a B utasm\u00f3l\u00f3n tal\u00e1lhat\u00f3 besz\u00e1ll\u00edt\u00f3kapukt\u00f3l indulnak.<\/p><\/blockquote>\n<p>Az \u00e9rkez\u0151 j\u00e1ratok utasainak ellen\u0151rz\u00e9se a 2B Termin\u00e1lon \u00e9s a B utasm\u00f3l\u00f3n zajlik, az utasok a poggy\u00e1szokat a 2B Termin\u00e1l poggy\u00e1szkiad\u00f3 ter\u00fcletein tudj\u00e1k \u00e1tvenni. Az 1. utasm\u00f3l\u00f3t a Budapest Airport szint\u00e9n ideiglenesen lez\u00e1rja. Az utasok hossz\u00fat\u00e1v\u00fa parkol\u00e1s c\u00e9lj\u00e1b\u00f3l a Holiday Parkol\u00f3t, r\u00f6vidt\u00e1v\u00fa parkol\u00e1s c\u00e9lj\u00e1b\u00f3l a Terminal Parkol\u00f3t vehetik ig\u00e9nybe. A Pr\u00e9mium Parkol\u00f3 kiz\u00e1r\u00f3lag az utasok ki-\u00e9s besz\u00e1ll\u00e1sa idej\u00e9re vehet\u0151 ig\u00e9nybe.<\/p>\n<div class=\"article\">\n<div class=\"inner shift\">\n<div class=\"content\">\n<div class=\"clear\">&nbsp;<\/div>\n<\/div>\n<div class=\"clear\">&nbsp;<\/div>\n<\/div>\n<div class=\"clear\">&nbsp;<\/div>\n<\/div>\n","protected":false},"excerpt":{"rendered":"<p>A Budapest Airport k\u00f6z\u00f6lte, melyik j\u00e1ratokra lehet sz\u00e1m\u00edtani az \u00e9v els\u0151 h\u00f3napj\u00e1ban, sz\u00f3ltak a termin\u00e1lok m\u0171k\u00f6d\u00e9si rendj\u00e9r\u0151l \u00e9s a vadi\u00faj tesztk\u00f6zpontr\u00f3l is.<\/p>\n","protected":false},"author":43,"featured_media":5437,"comment_status":"open","ping_status":"open","sticky":false,"template":"","format":"standard","meta":{"footnotes":""},"categories":[7],"tags":[740,1437,1383,2197],"class_list":["post-20779","post","type-post","status-publish","format-standard","has-post-thumbnail","hentry","category-belfold-utazas","tag-budapest-airport","tag-budapest-liszt-ferenc-nemzetkozi-repuloter","tag-ferihegy","tag-jaratok"],"aioseo_notices":[],"_links":{"self":[{"href":"https:\/\/www.startlap.hu\/utazas\/wp-json\/wp\/v2\/posts\/20779","targetHints":{"allow":["GET"]}}],"collection":[{"href":"https:\/\/www.startlap.hu\/utazas\/wp-json\/wp\/v2\/posts"}],"about":[{"href":"https:\/\/www.startlap.hu\/utazas\/wp-json\/wp\/v2\/types\/post"}],"author":[{"embeddable":true,"href":"https:\/\/www.startlap.hu\/utazas\/wp-json\/wp\/v2\/users\/43"}],"replies":[{"embeddable":true,"href":"https:\/\/www.startlap.hu\/utazas\/wp-json\/wp\/v2\/comments?post=20779"}],"version-history":[{"count":9,"href":"https:\/\/www.startlap.hu\/utazas\/wp-json\/wp\/v2\/posts\/20779\/revisions"}],"predecessor-version":[{"id":20805,"href":"https:\/\/www.startlap.hu\/utazas\/wp-json\/wp\/v2\/posts\/20779\/revisions\/20805"}],"wp:featuredmedia":[{"embeddable":true,"href":"https:\/\/www.startlap.hu\/utazas\/wp-json\/wp\/v2\/media\/5437"}],"wp:attachment":[{"href":"https:\/\/www.startlap.hu\/utazas\/wp-json\/wp\/v2\/media?parent=20779"}],"wp:term":[{"taxonomy":"category","embeddable":true,"href":"https:\/\/www.startlap.hu\/utazas\/wp-json\/wp\/v2\/categories?post=20779"},{"taxonomy":"post_tag","embeddable":true,"href":"https:\/\/www.startlap.hu\/utazas\/wp-json\/wp\/v2\/tags?post=20779"}],"curies":[{"name":"wp","href":"https:\/\/api.w.org\/{rel}","templated":true}]}}