{"id":20743,"date":"2021-01-19T07:33:31","date_gmt":"2021-01-19T06:33:31","guid":{"rendered":"https:\/\/www.startlap.hu\/utazas\/?p=20743"},"modified":"2021-01-19T00:38:51","modified_gmt":"2021-01-18T23:38:51","slug":"mi-var-az-ingatlanpiacra-a-koronavirus-jarvany-utan","status":"publish","type":"post","link":"https:\/\/www.startlap.hu\/utazas\/mi-var-az-ingatlanpiacra-a-koronavirus-jarvany-utan\/","title":{"rendered":"Mi v\u00e1r az ingatlanpiacra a koronav\u00edrus-j\u00e1rv\u00e1ny ut\u00e1n?"},"content":{"rendered":"<p>A korm\u00e1ny tavaly \u0151sszel jelentette be az \u00faj otthonteremt\u00e9si t\u00e1mogat\u00e1sok sor\u00e1t, \u00edgy \u00e9v v\u00e9g\u00e9n&nbsp; m\u00e9g azok is v\u00e1rtak az ingatlanv\u00e1s\u00e1rl\u00e1ssal, akik&nbsp; nem is ig\u00e9nyelhetik a kedvezm\u00e9nyeket. A keresletcs\u00f6kken\u00e9s ugyanakkor csak \u00e1tmeneti volt, s\u0151t, <strong>2020 utols\u00f3 k\u00e9t h\u00f3napj\u00e1ban dinamikusan emelkedett a megk\u00f6t\u00f6tt el\u0151szerz\u0151d\u00e9sek sz\u00e1ma<\/strong>. Gadanecz Zolt\u00e1n, a GDN Ingatlanh\u00e1l\u00f3zat alap\u00edt\u00f3-tulajdonosa arr\u00f3l besz\u00e9lt, az emberek t\u00falnyom\u00f3 t\u00f6bbs\u00e9ge ingatlanba fekteti a p\u00e9nz\u00e9t, mert biztons\u00e1gosnak \u00edt\u00e9lik a piacot. A j\u00e1rv\u00e1ny idej\u00e9n ugyan rengeteg volt a bizonytalans\u00e1g, de ahogy haladunk a v\u00e9ge fel\u00e9, egyre t\u00f6bben mernek majd ism\u00e9t ingatlant v\u00e1s\u00e1rolni.<\/p>\n<figure id=\"attachment_20744\" aria-describedby=\"caption-attachment-20744\" style=\"width: 755px\" class=\"wp-caption alignnone\"><img loading=\"lazy\" decoding=\"async\" class=\"size-article-size-large-image wp-image-20744\" src=\"https:\/\/www.startlap.hu\/utazas\/uploads\/sites\/3\/2021\/01\/gettty-755x485.jpg\" alt=\"\" width=\"755\" height=\"485\" srcset=\"https:\/\/www.startlap.hu\/utazas\/uploads\/sites\/3\/2021\/01\/gettty-755x485.jpg 755w, https:\/\/www.startlap.hu\/utazas\/uploads\/sites\/3\/2021\/01\/gettty-545x350.jpg 545w, https:\/\/www.startlap.hu\/utazas\/uploads\/sites\/3\/2021\/01\/gettty.jpg 1296w\" sizes=\"auto, (max-width: 755px) 100vw, 755px\" \/><figcaption id=\"caption-attachment-20744\" class=\"wp-caption-text\">Illusztr\u00e1ci\u00f3: Getty Images<\/figcaption><\/figure>\n<p>\u201eTavaszt\u00f3l eg\u00e9szen ny\u00e1r v\u00e9g\u00e9ig egy fokozatos \u00e9l\u00e9nk\u00fcl\u00e9sre sz\u00e1m\u00edtok az ingatlanpiacon, \u0151szre pedig a kr\u00edzis el\u0151tti szintet \u00fctheti az ad\u00e1s-v\u00e9telek sz\u00e1ma. Sokan eszm\u00e9lnek r\u00e1 arra, hogy minden f\u00e9lelm\u00fck ellen\u00e9re nem j\u00f6ttek ki vesztesen a j\u00e1rv\u00e1nyb\u00f3l, az esetleges bev\u00e9telkies\u00e9s sem okozott drasztikus v\u00e1ltoz\u00e1st az \u00e9let\u00fckben, \u00e9s \u00fajra mernek hossz\u00fa t\u00e1vra tervezni\u201d \u2013 magyar\u00e1zta Gadanecz Zolt\u00e1n. A szakember arr\u00f3l is sz\u00f3t ejtett, tapasztalatai szerint a j\u00e1rv\u00e1ny kezdete \u00f3ta sok v\u00e1s\u00e1rl\u00f3 v\u00e1r arra, hogy elkezdjenek cs\u00f6kkenni az ingatlan\u00e1rak, de szinte kiz\u00e1rt, hogy ez megt\u00f6rt\u00e9njen.<\/p>\n<blockquote class=\"article__extraTxt\"><p>Az emberek tov\u00e1bbra is az ingatlanbefektet\u00e9st tartj\u00e1k a legbiztons\u00e1gosabbnak, \u00e9s aki esetleg arra v\u00e1r, hogy majd elkezdenek zuhanni a lak\u00e1s\u00e1rak, csal\u00f3dni fog.<\/p><\/blockquote>\n<p>\u201e2021 harmadik negyed\u00e9v\u00e9ben olyan nagy lesz a kereslet, hogy az mag\u00e1val h\u00fazza a k\u00edn\u00e1latot \u00e9s \u00edgy az \u00e1rakat is, teh\u00e1t ha valaki addig nem mer l\u00e9pni, val\u00f3sz\u00edn\u0171leg rosszabbul j\u00e1r, mintha ny\u00e1r v\u00e9g\u00e9ig ny\u00e9lbe \u00fctn\u00e9 az \u00fczletet. Az elk\u00e9sz\u00fclt koronav\u00edrus-vakcin\u00e1knak k\u00f6sz\u00f6nhet\u0151en apr\u00e1nk\u00e9nt elkezdhet\u00fcnk haladni a r\u00e9gi \u00e9let\u00fcnk fel\u00e9, \u00e9s ez egyben azt is jelenti, hogy az ingatlanpiacra is visszat\u00e9rnek majd a vev\u0151k\u201d \u2013 \u00e9rt\u00e9kelt a GDN Ingatlanh\u00e1l\u00f3zat alap\u00edt\u00f3-tulajdonosa. A szakember ezzel kapcsolatban hozz\u00e1tette, a nagyobb v\u00e1rosokban munkahelyek is vannak, a kisebb telep\u00fcl\u00e9sek lak\u00f3i pedig helyben k\u00f6ltik el a p\u00e9nz\u00fcket, \u00edgy \u00e9l\u00e9nk\u00edtik a gazdas\u00e1got. \u00c9ppen ez\u00e9rt n\u0151het az \u00e9rdekl\u0151d\u00e9s t\u00f6bbek k\u00f6z\u00f6tt a falusi CSOK ir\u00e1nt, mert <strong>sokan ink\u00e1bb v\u00e1llalj\u00e1k azt is, hogy az agglomer\u00e1ci\u00f3b\u00f3l j\u00e1rnak be dolgozni<\/strong>, mint lemondjanak a kertes h\u00e1zr\u00f3l.<\/p>\n<div class=\"o-widget m-readMoreWidget -readMore u-shortDecorLineAfter row widget-container _ce_measure_widget bigdata-widget read-more\" data-ce-measure-widget=\"olvass tov\u00e1bb\">\n\t<div class=\"m-readMoreWidget__imgWrapper image-wrapper col-12 col-md-4 no-p\">\n\t\t<a class=\"m-readMoreWidget__imgLink\" href=\"https:\/\/www.startlap.hu\/utazas\/budapest-videk-alberlet-ingatlan\/\" >\n\t\t\t<img decoding=\"async\" src=\"https:\/\/www.startlap.hu\/utazas\/uploads\/sites\/3\/2020\/12\/GettyImages-1207726662-350x285.jpg\" class=\"m-readMoreWidget__img\">\n\t\t<\/a>\n\t<\/div>\n\t<div class=\"m-readMoreWidget__titleWrapper title-wrapper col-12 col-md-8\">\n\t\t<span class=\"m-readMoreWidget__titleLabel u-shortDecorLineBefore label hidden-sm-up\">Ez is \u00e9rdekelhet:<\/span>\n\t\t<h3 class=\"m-readMoreWidget__title title\">\n\t\t\t<a class=\"m-readMoreWidget__titleLink -secondFont u-bold u-upperCase\" href=\"https:\/\/www.startlap.hu\/utazas\/budapest-videk-alberlet-ingatlan\/\" >Az \u00e1prilisi m\u00e9lypont ut\u00e1n \u00edgy alakulnak az ingatlan\u00e1rak<\/a>\n\t\t<\/h3>\n\t\t<a class=\"m-readMoreWidget__btn -coloredBack u-tC link\" href=\"https:\/\/www.startlap.hu\/utazas\/budapest-videk-alberlet-ingatlan\/\" >Elolvasom<\/a>\n\t<\/div>\n<\/div>\n","protected":false},"excerpt":{"rendered":"<p>A szak\u00e9rt\u0151 szerint \u0151szre ism\u00e9t el\u00e9rheti a j\u00e1rv\u00e1ny el\u0151tti szintet az ad\u00e1s-v\u00e9telek sz\u00e1ma. <\/p>\n","protected":false},"author":43,"featured_media":20744,"comment_status":"open","ping_status":"open","sticky":false,"template":"","format":"standard","meta":{"footnotes":""},"categories":[7],"tags":[1794,3439],"class_list":["post-20743","post","type-post","status-publish","format-standard","has-post-thumbnail","hentry","category-belfold-utazas","tag-ingatlan","tag-lakasvasarlas"],"aioseo_notices":[],"_links":{"self":[{"href":"https:\/\/www.startlap.hu\/utazas\/wp-json\/wp\/v2\/posts\/20743","targetHints":{"allow":["GET"]}}],"collection":[{"href":"https:\/\/www.startlap.hu\/utazas\/wp-json\/wp\/v2\/posts"}],"about":[{"href":"https:\/\/www.startlap.hu\/utazas\/wp-json\/wp\/v2\/types\/post"}],"author":[{"embeddable":true,"href":"https:\/\/www.startlap.hu\/utazas\/wp-json\/wp\/v2\/users\/43"}],"replies":[{"embeddable":true,"href":"https:\/\/www.startlap.hu\/utazas\/wp-json\/wp\/v2\/comments?post=20743"}],"version-history":[{"count":4,"href":"https:\/\/www.startlap.hu\/utazas\/wp-json\/wp\/v2\/posts\/20743\/revisions"}],"predecessor-version":[{"id":21421,"href":"https:\/\/www.startlap.hu\/utazas\/wp-json\/wp\/v2\/posts\/20743\/revisions\/21421"}],"wp:featuredmedia":[{"embeddable":true,"href":"https:\/\/www.startlap.hu\/utazas\/wp-json\/wp\/v2\/media\/20744"}],"wp:attachment":[{"href":"https:\/\/www.startlap.hu\/utazas\/wp-json\/wp\/v2\/media?parent=20743"}],"wp:term":[{"taxonomy":"category","embeddable":true,"href":"https:\/\/www.startlap.hu\/utazas\/wp-json\/wp\/v2\/categories?post=20743"},{"taxonomy":"post_tag","embeddable":true,"href":"https:\/\/www.startlap.hu\/utazas\/wp-json\/wp\/v2\/tags?post=20743"}],"curies":[{"name":"wp","href":"https:\/\/api.w.org\/{rel}","templated":true}]}}