{"id":20447,"date":"2020-12-21T16:33:33","date_gmt":"2020-12-21T15:33:33","guid":{"rendered":"https:\/\/www.startlap.hu\/utazas\/?p=20447"},"modified":"2020-12-21T15:54:56","modified_gmt":"2020-12-21T14:54:56","slug":"koronavirus-tesztkozpont-nyilt-a-budapesti-repuloteren","status":"publish","type":"post","link":"https:\/\/www.startlap.hu\/utazas\/koronavirus-tesztkozpont-nyilt-a-budapesti-repuloteren\/","title":{"rendered":"Koronav\u00edrus tesztk\u00f6zpont ny\u00edlt a budapesti rep\u00fcl\u0151t\u00e9ren"},"content":{"rendered":"<p>Koronav\u00edrus tesztk\u00f6zpont ny\u00edlt a budapesti rep\u00fcl\u0151t\u00e9r 2B Termin\u00e1l \u00e9rkez\u00e9si szintj\u00e9n, a mindenki \u00e1ltal el\u00e9rhet\u0151 f\u00f6ldi oldalon. A szolg\u00e1ltat\u00e1st b\u00e1rki ig\u00e9nybe veheti, de k\u00fcl\u00f6n\u00f6sen nagy seg\u00edts\u00e9get jelenthet &nbsp;az \u00e9rkez\u0151, de ak\u00e1r az indul\u00f3 utasok sz\u00e1m\u00e1ra is. A <strong>PCR tesztet id\u0151pontfoglal\u00e1s n\u00e9lk\u00fcl lehet elv\u00e9geztetni<\/strong>, az eredm\u00e9nyr\u0151l pedig a tesztet k\u00f6vet\u0151 24-48 \u00f3r\u00e1n bel\u00fcl elektronikus \u00e9rtes\u00edt\u00e9st kapnak a sz\u0171r\u00e9st ig\u00e9nybe vev\u0151k. A sz\u0171r\u0151\u00e1llom\u00e1son antig\u00e9n gyorsteszt elv\u00e9gz\u00e9s\u00e9re is van lehet\u0151s\u00e9g, amelynek eredm\u00e9ny\u00e9r\u0151l a tesztel\u00e9st k\u00f6vet\u0151 15-20 percben, szint\u00e9n e-mailben t\u00e1j\u00e9koztatj\u00e1k a tesztelt szem\u00e9lyt.<\/p>\n<p>A tesztel\u00e9s a 2B Termin\u00e1l \u00e9rkez\u00e9si szintj\u00e9n, egy 37 n\u00e9gyzetm\u00e9teren kialak\u00edtott helyis\u00e9gben, profi k\u00f6r\u00fclm\u00e9nyek k\u00f6z\u00f6tt, szakemberek bevon\u00e1s\u00e1val zajlik. A tesztk\u00f6zpont mellett tal\u00e1lhat\u00f3 inform\u00e1ci\u00f3s pultn\u00e1l b\u00e1rki t\u00e1j\u00e9koz\u00f3dhat a tesztel\u00e9s folyamat\u00e1r\u00f3l, a tesztelni \u00e9rkez\u0151k eligaz\u00edt\u00e1s\u00e1t pedig a termin\u00e1l t\u00f6bb pontj\u00e1n is hostessek seg\u00edtik &#8211; k\u00f6z\u00f6lte a <a href=\"https:\/\/www.bud.hu\/budapest_airport\/media\/hirek\/aktualis_sajtokozlemenyek\/koronavirus_tesztkozpont_nyilt_a_budapest_liszt_ferenc_nemzetkozi_repuloteren.html\" target=\"_blank\" target=\"_blank\" rel=\"noopener noreferrer\">Budapest Airport<\/a>.<\/p>\n<h2>G\u00f6rd\u00fcl\u00e9keny \u00fcgyint\u00e9z\u00e9s \u00e9s tesztel\u00e9s<\/h2>\n<p>A tesztek elv\u00e9gz\u00e9s\u00e9hez el\u0151zetes bejelentkez\u00e9s nem, csup\u00e1n online regisztr\u00e1ci\u00f3 sz\u00fcks\u00e9ges, amelyet okostelefonja vagy sz\u00e1m\u00edt\u00f3g\u00e9pe seg\u00edts\u00e9g\u00e9vel b\u00e1rki elv\u00e9gezhet <a href=\"https:\/\/bud.umedhub.com\/\" target=\"_blank\" target=\"_blank\" rel=\"noopener noreferrer\">ezen a weboldalon<\/a>. Ezt k\u00f6vet\u0151en a felhaszn\u00e1l\u00f3 e-mailben megkapja azt a QR-k\u00f3dot, amelyet a helysz\u00ednen, \u00e9rint\u00e9smentesen beszkennelhet, \u00e9s azonnal megkapja a sorsz\u00e1m\u00e1t. A rep\u00fcl\u0151t\u00e9r-\u00fczemeltet\u0151<strong> a tesztk\u00f6zpont el\u0151tti v\u00e1r\u00f3ter\u00fcleten sorsz\u00e1mh\u00edv\u00f3kat helyezett ki,<\/strong> amelyeknek k\u00f6sz\u00f6nhet\u0151en a v\u00e1rakoz\u00e1s k\u00e9nyelmesebb k\u00f6r\u00fclm\u00e9nyek k\u00f6z\u00f6tt, a t\u00e1vols\u00e1gtart\u00e1s betart\u00e1s\u00e1val \u00e9s sorban \u00e1ll\u00e1s n\u00e9lk\u00fcl val\u00f3sulhat meg. A regisztr\u00e1ci\u00f3 sor\u00e1n a felhaszn\u00e1l\u00f3 online kifizetheti a PCR teszt \u00f6sszeg\u00e9t \u2013 a hat\u00f3s\u00e1gilag meghat\u00e1rozott 19 500 forintot -, el\u0151seg\u00edtve a g\u00f6rd\u00fcl\u00e9kenyebb \u00fcgyint\u00e9z\u00e9st.<\/p>\n<figure id=\"attachment_20059\" aria-describedby=\"caption-attachment-20059\" style=\"width: 755px\" class=\"wp-caption alignnone\"><img loading=\"lazy\" decoding=\"async\" class=\"size-article-size-large-image wp-image-20059\" src=\"https:\/\/www.startlap.hu\/utazas\/uploads\/sites\/3\/2020\/12\/GettyImages-1235708761-755x504.jpg\" alt=\"\" width=\"755\" height=\"504\" srcset=\"https:\/\/www.startlap.hu\/utazas\/uploads\/sites\/3\/2020\/12\/GettyImages-1235708761-755x504.jpg 755w, https:\/\/www.startlap.hu\/utazas\/uploads\/sites\/3\/2020\/12\/GettyImages-1235708761-524x350.jpg 524w, https:\/\/www.startlap.hu\/utazas\/uploads\/sites\/3\/2020\/12\/GettyImages-1235708761.jpg 1272w\" sizes=\"auto, (max-width: 755px) 100vw, 755px\" \/><figcaption id=\"caption-attachment-20059\" class=\"wp-caption-text\">Illusztr\u00e1ci\u00f3: Getty Images<\/figcaption><\/figure>\n<p>\u201eM\u00e1r a koronav\u00edrus-j\u00e1rv\u00e1ny eur\u00f3pai megjelen\u00e9s\u00e9t\u0151l kezdve minden \u00f3vint\u00e9zked\u00e9st bevezett\u00fcnk az utasok \u00e9s a rep\u00fcl\u0151t\u00e9ri szem\u00e9lyzet eg\u00e9szs\u00e9g\u00e9nek v\u00e9delme \u00e9rdek\u00e9ben. Az EASA \u00e1ltal is kiadott protokollnak megfelel\u0151en folyamatos fert\u0151tlen\u00edt\u0151 takar\u00edt\u00e1ssal \u00e9s a szoci\u00e1lis t\u00e1vols\u00e1gtart\u00e1s el\u0151seg\u00edt\u00e9s\u00e9vel biztos\u00edtjuk, hogy a rep\u00fcl\u0151t\u00e9r eg\u00e9szs\u00e9g\u00fcgyi szempontb\u00f3l is biztons\u00e1gos k\u00f6rnyezet legyen\u201d \u2013 mondta Dr. Rolf Schnitzler, a Budapest Airport vez\u00e9rigazgat\u00f3ja. Hozz\u00e1tette:<\/p>\n<blockquote class=\"article__extraTxt\"><p>\u201eKiemelten fontos volt sz\u00e1munkra, hogy m\u00e9g az \u00fcnnepek el\u0151tt \u00e1tadjuk a rep\u00fcl\u0151t\u00e9ri COVID tesztk\u00f6zpontot, gyors \u00e9s biztons\u00e1gos tesztel\u00e9si lehet\u0151s\u00e9get k\u00edn\u00e1lva mindenkinek, k\u00fcl\u00f6n\u00f6s tekintettel az \u00fcnnepekre haza\u00e9rkez\u0151 utasokra.\u201d<\/p><\/blockquote>\n<p>A rep\u00fcl\u0151t\u00e9r-\u00fczemeltet\u0151 szak\u00e9rt\u0151k bevon\u00e1s\u00e1val alak\u00edtotta ki a tesztk\u00f6zpontot, \u00e9s tender \u00fatj\u00e1n v\u00e1lasztotta ki a t\u00f6bb\u00e9ves tapasztalattal rendelkez\u0151 Universal Medical Hub eg\u00e9szs\u00e9g\u00fcgyi szolg\u00e1ltat\u00f3t a sz\u0171r\u00e9sek elv\u00e9gz\u00e9s\u00e9re.<\/p>\n<div class=\"o-widget m-readMoreWidget -readMore u-shortDecorLineAfter row widget-container _ce_measure_widget bigdata-widget read-more\" data-ce-measure-widget=\"olvass tov\u00e1bb\">\n\t<div class=\"m-readMoreWidget__imgWrapper image-wrapper col-12 col-md-4 no-p\">\n\t\t<a class=\"m-readMoreWidget__imgLink\" href=\"https:\/\/www.startlap.hu\/utazas\/wizz-air-a-repuloteri-covid-19-teszteles-lehet-a-megoldas\/\" >\n\t\t\t<img decoding=\"async\" src=\"https:\/\/www.startlap.hu\/utazas\/uploads\/sites\/3\/2020\/11\/Wizz-Air_1-350x285.jpg\" class=\"m-readMoreWidget__img\">\n\t\t<\/a>\n\t<\/div>\n\t<div class=\"m-readMoreWidget__titleWrapper title-wrapper col-12 col-md-8\">\n\t\t<span class=\"m-readMoreWidget__titleLabel u-shortDecorLineBefore label hidden-sm-up\">Ez is \u00e9rdekelhet:<\/span>\n\t\t<h3 class=\"m-readMoreWidget__title title\">\n\t\t\t<a class=\"m-readMoreWidget__titleLink -secondFont u-bold u-upperCase\" href=\"https:\/\/www.startlap.hu\/utazas\/wizz-air-a-repuloteri-covid-19-teszteles-lehet-a-megoldas\/\" >Wizz Air: A rep\u00fcl\u0151t\u00e9ri COVID-19 tesztel\u00e9s lehet a megold\u00e1s<\/a>\n\t\t<\/h3>\n\t\t<a class=\"m-readMoreWidget__btn -coloredBack u-tC link\" href=\"https:\/\/www.startlap.hu\/utazas\/wizz-air-a-repuloteri-covid-19-teszteles-lehet-a-megoldas\/\" >Elolvasom<\/a>\n\t<\/div>\n<\/div>\n<p>\u201eA priv\u00e1t eg\u00e9szs\u00e9g\u00fcgyi ell\u00e1t\u00e1s eg\u00e9sze \u00f3ri\u00e1si v\u00e1ltoz\u00e1son megy kereszt\u00fcl Magyarorsz\u00e1gon. Ebben a jelenleg is zajl\u00f3 \u00e1talakul\u00e1sban m\u00e9g er\u0151sebben jelenik meg az a piaci ig\u00e9ny, hogy mag\u00e1nszolg\u00e1ltat\u00f3k\u00e9nt \u00fcgyf\u00e9lcentrikus kiszolg\u00e1l\u00e1sban r\u00e9szes\u00edts\u00fck a p\u00e1cienseket\u201d \u2013 mondta Moln\u00e1r G\u00e1bor, a Universal Medical tulajdonosa, \u00fcgyvezet\u0151 igazgat\u00f3ja. Hozz\u00e1tette: \u201eA Universal Medical Hub csaknem tizenn\u00e9gy \u00e9ves tapasztalat\u00e1val egy olyan eur\u00f3pai sz\u00ednvonal\u00fa kiszolg\u00e1l\u00e1si rendszerben m\u0171k\u00f6dik, ahol a p\u00e1ciens nem csak a szavak szintj\u00e9n az els\u0151. Ez\u00e1ltal a legjobbat adhatjuk azoknak, akik a Liszt Ferenc Nemzetk\u00f6zi Rep\u00fcl\u0151t\u00e9ren v\u00e9geztetnek COVID-19 tesztet.\u201d<\/p>\n","protected":false},"excerpt":{"rendered":"<p>Mostant\u00f3l a Liszt Ferenc Nemzetk\u00f6zi Rep\u00fcl\u0151t\u00e9ren is lehet\u0151s\u00e9g van koronav\u00edrusteszt elv\u00e9gz\u00e9s\u00e9re; a Budapest Airport \u00e9s a Universal Medical Hub a 2B Termin\u00e1lon alak\u00edtott ki tesztel\u00e9si lehet\u0151s\u00e9get, ahol b\u00e1rki \u2013 nem csak utasok &#8211; k\u00e9rheti PCR, vagy antig\u00e9n koronav\u00edrus gyorsteszt elv\u00e9gz\u00e9s\u00e9t.<\/p>\n","protected":false},"author":43,"featured_media":20059,"comment_status":"open","ping_status":"open","sticky":false,"template":"","format":"standard","meta":{"footnotes":""},"categories":[7],"tags":[1437,3403],"class_list":["post-20447","post","type-post","status-publish","format-standard","has-post-thumbnail","hentry","category-belfold-utazas","tag-budapest-liszt-ferenc-nemzetkozi-repuloter","tag-koronavirus-tesztkozpont"],"aioseo_notices":[],"_links":{"self":[{"href":"https:\/\/www.startlap.hu\/utazas\/wp-json\/wp\/v2\/posts\/20447","targetHints":{"allow":["GET"]}}],"collection":[{"href":"https:\/\/www.startlap.hu\/utazas\/wp-json\/wp\/v2\/posts"}],"about":[{"href":"https:\/\/www.startlap.hu\/utazas\/wp-json\/wp\/v2\/types\/post"}],"author":[{"embeddable":true,"href":"https:\/\/www.startlap.hu\/utazas\/wp-json\/wp\/v2\/users\/43"}],"replies":[{"embeddable":true,"href":"https:\/\/www.startlap.hu\/utazas\/wp-json\/wp\/v2\/comments?post=20447"}],"version-history":[{"count":3,"href":"https:\/\/www.startlap.hu\/utazas\/wp-json\/wp\/v2\/posts\/20447\/revisions"}],"predecessor-version":[{"id":20482,"href":"https:\/\/www.startlap.hu\/utazas\/wp-json\/wp\/v2\/posts\/20447\/revisions\/20482"}],"wp:featuredmedia":[{"embeddable":true,"href":"https:\/\/www.startlap.hu\/utazas\/wp-json\/wp\/v2\/media\/20059"}],"wp:attachment":[{"href":"https:\/\/www.startlap.hu\/utazas\/wp-json\/wp\/v2\/media?parent=20447"}],"wp:term":[{"taxonomy":"category","embeddable":true,"href":"https:\/\/www.startlap.hu\/utazas\/wp-json\/wp\/v2\/categories?post=20447"},{"taxonomy":"post_tag","embeddable":true,"href":"https:\/\/www.startlap.hu\/utazas\/wp-json\/wp\/v2\/tags?post=20447"}],"curies":[{"name":"wp","href":"https:\/\/api.w.org\/{rel}","templated":true}]}}