{"id":20427,"date":"2020-12-20T18:04:52","date_gmt":"2020-12-20T17:04:52","guid":{"rendered":"https:\/\/www.startlap.hu\/utazas\/?p=20427"},"modified":"2020-12-20T18:04:52","modified_gmt":"2020-12-20T17:04:52","slug":"nyitas-sipalyak-epleny-matraszentistvan","status":"publish","type":"post","link":"https:\/\/www.startlap.hu\/utazas\/nyitas-sipalyak-epleny-matraszentistvan\/","title":{"rendered":"Elmondt\u00e1k, mikor nyithatnak ki a hazai s\u00edp\u00e1ly\u00e1k"},"content":{"rendered":"<p><strong>Nincs el\u00e9g hideg a h\u00f3\u00e1gy\u00faz\u00e1shoz<\/strong>, \u00edgy m\u00e9g nem nyitnak a hazai s\u00edp\u00e1ly\u00e1k \u2013 \u00e9rtes\u00fclt a <a href=\"https:\/\/magyarnemzet.hu\/gazdasag\/mar-hoagyuznanak-a-hazai-siparadicsomokban-9126125\/\" target=\"_blank\" target=\"_blank\" rel=\"noopener noreferrer\">Magyar Nemzet<\/a>.<\/p>\n<p>A m\u00e1traszentistv\u00e1ni s\u00edpark m\u0171szakilag m\u00e1r k\u00e9szen \u00e1ll a &#8222;t\u00e9li hadm\u0171veletre&#8221;, de am\u00edg nem s\u00fcllyed legal\u00e1bb m\u00ednusz 2 fok al\u00e1 a h\u0151m\u00e9r\u0151 higanysz\u00e1la, rem\u00e9nytelen pr\u00f3b\u00e1lkoz\u00e1s volna a m\u0171h\u00f3 el\u0151\u00e1ll\u00edt\u00e1sa \u2013 mondta a lapnak a m\u00e1trai s\u00edp\u00e1lya sz\u00f3viv\u0151je.<\/p>\n<p>Az id\u0151j\u00e1r\u00e1s-el\u0151rejelz\u00e9s alapj\u00e1n a m\u00e1trai \u00e9s b\u00fckki p\u00e1ly\u00e1k <strong>kar\u00e1csony m\u00e1snapj\u00e1n, azaz Szent Istv\u00e1n n\u00e9v\u00fcnnep\u00e9n nyithatnak ki<\/strong>, azonban mivel a j\u00e1rv\u00e1ny\u00fcgyi korl\u00e1toz\u00e1sok \u00e9rtelm\u00e9ben a hazai sz\u00e1ll\u00e1shelyek csak \u00fczleti c\u00e9llal fogadhatnak vend\u00e9geket, a s\u00edp\u00e1ly\u00e1k \u00fczemeltet\u0151i csak egynapos vend\u00e9gekre sz\u00e1m\u00edthatnak.<\/p>\n<p>A Balatonhoz legk\u00f6zelebb es\u0151 t\u00e9li sportk\u00f6zpont, <strong>az epl\u00e9nyi Intersport S\u00edar\u00e9na m\u00e1r k\u00e9t hete <a href=\"https:\/\/www.startlap.hu\/utazas\/megnyitott-az-eplenyi-sipalya\/\" target=\"_blank\" rel=\"noopener noreferrer\">kinyitott<\/a><\/strong>, \u00e1m a h\u00f3\u00e1gy\u00faz\u00e1sra m\u00e9g ott is v\u00e1rni kell.<\/p>\n<figure id=\"attachment_17424\" aria-describedby=\"caption-attachment-17424\" style=\"width: 755px\" class=\"wp-caption alignnone\"><img loading=\"lazy\" decoding=\"async\" class=\"size-article-size-large-image wp-image-17424\" src=\"https:\/\/www.startlap.hu\/utazas\/uploads\/sites\/3\/2020\/09\/sielo-755x458.jpg\" alt=\"\" width=\"755\" height=\"458\" srcset=\"https:\/\/www.startlap.hu\/utazas\/uploads\/sites\/3\/2020\/09\/sielo-755x458.jpg 755w, https:\/\/www.startlap.hu\/utazas\/uploads\/sites\/3\/2020\/09\/sielo-577x350.jpg 577w, https:\/\/www.startlap.hu\/utazas\/uploads\/sites\/3\/2020\/09\/sielo.jpg 1200w\" sizes=\"auto, (max-width: 755px) 100vw, 755px\" \/><figcaption id=\"caption-attachment-17424\" class=\"wp-caption-text\">Illusztr\u00e1ci\u00f3 (Getty Images)<\/figcaption><\/figure>\n<p>Epl\u00e9nyben \u00e9s M\u00e1traszentistv\u00e1non is szigor\u00fa v\u00edrusellenes biztons\u00e1gi el\u0151\u00edr\u00e1sok v\u00e1rj\u00e1k a s\u00edz\u0151ket. K\u00f6telez\u0151 a maszk \u00e9s a keszty\u0171 haszn\u00e1lata, a k\u00f6z\u00f6ss\u00e9gi helyis\u00e9gekben pedig be kell tartani a v\u00e9d\u0151t\u00e1vols\u00e1got. A s\u00edoktat\u00f3 \u00e9s tan\u00edtv\u00e1ny k\u00f6z\u00f6tt is el\u0151\u00edr\u00e1s a t\u00e1vols\u00e1gtart\u00e1s, hozz\u00e1tartoz\u00f3k, sz\u00fcl\u0151k nem tart\u00f3zkodhatnak az oktat\u00f3p\u00e1ly\u00e1n \u2013 \u00edrja a Magyar Nemzet.<\/p>\n","protected":false},"excerpt":{"rendered":"<p>Szigor\u00fa v\u00edrusellenes biztons\u00e1gi el\u0151\u00edr\u00e1sok v\u00e1rj\u00e1k majd a s\u00edz\u0151ket.<\/p>\n","protected":false},"author":36,"featured_media":17424,"comment_status":"open","ping_status":"open","sticky":false,"template":"","format":"standard","meta":{"footnotes":""},"categories":[7],"tags":[1321,3400,424],"class_list":["post-20427","post","type-post","status-publish","format-standard","has-post-thumbnail","hentry","category-belfold-utazas","tag-eplenyi-sipalya","tag-matraszentistvan","tag-sieles"],"aioseo_notices":[],"_links":{"self":[{"href":"https:\/\/www.startlap.hu\/utazas\/wp-json\/wp\/v2\/posts\/20427","targetHints":{"allow":["GET"]}}],"collection":[{"href":"https:\/\/www.startlap.hu\/utazas\/wp-json\/wp\/v2\/posts"}],"about":[{"href":"https:\/\/www.startlap.hu\/utazas\/wp-json\/wp\/v2\/types\/post"}],"author":[{"embeddable":true,"href":"https:\/\/www.startlap.hu\/utazas\/wp-json\/wp\/v2\/users\/36"}],"replies":[{"embeddable":true,"href":"https:\/\/www.startlap.hu\/utazas\/wp-json\/wp\/v2\/comments?post=20427"}],"version-history":[{"count":1,"href":"https:\/\/www.startlap.hu\/utazas\/wp-json\/wp\/v2\/posts\/20427\/revisions"}],"predecessor-version":[{"id":20428,"href":"https:\/\/www.startlap.hu\/utazas\/wp-json\/wp\/v2\/posts\/20427\/revisions\/20428"}],"wp:featuredmedia":[{"embeddable":true,"href":"https:\/\/www.startlap.hu\/utazas\/wp-json\/wp\/v2\/media\/17424"}],"wp:attachment":[{"href":"https:\/\/www.startlap.hu\/utazas\/wp-json\/wp\/v2\/media?parent=20427"}],"wp:term":[{"taxonomy":"category","embeddable":true,"href":"https:\/\/www.startlap.hu\/utazas\/wp-json\/wp\/v2\/categories?post=20427"},{"taxonomy":"post_tag","embeddable":true,"href":"https:\/\/www.startlap.hu\/utazas\/wp-json\/wp\/v2\/tags?post=20427"}],"curies":[{"name":"wp","href":"https:\/\/api.w.org\/{rel}","templated":true}]}}