{"id":20158,"date":"2020-12-11T18:03:36","date_gmt":"2020-12-11T17:03:36","guid":{"rendered":"https:\/\/www.startlap.hu\/utazas\/?p=20158"},"modified":"2020-12-11T17:21:56","modified_gmt":"2020-12-11T16:21:56","slug":"dusseldorfi-repuloter-festmeny","status":"publish","type":"post","link":"https:\/\/www.startlap.hu\/utazas\/dusseldorfi-repuloter-festmeny\/","title":{"rendered":"A kuk\u00e1b\u00f3l hal\u00e1sztak ki egy 280 ezer eur\u00f3t \u00e9r\u0151 festm\u00e9nyt a d\u00fcsseldorfi rep\u00fcl\u0151t\u00e9ren"},"content":{"rendered":"<p>A f\u00e9rfi m\u00e1r <a href=\"https:\/\/www.startlap.hu\/utazas\/tel-aviv-izrael-utazas-steiner-kristof\/\" target=\"_blank\" rel=\"noopener noreferrer\">Tel-Avivba<\/a> \u00e9rkezett, amikor \u00e9szrevette, hogy a n\u00e9met rep\u00fcl\u0151t\u00e9ren felejtette Yves Tanguy (1900-1955) francia sz\u00fcrrealista fest\u0151 kartonpap\u00edrba csomagolt 40-szer 60 centim\u00e9teres festm\u00e9ny\u00e9t &#8211; \u00edrja az MTI.<\/p>\n<p>Az \u00fczletember Izraelb\u0151l elektronikus lev\u00e9lben k\u00e9rt seg\u00edts\u00e9get az elhagyott m\u0171alkot\u00e1s el\u0151ker\u00edt\u00e9s\u00e9hez, de a <strong>rep\u00fcl\u0151t\u00e9ri rend\u0151rs\u00e9g m\u00e1r sehol sem tal\u00e1lta<\/strong> a pulton felejtett lapos kartondobozt.<\/p>\n<figure id=\"attachment_20159\" aria-describedby=\"caption-attachment-20159\" style=\"width: 755px\" class=\"wp-caption alignnone\"><img loading=\"lazy\" decoding=\"async\" class=\"size-article-size-large-image wp-image-20159\" src=\"https:\/\/www.startlap.hu\/utazas\/uploads\/sites\/3\/2020\/12\/GettyImages-1213334212-755x511.jpg\" alt=\"\" width=\"755\" height=\"511\" srcset=\"https:\/\/www.startlap.hu\/utazas\/uploads\/sites\/3\/2020\/12\/GettyImages-1213334212-755x511.jpg 755w, https:\/\/www.startlap.hu\/utazas\/uploads\/sites\/3\/2020\/12\/GettyImages-1213334212-517x350.jpg 517w, https:\/\/www.startlap.hu\/utazas\/uploads\/sites\/3\/2020\/12\/GettyImages-1213334212.jpg 1024w\" sizes=\"auto, (max-width: 755px) 100vw, 755px\" \/><figcaption id=\"caption-attachment-20159\" class=\"wp-caption-text\">Foot: Martin Athenst\u00e4dt\/picture alliance via Getty Images)<\/figcaption><\/figure>\n<p>Az utas Belgiumban \u00e9l\u0151 unoka\u00f6ccse szem\u00e9lyesen utazott D\u00fcsseldorfba \u00e9s seg\u00edtette b\u0151vebb inform\u00e1ci\u00f3val rend\u0151rs\u00e9get. \u00cdgy a begy\u0171jt\u00f6tt pap\u00edrhullad\u00e9k \u00fatj\u00e1t visszak\u00f6vetve egy tapasztalt nyomoz\u00f3 tal\u00e1lta meg az <strong>\u00e1tsz\u00e1m\u00edtva 100 milli\u00f3 forintot \u00e9r\u0151 festm\u00e9nyt<\/strong> a rep\u00fcl\u0151t\u00e9ri takar\u00edt\u00f3szolg\u00e1lat szelekt\u00edv pap\u00edrgy\u0171jt\u0151 kont\u00e9ner\u00e9nek legalj\u00e1n, megmentve azt a bedar\u00e1l\u00e1st\u00f3l.<\/p>\n","protected":false},"excerpt":{"rendered":"<p>A szelekt\u00edv \u00fajrahasznos\u00edt\u00e1st\u00f3l mentettek meg a d\u00fcsseldorfi rep\u00fcl\u0151t\u00e9ren egy 280 ezer eur\u00f3t \u00e9r\u0151 festm\u00e9nyt, amelyet egy feled\u00e9keny \u00fczletember hagyott a pulton becsekkol\u00e1skor.<\/p>\n","protected":false},"author":43,"featured_media":20159,"comment_status":"open","ping_status":"open","sticky":false,"template":"","format":"standard","meta":{"footnotes":""},"categories":[70],"tags":[3362,3363,731],"class_list":["post-20158","post","type-post","status-publish","format-standard","has-post-thumbnail","hentry","category-vilag","tag-dusseldorf","tag-festmeny","tag-repter"],"aioseo_notices":[],"_links":{"self":[{"href":"https:\/\/www.startlap.hu\/utazas\/wp-json\/wp\/v2\/posts\/20158","targetHints":{"allow":["GET"]}}],"collection":[{"href":"https:\/\/www.startlap.hu\/utazas\/wp-json\/wp\/v2\/posts"}],"about":[{"href":"https:\/\/www.startlap.hu\/utazas\/wp-json\/wp\/v2\/types\/post"}],"author":[{"embeddable":true,"href":"https:\/\/www.startlap.hu\/utazas\/wp-json\/wp\/v2\/users\/43"}],"replies":[{"embeddable":true,"href":"https:\/\/www.startlap.hu\/utazas\/wp-json\/wp\/v2\/comments?post=20158"}],"version-history":[{"count":2,"href":"https:\/\/www.startlap.hu\/utazas\/wp-json\/wp\/v2\/posts\/20158\/revisions"}],"predecessor-version":[{"id":20161,"href":"https:\/\/www.startlap.hu\/utazas\/wp-json\/wp\/v2\/posts\/20158\/revisions\/20161"}],"wp:featuredmedia":[{"embeddable":true,"href":"https:\/\/www.startlap.hu\/utazas\/wp-json\/wp\/v2\/media\/20159"}],"wp:attachment":[{"href":"https:\/\/www.startlap.hu\/utazas\/wp-json\/wp\/v2\/media?parent=20158"}],"wp:term":[{"taxonomy":"category","embeddable":true,"href":"https:\/\/www.startlap.hu\/utazas\/wp-json\/wp\/v2\/categories?post=20158"},{"taxonomy":"post_tag","embeddable":true,"href":"https:\/\/www.startlap.hu\/utazas\/wp-json\/wp\/v2\/tags?post=20158"}],"curies":[{"name":"wp","href":"https:\/\/api.w.org\/{rel}","templated":true}]}}