{"id":18830,"date":"2020-11-02T15:03:39","date_gmt":"2020-11-02T14:03:39","guid":{"rendered":"https:\/\/www.startlap.hu\/utazas\/?p=18830"},"modified":"2020-11-02T14:09:55","modified_gmt":"2020-11-02T13:09:55","slug":"ausztria-kijarasi-tilalom","status":"publish","type":"post","link":"https:\/\/www.startlap.hu\/utazas\/ausztria-kijarasi-tilalom\/","title":{"rendered":"Kij\u00e1r\u00e1si tilalom j\u00f6n Ausztri\u00e1ban, betiltanak minden rendezv\u00e9nyt"},"content":{"rendered":"<div class=\"articleLead\">\n<p>Okt\u00f3ber utols\u00f3 szombatj\u00e1n mutatta be Sebastian Kurz az \u00faj j\u00e1rv\u00e1ny\u00fcgyi szigor\u00edt\u00e1sokat, melyek \u00e9rtelm\u00e9ben keddt\u0151l (november 3.) a profi sportok kiv\u00e9tel\u00e9vel <strong>betiltanak minden rendezv\u00e9nyt, bez\u00e1rnak a sz\u00ednh\u00e1zak, a m\u00fazeumok<\/strong>, az uszod\u00e1k \u00e9s a konditermek, a vend\u00e9gl\u00e1t\u00f3helyek pedig csak kisz\u00e1ll\u00edt\u00e1st v\u00e1llalhatnak. A hotelek sem fogadhatnak vend\u00e9geket. A vesztes\u00e9gek 80 sz\u00e1zal\u00e9k\u00e1t az \u00e1llam megt\u00e9r\u00edti.<\/p>\n<blockquote class=\"article__extraTxt\"><p>Emellett \u00e9jszakai kij\u00e1r\u00e1si tilalmat l\u00e9ptetnek \u00e9letbe: Ausztria lakosai este 8 \u00e9s reggel 6 k\u00f6z\u00f6tt csak meghat\u00e1rozott esetekben &#8211; p\u00e9ld\u00e1ul munk\u00e1ba j\u00e1r\u00e1s, sportol\u00e1s vagy kutyas\u00e9t\u00e1ltat\u00e1s miatt &#8211; hagyhatj\u00e1k el lakhely\u00fcket.<\/p><\/blockquote>\n<p>Szem\u00e9lyes tal\u00e1lkoz\u00f3kra legfeljebb k\u00e9t h\u00e1ztart\u00e1s tagjai k\u00f6z\u00f6tt ker\u00fclhet sor. Az iskol\u00e1k \u00e9s az \u00f3vod\u00e1k tov\u00e1bbra is nyitva maradhatnak, de a fels\u0151 tagozatosok \u00e9s a fels\u0151fok\u00fa oktat\u00e1si int\u00e9zm\u00e9nyek tanul\u00f3i <strong>\u00e1tt\u00e9rnek a digit\u00e1lis oktat\u00e1sra<\/strong>.<\/p>\n<figure id=\"attachment_11327\" aria-describedby=\"caption-attachment-11327\" style=\"width: 755px\" class=\"wp-caption alignnone\"><img loading=\"lazy\" decoding=\"async\" class=\"size-article-size-large-image wp-image-11327\" src=\"https:\/\/www.startlap.hu\/utazas\/uploads\/sites\/3\/2020\/05\/becs_ausztria_2020_nyar-755x504.jpg\" alt=\"Nyaral\u00e1s Ausztri\u00e1ban a j\u00e1rv\u00e1ny ut\u00e1n\" width=\"755\" height=\"504\" srcset=\"https:\/\/www.startlap.hu\/utazas\/uploads\/sites\/3\/2020\/05\/becs_ausztria_2020_nyar-755x504.jpg 755w, https:\/\/www.startlap.hu\/utazas\/uploads\/sites\/3\/2020\/05\/becs_ausztria_2020_nyar-525x350.jpg 525w, https:\/\/www.startlap.hu\/utazas\/uploads\/sites\/3\/2020\/05\/becs_ausztria_2020_nyar.jpg 1024w\" sizes=\"auto, (max-width: 755px) 100vw, 755px\" \/><figcaption id=\"caption-attachment-11327\" class=\"wp-caption-text\">Klaus Pressberger\/SEPA.Media \/Getty Images<\/figcaption><\/figure>\n<h2>Koronav\u00edrus-teszt, maszk a l\u00e1togat\u00e1shoz<\/h2>\n<p>Az \u00fczletek korl\u00e1toz\u00e1sok n\u00e9lk\u00fcl nyitva tarthatnak, \u00e9s a szem\u00e9lyes szolg\u00e1ltat\u00e1st ny\u00fajt\u00f3k &#8211; fodr\u00e1szok, kozmetikusok &#8211; is folytathatj\u00e1k munk\u00e1jukat. Ugyanakkor 10 n\u00e9gyzetm\u00e9terre csak egy vend\u00e9g juthat. A k\u00f3rh\u00e1zakban \u00e9s az id\u0151sotthonokban korl\u00e1tozz\u00e1k a l\u00e1togat\u00e1st. A <strong>l\u00e1togat\u00f3k egy negat\u00edv koronav\u00edrus-teszttel vagy megfelel\u0151 maszkkal<\/strong> (FFP2) l\u00e9phetnek csak be az id\u0151seket, ell\u00e1t\u00e1sra szorul\u00f3kat \u00e9s betegeket \u00e1pol\u00f3 l\u00e9tes\u00edtm\u00e9nyekbe, \u00e9s be kell tartaniuk az el\u0151\u00edrt t\u00e1vols\u00e1got. A szigor\u00edt\u00e1s al\u00f3l csak a palliat\u00edv kezel\u00e9seket \u00e9s a kritikus \u00e9letszakaszokban lelki seg\u00e9lyt ny\u00fajt\u00f3 l\u00e9tes\u00edtm\u00e9nyek k\u00e9peznek kiv\u00e9telt &#8211; \u00edrja az MTI.<\/p>\n<div class=\"o-widget m-readMoreWidget -readMore u-shortDecorLineAfter row widget-container _ce_measure_widget bigdata-widget read-more\" data-ce-measure-widget=\"olvass tov\u00e1bb\">\n\t<div class=\"m-readMoreWidget__imgWrapper image-wrapper col-12 col-md-4 no-p\">\n\t\t<a class=\"m-readMoreWidget__imgLink\" href=\"https:\/\/www.startlap.hu\/utazas\/turizmus-vendeglatas-dolgozok-kulfold\/\" >\n\t\t\t<img decoding=\"async\" src=\"https:\/\/www.startlap.hu\/utazas\/uploads\/sites\/3\/2020\/09\/vendeglatas-350x285.jpg\" class=\"m-readMoreWidget__img\">\n\t\t<\/a>\n\t<\/div>\n\t<div class=\"m-readMoreWidget__titleWrapper title-wrapper col-12 col-md-8\">\n\t\t<span class=\"m-readMoreWidget__titleLabel u-shortDecorLineBefore label hidden-sm-up\">Ez is \u00e9rdekelhet:<\/span>\n\t\t<h3 class=\"m-readMoreWidget__title title\">\n\t\t\t<a class=\"m-readMoreWidget__titleLink -secondFont u-bold u-upperCase\" href=\"https:\/\/www.startlap.hu\/utazas\/turizmus-vendeglatas-dolgozok-kulfold\/\" >K\u00fclf\u00f6ldre csalogatj\u00e1k a turizmus szakembereit Magyarorsz\u00e1gr\u00f3l<\/a>\n\t\t<\/h3>\n\t\t<a class=\"m-readMoreWidget__btn -coloredBack u-tC link\" href=\"https:\/\/www.startlap.hu\/utazas\/turizmus-vendeglatas-dolgozok-kulfold\/\" >Elolvasom<\/a>\n\t<\/div>\n<\/div>\n<\/div>\n","protected":false},"excerpt":{"rendered":"<p>M\u00e1r a m\u00falt h\u00e9t v\u00e9g\u00e9n rebesgett\u00e9k, hogy Ausztri\u00e1ban novemberben, egy teljes h\u00f3napig este nyolc \u00e9s reggel 6 k\u00f6z\u00f6tt kij\u00e1r\u00e1si tilalom lesz, az \u00e9ttermek, sz\u00e1llod\u00e1k is bez\u00e1rnak, \u00e1m napokig csak a tal\u00e1lgat\u00e1s ment. A pletyk\u00e1k igaznak bizonyultak &#8211; itt vannak az \u00faj szab\u00e1lyok.<\/p>\n","protected":false},"author":43,"featured_media":11327,"comment_status":"open","ping_status":"open","sticky":false,"template":"","format":"standard","meta":{"footnotes":""},"categories":[70],"tags":[307,3035],"class_list":["post-18830","post","type-post","status-publish","format-standard","has-post-thumbnail","hentry","category-vilag","tag-ausztria","tag-ejszakai-kijarasi-tilalom"],"aioseo_notices":[],"_links":{"self":[{"href":"https:\/\/www.startlap.hu\/utazas\/wp-json\/wp\/v2\/posts\/18830","targetHints":{"allow":["GET"]}}],"collection":[{"href":"https:\/\/www.startlap.hu\/utazas\/wp-json\/wp\/v2\/posts"}],"about":[{"href":"https:\/\/www.startlap.hu\/utazas\/wp-json\/wp\/v2\/types\/post"}],"author":[{"embeddable":true,"href":"https:\/\/www.startlap.hu\/utazas\/wp-json\/wp\/v2\/users\/43"}],"replies":[{"embeddable":true,"href":"https:\/\/www.startlap.hu\/utazas\/wp-json\/wp\/v2\/comments?post=18830"}],"version-history":[{"count":7,"href":"https:\/\/www.startlap.hu\/utazas\/wp-json\/wp\/v2\/posts\/18830\/revisions"}],"predecessor-version":[{"id":18859,"href":"https:\/\/www.startlap.hu\/utazas\/wp-json\/wp\/v2\/posts\/18830\/revisions\/18859"}],"wp:featuredmedia":[{"embeddable":true,"href":"https:\/\/www.startlap.hu\/utazas\/wp-json\/wp\/v2\/media\/11327"}],"wp:attachment":[{"href":"https:\/\/www.startlap.hu\/utazas\/wp-json\/wp\/v2\/media?parent=18830"}],"wp:term":[{"taxonomy":"category","embeddable":true,"href":"https:\/\/www.startlap.hu\/utazas\/wp-json\/wp\/v2\/categories?post=18830"},{"taxonomy":"post_tag","embeddable":true,"href":"https:\/\/www.startlap.hu\/utazas\/wp-json\/wp\/v2\/tags?post=18830"}],"curies":[{"name":"wp","href":"https:\/\/api.w.org\/{rel}","templated":true}]}}