{"id":1859,"date":"2019-09-23T13:05:53","date_gmt":"2019-09-23T11:05:53","guid":{"rendered":"https:\/\/www.startlap.hu\/utazas\/?p=1859"},"modified":"2019-09-27T12:36:34","modified_gmt":"2019-09-27T10:36:34","slug":"kaprazatos-foto-keszult-a-barcsi-szarvasbikak-harcarol","status":"publish","type":"post","link":"https:\/\/www.startlap.hu\/utazas\/kaprazatos-foto-keszult-a-barcsi-szarvasbikak-harcarol\/","title":{"rendered":"K\u00e1pr\u00e1zatos fot\u00f3 k\u00e9sz\u00fclt a barcsi szarvasbik\u00e1k harc\u00e1r\u00f3l"},"content":{"rendered":"<p>A g\u00edmszarvasbik\u00e1k a <strong>p\u00e1rz\u00e1si id\u0151szak<\/strong>ban jellegzetes, b\u0151g\u0151 hangot hallatva egyszerre h\u00edvj\u00e1k fel magukra a tehenek figyelm\u00e9t, \u00e9s jelzik h\u00edm t\u00e1rsaiknak saj\u00e1t poz\u00edci\u00f3jukat.<\/p>\n<p>Az \u00e9rintett erd\u00e9szetek <strong>arra k\u00e9rik a term\u00e9szetbar\u00e1tokat, hogy ne zavarj\u00e1k meg a szarvasokat<\/strong>, ezzel ugyanis \u00e1rtanak az \u00e1llatoknak.<\/p>\n<blockquote class=\"article__extraTxt\"><p>De az erd\u0151j\u00e1r\u00f3k k\u00f6nnyen vesz\u00e9lybe sodorhatj\u00e1k magukat is, mivel a bik\u00e1k az egym\u00e1s k\u00f6zti hierarchi\u00e1t gyakran v\u00e9res p\u00e1rbajoz\u00e1s sor\u00e1n d\u00f6ntik el.<\/p>\n<p>&nbsp;<\/p><\/blockquote>\n<p>Akinek nincs lehet\u0151s\u00e9ge vezetett t\u00far\u00e1kon megcsod\u00e1lni a g\u00edmszarvasok r\u00edtusait, az al\u00e1bbi fot\u00f3kkal vigasztal\u00f3dhat. Az MTI fot\u00f3sa, Kov\u00e1cs Attila <strong>a Barcsi Erd\u00e9szetben l\u0151tte ezeket a pazar k\u00e9peket<\/strong> a p\u00e1rz\u00e1si l\u00e1zban \u00e9g\u0151 nagyvadakr\u00f3l.<\/p>\n<figure id=\"attachment_1864\" aria-describedby=\"caption-attachment-1864\" style=\"width: 1200px\" class=\"wp-caption alignnone\"><img loading=\"lazy\" decoding=\"async\" class=\"size-full wp-image-1864\" src=\"https:\/\/www.startlap.hu\/utazas\/uploads\/sites\/3\/2019\/09\/D__TT20190913003.jpg\" alt=\"\" width=\"1200\" height=\"798\" srcset=\"https:\/\/www.startlap.hu\/utazas\/uploads\/sites\/3\/2019\/09\/D__TT20190913003.jpg 1200w, https:\/\/www.startlap.hu\/utazas\/uploads\/sites\/3\/2019\/09\/D__TT20190913003-250x165.jpg 250w, https:\/\/www.startlap.hu\/utazas\/uploads\/sites\/3\/2019\/09\/D__TT20190913003-526x350.jpg 526w\" sizes=\"auto, (max-width: 1200px) 100vw, 1200px\" \/><figcaption id=\"caption-attachment-1864\" class=\"wp-caption-text\"><span style=\"font-size: 12px\">G\u00edmszarvastehenek (Cervus elaphus) szarvasb\u0151g\u00e9s idej\u00e9n a SEFAG Zrt. Barcsi Erd\u00e9szet\u00e9ben 2019. szeptember 15-\u00e9n. (MTI\/Kov\u00e1cs Attila)<\/span><\/figcaption><\/figure>\n<figure id=\"attachment_1863\" aria-describedby=\"caption-attachment-1863\" style=\"width: 1200px\" class=\"wp-caption alignnone\"><img loading=\"lazy\" decoding=\"async\" class=\"size-full wp-image-1863\" src=\"https:\/\/www.startlap.hu\/utazas\/uploads\/sites\/3\/2019\/09\/D__TT20190916002.jpg\" alt=\"\" width=\"1200\" height=\"798\" srcset=\"https:\/\/www.startlap.hu\/utazas\/uploads\/sites\/3\/2019\/09\/D__TT20190916002.jpg 1200w, https:\/\/www.startlap.hu\/utazas\/uploads\/sites\/3\/2019\/09\/D__TT20190916002-250x165.jpg 250w, https:\/\/www.startlap.hu\/utazas\/uploads\/sites\/3\/2019\/09\/D__TT20190916002-526x350.jpg 526w\" sizes=\"auto, (max-width: 1200px) 100vw, 1200px\" \/><figcaption id=\"caption-attachment-1863\" class=\"wp-caption-text\"><span style=\"font-size: 12px\">B\u0151g\u0151 g\u00edmszarvasbika a SEFAG Zrt. Barcsi Erd\u00e9szet\u00e9ben 2019. szeptember 16-\u00e1n. (MTI\/Kov\u00e1cs Attila)<\/span><\/figcaption><\/figure>\n<figure id=\"attachment_1861\" aria-describedby=\"caption-attachment-1861\" style=\"width: 1200px\" class=\"wp-caption alignnone\"><img loading=\"lazy\" decoding=\"async\" class=\"size-full wp-image-1861\" src=\"https:\/\/www.startlap.hu\/utazas\/uploads\/sites\/3\/2019\/09\/D__TT20190919006.jpg\" alt=\"\" width=\"1200\" height=\"798\" srcset=\"https:\/\/www.startlap.hu\/utazas\/uploads\/sites\/3\/2019\/09\/D__TT20190919006.jpg 1200w, https:\/\/www.startlap.hu\/utazas\/uploads\/sites\/3\/2019\/09\/D__TT20190919006-250x165.jpg 250w, https:\/\/www.startlap.hu\/utazas\/uploads\/sites\/3\/2019\/09\/D__TT20190919006-526x350.jpg 526w\" sizes=\"auto, (max-width: 1200px) 100vw, 1200px\" \/><figcaption id=\"caption-attachment-1861\" class=\"wp-caption-text\"><span style=\"font-size: 12px\">G\u00edmszarvasbika \u00e9s -tehenek (Cervus elaphus) szarvasb\u0151g\u00e9s idej\u00e9n a SEFAG Zrt. Barcsi Erd\u00e9szet\u00e9ben 2019. szeptember 19-\u00e9n. (MTI\/Kov\u00e1cs Attila)<\/span><\/figcaption><\/figure>\n<figure id=\"attachment_1860\" aria-describedby=\"caption-attachment-1860\" style=\"width: 1200px\" class=\"wp-caption alignnone\"><img loading=\"lazy\" decoding=\"async\" class=\"size-full wp-image-1860\" src=\"https:\/\/www.startlap.hu\/utazas\/uploads\/sites\/3\/2019\/09\/D__TT20190913002.jpg\" alt=\"\" width=\"1200\" height=\"798\" srcset=\"https:\/\/www.startlap.hu\/utazas\/uploads\/sites\/3\/2019\/09\/D__TT20190913002.jpg 1200w, https:\/\/www.startlap.hu\/utazas\/uploads\/sites\/3\/2019\/09\/D__TT20190913002-250x165.jpg 250w, https:\/\/www.startlap.hu\/utazas\/uploads\/sites\/3\/2019\/09\/D__TT20190913002-526x350.jpg 526w\" sizes=\"auto, (max-width: 1200px) 100vw, 1200px\" \/><figcaption id=\"caption-attachment-1860\" class=\"wp-caption-text\"><span style=\"font-size: 12px\">G\u00edmszarvasbika szarvasb\u0151g\u00e9s idej\u00e9n a SEFAG Zrt. Barcsi Erd\u00e9szet\u00e9ben 2019. szeptember 15-\u00e9n.&nbsp;(MTI\/Kov\u00e1cs Attila)<\/span><\/figcaption><\/figure>\n<p><strong>A legl\u00e1tv\u00e1nyosabb k\u00e9pet a v\u00e9g\u00e9re hagytuk.<\/strong> A fot\u00f3 nem a bik\u00e1k \u00f6sszecsap\u00e1s\u00e1nak brutalit\u00e1s\u00e1t mutatja meg, hanem egy ritk\u00e1bban fot\u00f3zott t\u00e9m\u00e1t, m\u00e9gpedig a p\u00e1rbajoz\u00f3 \u00e1llatok dinamik\u00e1j\u00e1t, a robusztus testek f\u00e9kezhetetlen lend\u00fclet\u00e9t:&nbsp;<\/p>\n<p><img loading=\"lazy\" decoding=\"async\" class=\"size-full wp-image-1865\" src=\"https:\/\/www.startlap.hu\/utazas\/uploads\/sites\/3\/2019\/09\/D__TT20190917003.jpg\" alt=\"\" width=\"1200\" height=\"798\" srcset=\"https:\/\/www.startlap.hu\/utazas\/uploads\/sites\/3\/2019\/09\/D__TT20190917003.jpg 1200w, https:\/\/www.startlap.hu\/utazas\/uploads\/sites\/3\/2019\/09\/D__TT20190917003-250x165.jpg 250w, https:\/\/www.startlap.hu\/utazas\/uploads\/sites\/3\/2019\/09\/D__TT20190917003-526x350.jpg 526w\" sizes=\"auto, (max-width: 1200px) 100vw, 1200px\" \/> <span style=\"font-size: 12px\">Vereked\u0151 g\u00edmszarvasbik\u00e1k (Cervus elaphus) szarvasb\u0151g\u00e9s idej\u00e9n a SEFAG Zrt. Barcsi Erd\u00e9szet\u00e9ben 2019. szeptember 17-\u00e9n. (MTI\/Kov\u00e1cs Attila)<\/span><\/p>\n","protected":false},"excerpt":{"rendered":"<p>M\u00e1r jav\u00e1ban tart erdeinkben a szeptember v\u00e9g\u00e9ig elh\u00faz\u00f3d\u00f3 szarvasb\u0151g\u00e9s-szezon.<\/p>\n","protected":false},"author":36,"featured_media":1863,"comment_status":"open","ping_status":"open","sticky":false,"template":"","format":"standard","meta":{"footnotes":""},"categories":[7],"tags":[482,32,481],"class_list":["post-1859","post","type-post","status-publish","format-standard","has-post-thumbnail","hentry","category-belfold-utazas","tag-barcs","tag-magyarorszag","tag-szarvasboges"],"aioseo_notices":[],"_links":{"self":[{"href":"https:\/\/www.startlap.hu\/utazas\/wp-json\/wp\/v2\/posts\/1859","targetHints":{"allow":["GET"]}}],"collection":[{"href":"https:\/\/www.startlap.hu\/utazas\/wp-json\/wp\/v2\/posts"}],"about":[{"href":"https:\/\/www.startlap.hu\/utazas\/wp-json\/wp\/v2\/types\/post"}],"author":[{"embeddable":true,"href":"https:\/\/www.startlap.hu\/utazas\/wp-json\/wp\/v2\/users\/36"}],"replies":[{"embeddable":true,"href":"https:\/\/www.startlap.hu\/utazas\/wp-json\/wp\/v2\/comments?post=1859"}],"version-history":[{"count":5,"href":"https:\/\/www.startlap.hu\/utazas\/wp-json\/wp\/v2\/posts\/1859\/revisions"}],"predecessor-version":[{"id":1870,"href":"https:\/\/www.startlap.hu\/utazas\/wp-json\/wp\/v2\/posts\/1859\/revisions\/1870"}],"wp:featuredmedia":[{"embeddable":true,"href":"https:\/\/www.startlap.hu\/utazas\/wp-json\/wp\/v2\/media\/1863"}],"wp:attachment":[{"href":"https:\/\/www.startlap.hu\/utazas\/wp-json\/wp\/v2\/media?parent=1859"}],"wp:term":[{"taxonomy":"category","embeddable":true,"href":"https:\/\/www.startlap.hu\/utazas\/wp-json\/wp\/v2\/categories?post=1859"},{"taxonomy":"post_tag","embeddable":true,"href":"https:\/\/www.startlap.hu\/utazas\/wp-json\/wp\/v2\/tags?post=1859"}],"curies":[{"name":"wp","href":"https:\/\/api.w.org\/{rel}","templated":true}]}}