{"id":18304,"date":"2020-10-18T17:51:41","date_gmt":"2020-10-18T15:51:41","guid":{"rendered":"https:\/\/www.startlap.hu\/utazas\/?p=18304"},"modified":"2020-10-18T17:51:41","modified_gmt":"2020-10-18T15:51:41","slug":"kijarasi-tilalom-parizs-kihalt-fotok","status":"publish","type":"post","link":"https:\/\/www.startlap.hu\/utazas\/kijarasi-tilalom-parizs-kihalt-fotok\/","title":{"rendered":"Kij\u00e1r\u00e1si tilalom: fot\u00f3kon P\u00e1rizs kihalt utc\u00e1i, terei"},"content":{"rendered":"<p>A kilenc \u00e9rintett nagyv\u00e1rosban (P\u00e1rizs, Lille, Rouen, Saint-Etienne, Toulouse, Lyon, Grenoble, Aix-en-Provence \u00e9s Marseille k\u00f6rzete, valamint Montpellier) szombatt\u00f3l <strong>legal\u00e1bb n\u00e9gy, de a korm\u00e1ny sz\u00e1nd\u00e9kai szerint v\u00e1rhat\u00f3an hat h\u00e9tig este 9 \u00f3ra \u00e9s reggel 6 \u00f3ra k\u00f6z\u00f6tt alapos indok n\u00e9lk\u00fcl senki nem hagyhatja el a lakhely\u00e9t<\/strong>.<\/p>\n<h2>Nem sz\u00e1m\u00edtottak ekkora nyugalomra<\/h2>\n<p>P\u00e1rizsban \u00e9s a t\u00f6bbi nagyv\u00e1rosban is szilveszteri hangulat uralkodott p\u00e9ntek este \u00e9s szombat este 9 \u00f3r\u00e1ig, tele voltak a b\u00e1rok \u00e9s az \u00e9ttermek teraszai az enyhe id\u0151ben. Este 10 \u00f3r\u00e1ra azonban olyan kihalt lett a f\u0151v\u00e1ros, hogy a Le Monde c\u00edm\u0171 napilap tud\u00f3s\u00edt\u00e1sa szerint a rend\u0151r\u00f6k sem sz\u00e1m\u00edtottak ekkora nyugalomra a&nbsp;p\u00e1rizsi utc\u00e1kon.<\/p>\n<figure id=\"attachment_18306\" aria-describedby=\"caption-attachment-18306\" style=\"width: 755px\" class=\"wp-caption alignnone\"><img loading=\"lazy\" decoding=\"async\" class=\"size-article-size-large-image wp-image-18306\" src=\"https:\/\/www.startlap.hu\/utazas\/uploads\/sites\/3\/2020\/10\/parizs_kijarasi-tilalom_20201017-755x457.jpg\" alt=\"\" width=\"755\" height=\"457\" srcset=\"https:\/\/www.startlap.hu\/utazas\/uploads\/sites\/3\/2020\/10\/parizs_kijarasi-tilalom_20201017-755x457.jpg 755w, https:\/\/www.startlap.hu\/utazas\/uploads\/sites\/3\/2020\/10\/parizs_kijarasi-tilalom_20201017-579x350.jpg 579w, https:\/\/www.startlap.hu\/utazas\/uploads\/sites\/3\/2020\/10\/parizs_kijarasi-tilalom_20201017.jpg 1200w\" sizes=\"auto, (max-width: 755px) 100vw, 755px\" \/><figcaption id=\"caption-attachment-18306\" class=\"wp-caption-text\">Kiran Ridley\/Getty Images<\/figcaption><\/figure>\n<h2>A visszaes\u0151 szab\u00e1lyszeg\u0151ket beb\u00f6rt\u00f6n\u00f6zhetik<\/h2>\n<p>A tavaszi \u00e1ltal\u00e1nos karant\u00e9nhoz hasonl\u00f3 rendszert vezetett be a korm\u00e1ny: a nagyv\u00e1rosokban este 9 \u00f3ra utc\u00e1n utc\u00e1ra l\u00e9p\u0151knek el\u0151zetesen ki kell t\u00f6lteni\u00fck egy formanyomtatv\u00e1nyt, amelyen megjel\u00f6lik a lakhelyelhagy\u00e1s indok\u00e1t \u00e9s idej\u00e9t. Ennek hi\u00e1ny\u00e1ban, vagy este 9 \u00f3ra ut\u00e1n indokolatlan lakhelyelhagy\u00e1s eset\u00e9n a rend\u0151r\u00f6k <strong>135 eur\u00f3ra (mintegy 50 ezer forint) b\u00fcntethetik a szab\u00e1lyszeg\u0151ket, de visszaes\u0151k eset\u00e9ben hat h\u00f3nap szabads\u00e1gveszt\u00e9s \u00e9s 3750 eur\u00f3s p\u00e9nzb\u00fcntet\u00e9s is kiszabhat\u00f3<\/strong>.<\/p>\n<figure id=\"attachment_18308\" aria-describedby=\"caption-attachment-18308\" style=\"width: 755px\" class=\"wp-caption alignnone\"><img loading=\"lazy\" decoding=\"async\" class=\"size-article-size-large-image wp-image-18308\" src=\"https:\/\/www.startlap.hu\/utazas\/uploads\/sites\/3\/2020\/10\/parizs_kijarasi-tilalom_20201017_01-755x503.jpg\" alt=\"\" width=\"755\" height=\"503\" srcset=\"https:\/\/www.startlap.hu\/utazas\/uploads\/sites\/3\/2020\/10\/parizs_kijarasi-tilalom_20201017_01-755x503.jpg 755w, https:\/\/www.startlap.hu\/utazas\/uploads\/sites\/3\/2020\/10\/parizs_kijarasi-tilalom_20201017_01-525x350.jpg 525w, https:\/\/www.startlap.hu\/utazas\/uploads\/sites\/3\/2020\/10\/parizs_kijarasi-tilalom_20201017_01.jpg 1200w\" sizes=\"auto, (max-width: 755px) 100vw, 755px\" \/><figcaption id=\"caption-attachment-18308\" class=\"wp-caption-text\">Julien Mattia\/Anadolu Agency via Getty Images<\/figcaption><\/figure>\n<h2>Vannak kiv\u00e9telek<\/h2>\n<p><strong>A megjel\u00f6lt id\u0151szakban minden \u00fczletnek \u00e9s nyilv\u00e1nos helynek z\u00e1rva kell tartania.<\/strong> Kiv\u00e9telt jelentenek az eg\u00e9szs\u00e9g\u00fcgyi int\u00e9zm\u00e9nyek mellett az olyan \u00e9ttermek, amelyek v\u00e1llalnak h\u00e1zhozsz\u00e1ll\u00edt\u00e1st. Ha olyan vonatra vagy rep\u00fcl\u0151re van jegye valakinek, amely este 9 \u00f3ra ut\u00e1n \u00e9rkezik vagy indul, akkor az \u00e9rv\u00e9nyes jegyet kell az utc\u00e1n j\u00e1r\u0151r\u00f6z\u0151 rend\u0151r\u00f6knek igazoltat\u00e1skor felmutatni. A munk\u00e1b\u00f3l hazat\u00e9r\u0151k, illetve oda indul\u00f3k is az utc\u00e1n tart\u00f3zkodhatnak az \u00e9jszakai \u00f3r\u00e1kban, \u00e9s r\u00e1szorul\u00f3 ember ell\u00e1t\u00e1sa vagy a kutyas\u00e9t\u00e1ltat\u00e1s is kiv\u00e9telt jelent a kij\u00e1r\u00e1si tilalom al\u00f3l.<\/p>\n<div class=\"o-widget m-readMoreWidget -readMore u-shortDecorLineAfter row widget-container _ce_measure_widget bigdata-widget read-more\" data-ce-measure-widget=\"olvass tov\u00e1bb\">\n\t<div class=\"m-readMoreWidget__imgWrapper image-wrapper col-12 col-md-4 no-p\">\n\t\t<a class=\"m-readMoreWidget__imgLink\" href=\"https:\/\/www.startlap.hu\/utazas\/parizs-utazas-latnivalok-nevezetessegek-repulojegy-szallas\/\" >\n\t\t\t<img decoding=\"async\" src=\"https:\/\/www.startlap.hu\/utazas\/uploads\/sites\/3\/2020\/01\/Parizs_utazas_borito-350x285.jpg\" class=\"m-readMoreWidget__img\">\n\t\t<\/a>\n\t<\/div>\n\t<div class=\"m-readMoreWidget__titleWrapper title-wrapper col-12 col-md-8\">\n\t\t<span class=\"m-readMoreWidget__titleLabel u-shortDecorLineBefore label hidden-sm-up\">Ez is \u00e9rdekelhet:<\/span>\n\t\t<h3 class=\"m-readMoreWidget__title title\">\n\t\t\t<a class=\"m-readMoreWidget__titleLink -secondFont u-bold u-upperCase\" href=\"https:\/\/www.startlap.hu\/utazas\/parizs-utazas-latnivalok-nevezetessegek-repulojegy-szallas\/\" >P\u00e1rizs, a m\u0171v\u00e9szet, a divat \u00e9s a szerelem kokt\u00e9lja<\/a>\n\t\t<\/h3>\n\t\t<a class=\"m-readMoreWidget__btn -coloredBack u-tC link\" href=\"https:\/\/www.startlap.hu\/utazas\/parizs-utazas-latnivalok-nevezetessegek-repulojegy-szallas\/\" >Elolvasom<\/a>\n\t<\/div>\n<\/div>\n<h2>A hajl\u00e9ktalanokat nem b\u00fcntetik<\/h2>\n<p>A kij\u00e1r\u00e1si tilalom betart\u00e1s\u00e1ra mintegy <strong>12 ezer rend\u0151rt \u00e9s csend\u0151rt vez\u00e9nyelt a bel\u00fcgyminiszt\u00e9rium a nagyv\u00e1rosok utc\u00e1ira<\/strong>. A rend\u0151r\u00f6knek az els\u0151 napokban els\u0151sorban a t\u00e1j\u00e9koztat\u00e1s, nem pedig a b\u00fcntet\u00e9s a feladatuk &#8211; jelezte a t\u00e1rca. A hajl\u00e9ktalanokat nem b\u00fcntetik meg a rend\u0151r\u00f6k, miut\u00e1n &#8222;nincs \u00e9rtelme b\u00fcntet\u00e9st kiszabni arra, akinek nincs lakhelye&#8221; &#8211; id\u00e9zett rend\u0151ri forr\u00e1sokat a Le Monde.<\/p>\n<h2>Tartanak a turista\u00e1radatt\u00f3l<\/h2>\n<figure id=\"attachment_18309\" aria-describedby=\"caption-attachment-18309\" style=\"width: 755px\" class=\"wp-caption alignnone\"><img loading=\"lazy\" decoding=\"async\" class=\"size-article-size-large-image wp-image-18309\" src=\"https:\/\/www.startlap.hu\/utazas\/uploads\/sites\/3\/2020\/10\/parizs_kijarasi-tilalom_20201017_02-755x503.jpg\" alt=\"\" width=\"755\" height=\"503\" srcset=\"https:\/\/www.startlap.hu\/utazas\/uploads\/sites\/3\/2020\/10\/parizs_kijarasi-tilalom_20201017_02-755x503.jpg 755w, https:\/\/www.startlap.hu\/utazas\/uploads\/sites\/3\/2020\/10\/parizs_kijarasi-tilalom_20201017_02-525x350.jpg 525w, https:\/\/www.startlap.hu\/utazas\/uploads\/sites\/3\/2020\/10\/parizs_kijarasi-tilalom_20201017_02.jpg 1200w\" sizes=\"auto, (max-width: 755px) 100vw, 755px\" \/><figcaption id=\"caption-attachment-18309\" class=\"wp-caption-text\">Julien Mattia\/Anadolu Agency via Getty Images<\/figcaption><\/figure>\n<p>A korm\u00e1ny ugyanakkor <strong>nem tiltotta meg az orsz\u00e1gon bel\u00fcli mozg\u00e1st<\/strong>, \u00e9s a h\u00e9tv\u00e9g\u00e9n kezd\u0151d\u0151 iskolai \u0151szi sz\u00fcnet kezdet\u00e9n b\u00e1tor\u00edtotta is a nagyv\u00e1rosban \u00e9l\u0151ket, hogy utazzanak vid\u00e9kre. A belf\u00f6ldi <a href=\"https:\/\/www.startlap.hu\/utazas\/felturista_turizmus_digitalis_nomad_utazas_koronavirus\/\" target=\"_blank\" rel=\"noopener noreferrer\">turist\u00e1k<\/a> \u00e1radat\u00e1r\u00f3l tartva azonban a j\u00e1rv\u00e1ny \u00e1ltal jelenleg kev\u00e9sb\u00e9 s\u00fajtott nyaral\u00f3helyek, p\u00e9ld\u00e1ul a tengerparti Le Touquet \u00f6nkorm\u00e1nyzata is esti kij\u00e1r\u00e1si tilalmat vezetett be.<\/p>\n<h2>Az egyetlen megold\u00e1s<\/h2>\n<p>A francia korm\u00e1ny meg\u00edt\u00e9l\u00e9se szerint az \u00e1ltal\u00e1nos vagy region\u00e1lis karant\u00e9n elker\u00fcl\u00e9s\u00e9re <strong>az \u00e9jszakai kij\u00e1r\u00e1si tilalom bevezet\u00e9se az egyetlen megold\u00e1s a j\u00e1rv\u00e1ny terjed\u00e9s\u00e9nek megf\u00e9kez\u00e9s\u00e9re<\/strong>. A c\u00e9l a jelenleg legfert\u0151z\u00f6ttebbnek sz\u00e1m\u00edt\u00f3 20 \u00e9s 30 \u00e9ves koroszt\u00e1lyban meg\u00e1ll\u00edtani a <a href=\"https:\/\/koronavirus.lap.hu\/\" target=\"_blank\" target=\"_blank\" rel=\"noopener noreferrer\">v\u00edrus<\/a> terjed\u00e9s\u00e9t az esti sz\u00f3rakoz\u00e1s \u00e9s buliz\u00e1s megakad\u00e1lyoz\u00e1s\u00e1val. Ebben a koroszt\u00e1lyban ugyanis 100 ezer lakosra t\u00f6bb mint 800 fert\u0151z\u00f6tt jut, mik\u00f6zben a legmagasabb riaszt\u00e1si szintet 100 ezer lakosonk\u00e9nt 250 fert\u0151z\u00f6ttn\u00e9l kell rendelni.<\/p>\n<div class=\"o-widget m-readMoreWidget -readMore u-shortDecorLineAfter row widget-container _ce_measure_widget bigdata-widget read-more\" data-ce-measure-widget=\"olvass tov\u00e1bb\">\n\t<div class=\"m-readMoreWidget__imgWrapper image-wrapper col-12 col-md-4 no-p\">\n\t\t<a class=\"m-readMoreWidget__imgLink\" href=\"https:\/\/www.startlap.hu\/utazas\/belgiumban-jon-az-ejszakai-kijarasi-tilalom\/\" >\n\t\t\t<img decoding=\"async\" src=\"https:\/\/www.startlap.hu\/utazas\/uploads\/sites\/3\/2020\/10\/etterem_bezarva_belgium-350x285.jpg\" class=\"m-readMoreWidget__img\">\n\t\t<\/a>\n\t<\/div>\n\t<div class=\"m-readMoreWidget__titleWrapper title-wrapper col-12 col-md-8\">\n\t\t<span class=\"m-readMoreWidget__titleLabel u-shortDecorLineBefore label hidden-sm-up\">Ez is \u00e9rdekelhet:<\/span>\n\t\t<h3 class=\"m-readMoreWidget__title title\">\n\t\t\t<a class=\"m-readMoreWidget__titleLink -secondFont u-bold u-upperCase\" href=\"https:\/\/www.startlap.hu\/utazas\/belgiumban-jon-az-ejszakai-kijarasi-tilalom\/\" >Belgiumban j\u00f6n az \u00e9jszakai kij\u00e1r\u00e1si tilalom<\/a>\n\t\t<\/h3>\n\t\t<a class=\"m-readMoreWidget__btn -coloredBack u-tC link\" href=\"https:\/\/www.startlap.hu\/utazas\/belgiumban-jon-az-ejszakai-kijarasi-tilalom\/\" >Elolvasom<\/a>\n\t<\/div>\n<\/div>\n<p>(MTI)<\/p>\n","protected":false},"excerpt":{"rendered":"<p>Kilenc francia nagyv\u00e1rosban, mintegy 20 milli\u00f3 ember sz\u00e1m\u00e1ra l\u00e9pett \u00e9letbe szombat este az \u00e9jszakai kij\u00e1r\u00e1si tilalom, amelyet a koronav\u00edrus-j\u00e1rv\u00e1ny megf\u00e9kez\u00e9s\u00e9re rendelt el a korm\u00e1ny.<\/p>\n","protected":false},"author":36,"featured_media":18306,"comment_status":"open","ping_status":"open","sticky":false,"template":"","format":"standard","meta":{"footnotes":""},"categories":[70],"tags":[3034,229,1358,587],"class_list":["post-18304","post","type-post","status-publish","format-standard","has-post-thumbnail","hentry","category-vilag","tag-ejszaki-kijarasi-tilalom","tag-franciaorszag","tag-koronavirus","tag-parizs"],"aioseo_notices":[],"_links":{"self":[{"href":"https:\/\/www.startlap.hu\/utazas\/wp-json\/wp\/v2\/posts\/18304","targetHints":{"allow":["GET"]}}],"collection":[{"href":"https:\/\/www.startlap.hu\/utazas\/wp-json\/wp\/v2\/posts"}],"about":[{"href":"https:\/\/www.startlap.hu\/utazas\/wp-json\/wp\/v2\/types\/post"}],"author":[{"embeddable":true,"href":"https:\/\/www.startlap.hu\/utazas\/wp-json\/wp\/v2\/users\/36"}],"replies":[{"embeddable":true,"href":"https:\/\/www.startlap.hu\/utazas\/wp-json\/wp\/v2\/comments?post=18304"}],"version-history":[{"count":3,"href":"https:\/\/www.startlap.hu\/utazas\/wp-json\/wp\/v2\/posts\/18304\/revisions"}],"predecessor-version":[{"id":18310,"href":"https:\/\/www.startlap.hu\/utazas\/wp-json\/wp\/v2\/posts\/18304\/revisions\/18310"}],"wp:featuredmedia":[{"embeddable":true,"href":"https:\/\/www.startlap.hu\/utazas\/wp-json\/wp\/v2\/media\/18306"}],"wp:attachment":[{"href":"https:\/\/www.startlap.hu\/utazas\/wp-json\/wp\/v2\/media?parent=18304"}],"wp:term":[{"taxonomy":"category","embeddable":true,"href":"https:\/\/www.startlap.hu\/utazas\/wp-json\/wp\/v2\/categories?post=18304"},{"taxonomy":"post_tag","embeddable":true,"href":"https:\/\/www.startlap.hu\/utazas\/wp-json\/wp\/v2\/tags?post=18304"}],"curies":[{"name":"wp","href":"https:\/\/api.w.org\/{rel}","templated":true}]}}