{"id":18268,"date":"2020-10-17T10:45:17","date_gmt":"2020-10-17T08:45:17","guid":{"rendered":"https:\/\/www.startlap.hu\/utazas\/?p=18268"},"modified":"2020-10-17T21:24:22","modified_gmt":"2020-10-17T19:24:22","slug":"belgiumban-jon-az-ejszakai-kijarasi-tilalom","status":"publish","type":"post","link":"https:\/\/www.startlap.hu\/utazas\/belgiumban-jon-az-ejszakai-kijarasi-tilalom\/","title":{"rendered":"Belgiumban j\u00f6n az \u00e9jszakai kij\u00e1r\u00e1si tilalom"},"content":{"rendered":"<p>Alexander de Croo belga korm\u00e1nyf\u0151 p\u00e9ntek esti sajt\u00f3t\u00e1j\u00e9koztat\u00f3j\u00e1n hangs\u00falyozta: <strong>a j\u00e1rv\u00e1ny\u00fcgyi helyzet s\u00falyosbod\u00e1sa v\u00e1rhat\u00f3 a k\u00f6vetkez\u0151 napokban \u00e9s hetekben<\/strong>, az \u00fajabb fert\u0151z\u00f6ttek \u00e9s a hal\u00e1lesetek sz\u00e1ma napr\u00f3l napra n\u00f6vekszik.<\/p>\n<h2>Bez\u00e1rnak az \u00e9ttermek, j\u00f6n a kij\u00e1r\u00e1si tilalom<\/h2>\n<p>A minisztereln\u00f6k minden lakost \u00f6nfegyelemre, valamint a higi\u00e9niai \u00e9s a t\u00e1rsadalmi t\u00e1vols\u00e1gtart\u00e1si szab\u00e1lyok betart\u00e1s\u00e1ra sz\u00f3l\u00edtott fel.<\/p>\n<p>A bejelentett int\u00e9zked\u00e9sek keret\u00e9ben h\u00e9tf\u0151t\u0151l egy h\u00f3napra bez\u00e1rnak az \u00e9ttermek is, miut\u00e1n a b\u00e1rok \u00fczemel\u00e9s\u00e9t egy hete m\u00e1r felf\u00fcggesztette a belga korm\u00e1ny.<\/p>\n<figure id=\"attachment_18274\" aria-describedby=\"caption-attachment-18274\" style=\"width: 755px\" class=\"wp-caption alignnone\"><img loading=\"lazy\" decoding=\"async\" class=\"size-article-size-large-image wp-image-18274\" src=\"https:\/\/www.startlap.hu\/utazas\/uploads\/sites\/3\/2020\/10\/belgium_etterem_bezaras-755x504.jpg\" alt=\"\u00e9tterem Br\u00fcsszel Belgium\" width=\"755\" height=\"504\" srcset=\"https:\/\/www.startlap.hu\/utazas\/uploads\/sites\/3\/2020\/10\/belgium_etterem_bezaras-755x504.jpg 755w, https:\/\/www.startlap.hu\/utazas\/uploads\/sites\/3\/2020\/10\/belgium_etterem_bezaras-524x350.jpg 524w, https:\/\/www.startlap.hu\/utazas\/uploads\/sites\/3\/2020\/10\/belgium_etterem_bezaras.jpg 800w\" sizes=\"auto, (max-width: 755px) 100vw, 755px\" \/><figcaption id=\"caption-attachment-18274\" class=\"wp-caption-text\">Bez\u00e1rt \u00e9tterem Belgium f\u0151v\u00e1ros\u00e1ban, Br\u00fcsszelben (Fot\u00f3: Geert Vanden Wijngaert \/ Bloomberg \/ Getty Images).<\/figcaption><\/figure>\n<p><strong>A hat\u00f3s\u00e1gok emellett \u00e9jf\u00e9lt\u0151l reggel 5-ig tart\u00f3 kij\u00e1r\u00e1si tilalmat rendeltek el.<\/strong> A k\u00fclt\u00e9ri alkoholfogyaszt\u00e1s este 8 \u00f3r\u00e1ig lesz megengedett.<\/p>\n<h2>Nagy a fert\u0151z\u00f6ttek \u00e9s a halottak sz\u00e1ma is<\/h2>\n<p>Belgiumban ezen a h\u00e9ten \u00e1tlagban napi 6 ezer \u00faj fert\u0151z\u00f6ttet regisztr\u00e1ltak az eg\u00e9szs\u00e9g\u00fcgyi hat\u00f3s\u00e1gok.<\/p>\n<div class=\"o-widget m-readMoreWidget -readMore u-shortDecorLineAfter row widget-container _ce_measure_widget bigdata-widget read-more\" data-ce-measure-widget=\"olvass tov\u00e1bb\">\n\t<div class=\"m-readMoreWidget__imgWrapper image-wrapper col-12 col-md-4 no-p\">\n\t\t<a class=\"m-readMoreWidget__imgLink\" href=\"https:\/\/www.startlap.hu\/utazas\/belgium-brugges-belfry\/\" >\n\t\t\t<img decoding=\"async\" src=\"https:\/\/www.startlap.hu\/utazas\/uploads\/sites\/3\/2020\/06\/belgium-350x285.jpg\" class=\"m-readMoreWidget__img\">\n\t\t<\/a>\n\t<\/div>\n\t<div class=\"m-readMoreWidget__titleWrapper title-wrapper col-12 col-md-8\">\n\t\t<span class=\"m-readMoreWidget__titleLabel u-shortDecorLineBefore label hidden-sm-up\">Ez is \u00e9rdekelhet:<\/span>\n\t\t<h3 class=\"m-readMoreWidget__title title\">\n\t\t\t<a class=\"m-readMoreWidget__titleLink -secondFont u-bold u-upperCase\" href=\"https:\/\/www.startlap.hu\/utazas\/belgium-brugges-belfry\/\" >Tanteremm\u00e9 v\u00e1ltozott Belgium egyik l\u00e1tv\u00e1nyoss\u00e1ga<\/a>\n\t\t<\/h3>\n\t\t<a class=\"m-readMoreWidget__btn -coloredBack u-tC link\" href=\"https:\/\/www.startlap.hu\/utazas\/belgium-brugges-belfry\/\" >Elolvasom<\/a>\n\t<\/div>\n<\/div>\n<p>A 11, 5 milli\u00f3 lakost sz\u00e1ml\u00e1l\u00f3 orsz\u00e1gban a j\u00e1rv\u00e1ny helyi megjelen\u00e9se \u00f3ta 192 ezer ember fert\u0151z\u0151d\u00f6tt meg, \u00e9s 10 336 a halottak sz\u00e1ma.<\/p>\n<p><span style=\"font-size: 12px\">(MTI)<\/span><\/p>\n","protected":false},"excerpt":{"rendered":"<p>Belgiumban a koronav\u00edrus-j\u00e1rv\u00e1ny gyors terjed\u00e9se miatt h\u00e9tf\u0151t\u0151l egy h\u00f3napra bez\u00e1rnak a vend\u00e9gl\u00e1t\u00f3 egys\u00e9gek \u00e9s \u00e9jszaki kij\u00e1r\u00e1si tilalom l\u00e9p \u00e9letbe.<\/p>\n","protected":false},"author":36,"featured_media":18287,"comment_status":"open","ping_status":"open","sticky":false,"template":"","format":"standard","meta":{"footnotes":""},"categories":[70],"tags":[1639,3035,3034,1884,1336],"class_list":["post-18268","post","type-post","status-publish","format-standard","has-post-thumbnail","hentry","category-vilag","tag-belgium","tag-ejszakai-kijarasi-tilalom","tag-ejszaki-kijarasi-tilalom","tag-etterem","tag-koronavirus-jarvany"],"aioseo_notices":[],"_links":{"self":[{"href":"https:\/\/www.startlap.hu\/utazas\/wp-json\/wp\/v2\/posts\/18268","targetHints":{"allow":["GET"]}}],"collection":[{"href":"https:\/\/www.startlap.hu\/utazas\/wp-json\/wp\/v2\/posts"}],"about":[{"href":"https:\/\/www.startlap.hu\/utazas\/wp-json\/wp\/v2\/types\/post"}],"author":[{"embeddable":true,"href":"https:\/\/www.startlap.hu\/utazas\/wp-json\/wp\/v2\/users\/36"}],"replies":[{"embeddable":true,"href":"https:\/\/www.startlap.hu\/utazas\/wp-json\/wp\/v2\/comments?post=18268"}],"version-history":[{"count":4,"href":"https:\/\/www.startlap.hu\/utazas\/wp-json\/wp\/v2\/posts\/18268\/revisions"}],"predecessor-version":[{"id":18276,"href":"https:\/\/www.startlap.hu\/utazas\/wp-json\/wp\/v2\/posts\/18268\/revisions\/18276"}],"wp:featuredmedia":[{"embeddable":true,"href":"https:\/\/www.startlap.hu\/utazas\/wp-json\/wp\/v2\/media\/18287"}],"wp:attachment":[{"href":"https:\/\/www.startlap.hu\/utazas\/wp-json\/wp\/v2\/media?parent=18268"}],"wp:term":[{"taxonomy":"category","embeddable":true,"href":"https:\/\/www.startlap.hu\/utazas\/wp-json\/wp\/v2\/categories?post=18268"},{"taxonomy":"post_tag","embeddable":true,"href":"https:\/\/www.startlap.hu\/utazas\/wp-json\/wp\/v2\/tags?post=18268"}],"curies":[{"name":"wp","href":"https:\/\/api.w.org\/{rel}","templated":true}]}}