{"id":18266,"date":"2020-10-17T08:24:36","date_gmt":"2020-10-17T06:24:36","guid":{"rendered":"https:\/\/www.startlap.hu\/utazas\/?p=18266"},"modified":"2020-10-17T08:25:17","modified_gmt":"2020-10-17T06:25:17","slug":"megfekeztek-az-erdotuzet-a-kilimandzsaron","status":"publish","type":"post","link":"https:\/\/www.startlap.hu\/utazas\/megfekeztek-az-erdotuzet-a-kilimandzsaron\/","title":{"rendered":"Megf\u00e9kezt\u00e9k az erd\u0151t\u00fczet a Kilimandzs\u00e1r\u00f3n"},"content":{"rendered":"<p><strong>A t\u0171zv\u00e9sz kezdete \u00f3ta v\u00e9gzett megfesz\u00edtett munka eredm\u00e9nyek\u00e9nt ellen\u0151rz\u00e9s alatt tartjuk a t\u00fczet, amely 95,5 n\u00e9gyzetkilom\u00e9teren puszt\u00edtotta el a n\u00f6v\u00e9nyzetet&#8221;<\/strong> &#8211; k\u00f6z\u00f6lte p\u00e9nteken d\u00e9lut\u00e1n a Tanz\u00e1niai Nemzeti Parkok Igazgat\u00f3s\u00e1ga (TANAPA).<\/p>\n<h2>Majdnem egy h\u00e9tig tartott a l\u00e1ngok megf\u00e9kez\u00e9se<\/h2>\n<p>A t\u0171z a <a href=\"https:\/\/www.startlap.hu\/utazas\/nem-veletlenul-epult-az-andok-toresvonalaira-machu-picchu-varosa\/\" target=\"_blank\" rel=\"noopener noreferrer\"><strong>hegyet<\/strong><\/a> megm\u00e1sz\u00f3 turist\u00e1k Whona nev\u0171 pihen\u0151hely\u00e9n, 3000 m\u00e9teres magass\u00e1gban keletkezett vas\u00e1rnap este egyel\u0151re ismeretlen okb\u00f3l.<\/p>\n<figure id=\"attachment_18272\" aria-describedby=\"caption-attachment-18272\" style=\"width: 755px\" class=\"wp-caption alignnone\"><img loading=\"lazy\" decoding=\"async\" class=\"size-article-size-large-image wp-image-18272\" src=\"https:\/\/www.startlap.hu\/utazas\/uploads\/sites\/3\/2020\/10\/kilimanjaro_erdotuz_afrika2-755x515.jpg\" alt=\"\" width=\"755\" height=\"515\" srcset=\"https:\/\/www.startlap.hu\/utazas\/uploads\/sites\/3\/2020\/10\/kilimanjaro_erdotuz_afrika2-755x515.jpg 755w, https:\/\/www.startlap.hu\/utazas\/uploads\/sites\/3\/2020\/10\/kilimanjaro_erdotuz_afrika2-513x350.jpg 513w, https:\/\/www.startlap.hu\/utazas\/uploads\/sites\/3\/2020\/10\/kilimanjaro_erdotuz_afrika2.jpg 800w\" sizes=\"auto, (max-width: 755px) 100vw, 755px\" \/><figcaption id=\"caption-attachment-18272\" class=\"wp-caption-text\">Akkor\u00e1k voltak a Kilimandzs\u00e1r\u00f3, Afrika legmagasabb hegy\u00e9n a l\u00e1ngok, hogy kilom\u00e9terekkel arr\u00e9bb is l\u00e1that\u00f3 volt a puszt\u00edt\u00e1suk (Fot\u00f3: Thomas Becker \/ dpa \/ Getty Images).<\/figcaption><\/figure>\n<p>A n\u00f6v\u00e9nyzeten k\u00edv\u00fcl a l\u00e1ngok martal\u00e9k lett 12 kunyh\u00f3, k\u00e9t nyilv\u00e1nos illemhely \u00e9s egy napenergia-berendez\u00e9s, amelyet a hegym\u00e1sz\u00f3k haszn\u00e1lnak &#8211; k\u00f6z\u00f6lte a hat\u00f3s\u00e1g.<\/p>\n<h2>Egy pillanatra sem \u00e1ll le a turistaforgalom<\/h2>\n<p>A nagy magass\u00e1g \u00e9s a domborzati viszonyok miatt a boz\u00f3tt\u0171z nagy kih\u00edv\u00e1sok el\u00e9 \u00e1ll\u00edtotta az olt\u00e1s\u00e1n f\u00e1radoz\u00f3 f\u00e9lezer t\u0171zolt\u00f3t \u00e9s \u00f6nk\u00e9ntest. A l\u00e1ngok ellen egy <a href=\"https:\/\/www.startlap.hu\/utazas\/berugott-egy-ferfi-az-alpok-egy-csucsan-helikopter-hozta-le\/\" target=\"_blank\" rel=\"noopener noreferrer\"><strong>helikoptert<\/strong><\/a> is bevetettek.<\/p>\n<div class=\"o-widget m-readMoreWidget -readMore u-shortDecorLineAfter row widget-container _ce_measure_widget bigdata-widget read-more\" data-ce-measure-widget=\"olvass tov\u00e1bb\">\n\t<div class=\"m-readMoreWidget__imgWrapper image-wrapper col-12 col-md-4 no-p\">\n\t\t<a class=\"m-readMoreWidget__imgLink\" href=\"https:\/\/www.startlap.hu\/utazas\/duplajara-nott-a-mount-everest-sikeres-megmaszasanak-eselye\/\" >\n\t\t\t<img decoding=\"async\" src=\"https:\/\/www.startlap.hu\/utazas\/uploads\/sites\/3\/2020\/08\/mount_everest_hegymaszok-350x285.jpg\" class=\"m-readMoreWidget__img\">\n\t\t<\/a>\n\t<\/div>\n\t<div class=\"m-readMoreWidget__titleWrapper title-wrapper col-12 col-md-8\">\n\t\t<span class=\"m-readMoreWidget__titleLabel u-shortDecorLineBefore label hidden-sm-up\">Ez is \u00e9rdekelhet:<\/span>\n\t\t<h3 class=\"m-readMoreWidget__title title\">\n\t\t\t<a class=\"m-readMoreWidget__titleLink -secondFont u-bold u-upperCase\" href=\"https:\/\/www.startlap.hu\/utazas\/duplajara-nott-a-mount-everest-sikeres-megmaszasanak-eselye\/\" >Dupl\u00e1j\u00e1ra n\u0151tt a Mount Everest sikeres megm\u00e1sz\u00e1s\u00e1nak es\u00e9lye<\/a>\n\t\t<\/h3>\n\t\t<a class=\"m-readMoreWidget__btn -coloredBack u-tC link\" href=\"https:\/\/www.startlap.hu\/utazas\/duplajara-nott-a-mount-everest-sikeres-megmaszasanak-eselye\/\" >Elolvasom<\/a>\n\t<\/div>\n<\/div>\n<p>A hat\u00f3s\u00e1gok szerint a t\u0171z nem okozott fennakad\u00e1st az 5895 m\u00e9ter magas <a href=\"https:\/\/www.startlap.hu\/utazas\/tuz_kilimandzsaro_hegymaszok\/\" target=\"_blank\" rel=\"noopener noreferrer\"><strong>Kilimandzs\u00e1r\u00f3<\/strong><\/a> idegenforgalm\u00e1ban. A vil\u00e1g legmagasabb, \u00f6nmag\u00e1ban \u00e1ll\u00f3 hegy\u00e9t, Tanz\u00e1nia szimb\u00f3lum\u00e1t \u00e9vente 50 ezer turista m\u00e1ssza meg.<\/p>\n<p>&nbsp;<\/p>\n<p><span style=\"font-size: 12px\">(MTI)<\/span><\/p>\n","protected":false},"excerpt":{"rendered":"<p> A tanz\u00e1niai hat\u00f3s\u00e1gok szerint p\u00e9ntekre siker\u00fclt megf\u00e9kezni az Afrika legmagasabb hegy\u00e9n, a Kilimandzs\u00e1r\u00f3n tombol\u00f3 erd\u0151t\u00fczet, amely a hegyet is mag\u00e1ba foglal\u00f3 nemzeti park ter\u00fclet\u00e9nek \u00f6t sz\u00e1zal\u00e9k\u00e1t perzselte fel.<\/p>\n","protected":false},"author":36,"featured_media":18271,"comment_status":"open","ping_status":"open","sticky":false,"template":"","format":"standard","meta":{"footnotes":""},"categories":[70],"tags":[915,3002,3003],"class_list":["post-18266","post","type-post","status-publish","format-standard","has-post-thumbnail","hentry","category-vilag","tag-afrika","tag-kilimandzsaro","tag-tanzania"],"aioseo_notices":[],"_links":{"self":[{"href":"https:\/\/www.startlap.hu\/utazas\/wp-json\/wp\/v2\/posts\/18266","targetHints":{"allow":["GET"]}}],"collection":[{"href":"https:\/\/www.startlap.hu\/utazas\/wp-json\/wp\/v2\/posts"}],"about":[{"href":"https:\/\/www.startlap.hu\/utazas\/wp-json\/wp\/v2\/types\/post"}],"author":[{"embeddable":true,"href":"https:\/\/www.startlap.hu\/utazas\/wp-json\/wp\/v2\/users\/36"}],"replies":[{"embeddable":true,"href":"https:\/\/www.startlap.hu\/utazas\/wp-json\/wp\/v2\/comments?post=18266"}],"version-history":[{"count":2,"href":"https:\/\/www.startlap.hu\/utazas\/wp-json\/wp\/v2\/posts\/18266\/revisions"}],"predecessor-version":[{"id":18273,"href":"https:\/\/www.startlap.hu\/utazas\/wp-json\/wp\/v2\/posts\/18266\/revisions\/18273"}],"wp:featuredmedia":[{"embeddable":true,"href":"https:\/\/www.startlap.hu\/utazas\/wp-json\/wp\/v2\/media\/18271"}],"wp:attachment":[{"href":"https:\/\/www.startlap.hu\/utazas\/wp-json\/wp\/v2\/media?parent=18266"}],"wp:term":[{"taxonomy":"category","embeddable":true,"href":"https:\/\/www.startlap.hu\/utazas\/wp-json\/wp\/v2\/categories?post=18266"},{"taxonomy":"post_tag","embeddable":true,"href":"https:\/\/www.startlap.hu\/utazas\/wp-json\/wp\/v2\/tags?post=18266"}],"curies":[{"name":"wp","href":"https:\/\/api.w.org\/{rel}","templated":true}]}}