{"id":18184,"date":"2020-10-15T14:11:24","date_gmt":"2020-10-15T12:11:24","guid":{"rendered":"https:\/\/www.startlap.hu\/utazas\/?p=18184"},"modified":"2020-10-15T16:33:09","modified_gmt":"2020-10-15T14:33:09","slug":"tuz_kilimandzsaro_hegymaszok","status":"publish","type":"post","link":"https:\/\/www.startlap.hu\/utazas\/tuz_kilimandzsaro_hegymaszok\/","title":{"rendered":"Terjed a t\u0171z a Kilimandzs\u00e1r\u00f3n, evaku\u00e1lt\u00e1k a hegym\u00e1sz\u00f3kat"},"content":{"rendered":"<p>Henning Schmidt n\u00e9met t\u00faravezet\u0151 arr\u00f3l t\u00e1j\u00e9koztatta a dpa h\u00edr\u00fcgyn\u00f6ks\u00e9get, hogy<strong> hajnalban kimenek\u00edtettek a hat\u00f3s\u00e1gok hat-h\u00e9t hegym\u00e1sz\u00f3-csoportot<\/strong>, miut\u00e1n a l\u00e1ngok egyre nagyobb ter\u00fcletet \u00f6lelnek fel <a href=\"https:\/\/www.startlap.hu\/utazas\/eg-a-kilimandzsaro\/\">Afrika legmagasabb hegy\u00e9n<\/a>. Egy koll\u00e9g\u00e1ja hozz\u00e1tette, hogy a f\u00fcst miatt tartottak a m\u00e9rgez\u00e9st\u0151l. Ek\u00f6zben az illet\u00e9kes tanz\u00e1niai szervek bejelentett\u00e9k, hogy cs\u00fct\u00f6rt\u00f6k\u00f6n megkezdhetik a helikopteres t\u0171zolt\u00e1st.<\/p>\n<blockquote class=\"article__extraTxt\"><p>&#8222;A feladat nehezebb, mint kor\u00e1bban gondoltuk. Az er\u0151s sz\u00e9l \u00e9s a sz\u00e1raz n\u00f6v\u00e9nyzet komoly kih\u00edv\u00e1st jelent\u02dd<\/p><\/blockquote>\n<p>&#8211; mondta Hamisi Kigwangalla turisztikai miniszter.<\/p>\n<figure id=\"attachment_18185\" aria-describedby=\"caption-attachment-18185\" style=\"width: 755px\" class=\"wp-caption alignnone\"><img loading=\"lazy\" decoding=\"async\" class=\"size-article-size-large-image wp-image-18185\" src=\"https:\/\/www.startlap.hu\/utazas\/uploads\/sites\/3\/2020\/10\/kilimandzsaro_tuz-755x566.jpg\" alt=\"\" width=\"755\" height=\"566\" srcset=\"https:\/\/www.startlap.hu\/utazas\/uploads\/sites\/3\/2020\/10\/kilimandzsaro_tuz-755x566.jpg 755w, https:\/\/www.startlap.hu\/utazas\/uploads\/sites\/3\/2020\/10\/kilimandzsaro_tuz-85x65.jpg 85w, https:\/\/www.startlap.hu\/utazas\/uploads\/sites\/3\/2020\/10\/kilimandzsaro_tuz-467x350.jpg 467w, https:\/\/www.startlap.hu\/utazas\/uploads\/sites\/3\/2020\/10\/kilimandzsaro_tuz.jpg 1024w\" sizes=\"auto, (max-width: 755px) 100vw, 755px\" \/><figcaption id=\"caption-attachment-18185\" class=\"wp-caption-text\">Fot\u00f3: Thomas Becker\/ via Getty Images<\/figcaption><\/figure>\n<p><strong>\u00d6t\u00f6dik napja \u00e9g a Kilimandzs\u00e1r\u00f3<\/strong>, a l\u00e1ngok m\u00e1r t\u00f6bb mint 28 n\u00e9gyzetkilom\u00e9ternyi ter\u00fcletet perzseltek fel.<\/p>\n<p>Az 5895 m\u00e9ter magas Kilimandzs\u00e1r\u00f3 a vil\u00e1g legmagasabb, \u00f6nmag\u00e1ban \u00e1ll\u00f3 vulkanikus eredet\u0171 hegycs\u00facsa, Tanz\u00e1nia jelk\u00e9pe. A Kilimandzs\u00e1r\u00f3n legut\u00f3bb 2016 okt\u00f3ber\u00e9ben volt t\u0171z. Szak\u00e9rt\u0151k szerint egyre gyakoribbak a hegyen a t\u0171zesetek, \u00e9s ez \u00f6sszef\u00fcgg\u00e9sbe hozhat\u00f3 a kl\u00edmav\u00e1ltoz\u00e1ssal.<\/p>\n<p><em>(MTI)<\/em><\/p>\n","protected":false},"excerpt":{"rendered":"<p> A t\u0171z terjed\u00e9se miatt evaku\u00e1lni kellett a hegym\u00e1sz\u00f3kat cs\u00fct\u00f6rt\u00f6k\u00f6n a tanz\u00e1niai Kilimandzs\u00e1r\u00f3n l\u00e9v\u0151 egyik t\u00e1borb\u00f3l.<\/p>\n","protected":false},"author":36,"featured_media":18185,"comment_status":"open","ping_status":"open","sticky":false,"template":"","format":"standard","meta":{"footnotes":""},"categories":[70],"tags":[3002,3004],"class_list":["post-18184","post","type-post","status-publish","format-standard","has-post-thumbnail","hentry","category-vilag","tag-kilimandzsaro","tag-tuz"],"aioseo_notices":[],"_links":{"self":[{"href":"https:\/\/www.startlap.hu\/utazas\/wp-json\/wp\/v2\/posts\/18184","targetHints":{"allow":["GET"]}}],"collection":[{"href":"https:\/\/www.startlap.hu\/utazas\/wp-json\/wp\/v2\/posts"}],"about":[{"href":"https:\/\/www.startlap.hu\/utazas\/wp-json\/wp\/v2\/types\/post"}],"author":[{"embeddable":true,"href":"https:\/\/www.startlap.hu\/utazas\/wp-json\/wp\/v2\/users\/36"}],"replies":[{"embeddable":true,"href":"https:\/\/www.startlap.hu\/utazas\/wp-json\/wp\/v2\/comments?post=18184"}],"version-history":[{"count":2,"href":"https:\/\/www.startlap.hu\/utazas\/wp-json\/wp\/v2\/posts\/18184\/revisions"}],"predecessor-version":[{"id":18187,"href":"https:\/\/www.startlap.hu\/utazas\/wp-json\/wp\/v2\/posts\/18184\/revisions\/18187"}],"wp:featuredmedia":[{"embeddable":true,"href":"https:\/\/www.startlap.hu\/utazas\/wp-json\/wp\/v2\/media\/18185"}],"wp:attachment":[{"href":"https:\/\/www.startlap.hu\/utazas\/wp-json\/wp\/v2\/media?parent=18184"}],"wp:term":[{"taxonomy":"category","embeddable":true,"href":"https:\/\/www.startlap.hu\/utazas\/wp-json\/wp\/v2\/categories?post=18184"},{"taxonomy":"post_tag","embeddable":true,"href":"https:\/\/www.startlap.hu\/utazas\/wp-json\/wp\/v2\/tags?post=18184"}],"curies":[{"name":"wp","href":"https:\/\/api.w.org\/{rel}","templated":true}]}}