{"id":18103,"date":"2020-10-13T16:32:09","date_gmt":"2020-10-13T14:32:09","guid":{"rendered":"https:\/\/www.startlap.hu\/utazas\/?p=18103"},"modified":"2020-10-13T16:52:51","modified_gmt":"2020-10-13T14:52:51","slug":"tuz-kilimandzsaro","status":"publish","type":"post","link":"https:\/\/www.startlap.hu\/utazas\/tuz-kilimandzsaro\/","title":{"rendered":"Tov\u00e1bbra is l\u00e1ngokban \u00e1ll a Kilimandzs\u00e1r\u00f3"},"content":{"rendered":"<p>A tanz\u00e1niai nemzeti parkok igazgat\u00f3s\u00e1g\u00e1nak (TANAPA) keddi k\u00f6zlem\u00e9nye szerint egy helikoptert is bevetettek. &nbsp;&#8222;Arra fogjuk haszn\u00e1lni a helikoptert, hogy a leveg\u0151b\u0151l kisz\u00farjuk a s\u00e9r\u00fcl\u00e9keny pontokat a gyors beavatkoz\u00e1s v\u00e9gett, amennyiben a t\u0171z ezekbe a t\u00e9rs\u00e9gekbe terjedne \u00e1t&#8221; &#8211; k\u00f6z\u00f6lte a TANAPA. A vas\u00e1rnap d\u00e9lut\u00e1n keletkezett t\u0171z \u00e1tcsapott a keleti lejt\u0151re, \u00e9s el\u00e9rte a Rombo-k\u00f6rzetet.<\/p>\n<figure id=\"attachment_18104\" aria-describedby=\"caption-attachment-18104\" style=\"width: 755px\" class=\"wp-caption alignnone\"><img loading=\"lazy\" decoding=\"async\" class=\"size-article-size-large-image wp-image-18104\" src=\"https:\/\/www.startlap.hu\/utazas\/uploads\/sites\/3\/2020\/10\/kilimandzsaro-755x500.jpg\" alt=\"\" width=\"755\" height=\"500\" srcset=\"https:\/\/www.startlap.hu\/utazas\/uploads\/sites\/3\/2020\/10\/kilimandzsaro-755x500.jpg 755w, https:\/\/www.startlap.hu\/utazas\/uploads\/sites\/3\/2020\/10\/kilimandzsaro-250x165.jpg 250w, https:\/\/www.startlap.hu\/utazas\/uploads\/sites\/3\/2020\/10\/kilimandzsaro-529x350.jpg 529w, https:\/\/www.startlap.hu\/utazas\/uploads\/sites\/3\/2020\/10\/kilimandzsaro.jpg 1024w\" sizes=\"auto, (max-width: 755px) 100vw, 755px\" \/><figcaption id=\"caption-attachment-18104\" class=\"wp-caption-text\">Fot\u00f3: Thomas Becker\/dpa (Photo by Thomas Becker\/picture alliance via Getty Images)<\/figcaption><\/figure>\n<p>Az er\u0151s sz\u00e9l miatt a t\u0171z kiterjedt r\u00e9t- \u00e9s l\u00e1pvid\u00e9ket puszt\u00edtott el. Helysz\u00edni besz\u00e1mol\u00f3k szerint a l\u00e1ngok most a hegy l\u00e1ba fel\u00e9, az \u0151serd\u0151 ir\u00e1ny\u00e1ba is terjednek.<\/p>\n<div class=\"o-widget m-readMoreWidget -readMore u-shortDecorLineAfter row widget-container _ce_measure_widget bigdata-widget read-more\" data-ce-measure-widget=\"olvass tov\u00e1bb\">\n\t<div class=\"m-readMoreWidget__imgWrapper image-wrapper col-12 col-md-4 no-p\">\n\t\t<a class=\"m-readMoreWidget__imgLink\" href=\"https:\/\/www.startlap.hu\/utazas\/eg-a-kilimandzsaro\/\" >\n\t\t\t<img decoding=\"async\" src=\"https:\/\/www.startlap.hu\/utazas\/uploads\/sites\/3\/2020\/10\/kilimandzsarao_tuz-350x285.jpg\" class=\"m-readMoreWidget__img\">\n\t\t<\/a>\n\t<\/div>\n\t<div class=\"m-readMoreWidget__titleWrapper title-wrapper col-12 col-md-8\">\n\t\t<span class=\"m-readMoreWidget__titleLabel u-shortDecorLineBefore label hidden-sm-up\">Ez is \u00e9rdekelhet:<\/span>\n\t\t<h3 class=\"m-readMoreWidget__title title\">\n\t\t\t<a class=\"m-readMoreWidget__titleLink -secondFont u-bold u-upperCase\" href=\"https:\/\/www.startlap.hu\/utazas\/eg-a-kilimandzsaro\/\" >\u00c9g a Kilimandzs\u00e1r\u00f3<\/a>\n\t\t<\/h3>\n\t\t<a class=\"m-readMoreWidget__btn -coloredBack u-tC link\" href=\"https:\/\/www.startlap.hu\/utazas\/eg-a-kilimandzsaro\/\" >Elolvasom<\/a>\n\t<\/div>\n<\/div>\n<p>Az 5895 m\u00e9teres Kilimandzs\u00e1r\u00f3 a vil\u00e1g legmagasabb, \u00f6nmag\u00e1ban \u00e1ll\u00f3 (vulkanikus eredet\u0171) hegycs\u00facsa, Tanz\u00e1nia jelk\u00e9pe.<\/p>\n<p><em>(MTI)<\/em><\/p>\n","protected":false},"excerpt":{"rendered":"<p>Afrika legmagasabb hegye, a tanz\u00e1niai Kilimandzs\u00e1r\u00f3 tov\u00e1bbra is l\u00e1ngokban, d\u00e9li r\u00e9sz\u00e9n mintegy \u00f6tsz\u00e1z t\u0171zolt\u00f3 harcol a t\u0171zzel h\u00e1romezer m\u00e9ter magasan.<\/p>\n","protected":false},"author":36,"featured_media":18104,"comment_status":"open","ping_status":"open","sticky":false,"template":"","format":"standard","meta":{"footnotes":""},"categories":[70],"tags":[915,3002,3004],"class_list":["post-18103","post","type-post","status-publish","format-standard","has-post-thumbnail","hentry","category-vilag","tag-afrika","tag-kilimandzsaro","tag-tuz"],"aioseo_notices":[],"_links":{"self":[{"href":"https:\/\/www.startlap.hu\/utazas\/wp-json\/wp\/v2\/posts\/18103","targetHints":{"allow":["GET"]}}],"collection":[{"href":"https:\/\/www.startlap.hu\/utazas\/wp-json\/wp\/v2\/posts"}],"about":[{"href":"https:\/\/www.startlap.hu\/utazas\/wp-json\/wp\/v2\/types\/post"}],"author":[{"embeddable":true,"href":"https:\/\/www.startlap.hu\/utazas\/wp-json\/wp\/v2\/users\/36"}],"replies":[{"embeddable":true,"href":"https:\/\/www.startlap.hu\/utazas\/wp-json\/wp\/v2\/comments?post=18103"}],"version-history":[{"count":1,"href":"https:\/\/www.startlap.hu\/utazas\/wp-json\/wp\/v2\/posts\/18103\/revisions"}],"predecessor-version":[{"id":18105,"href":"https:\/\/www.startlap.hu\/utazas\/wp-json\/wp\/v2\/posts\/18103\/revisions\/18105"}],"wp:featuredmedia":[{"embeddable":true,"href":"https:\/\/www.startlap.hu\/utazas\/wp-json\/wp\/v2\/media\/18104"}],"wp:attachment":[{"href":"https:\/\/www.startlap.hu\/utazas\/wp-json\/wp\/v2\/media?parent=18103"}],"wp:term":[{"taxonomy":"category","embeddable":true,"href":"https:\/\/www.startlap.hu\/utazas\/wp-json\/wp\/v2\/categories?post=18103"},{"taxonomy":"post_tag","embeddable":true,"href":"https:\/\/www.startlap.hu\/utazas\/wp-json\/wp\/v2\/tags?post=18103"}],"curies":[{"name":"wp","href":"https:\/\/api.w.org\/{rel}","templated":true}]}}