{"id":18052,"date":"2020-10-12T12:02:38","date_gmt":"2020-10-12T10:02:38","guid":{"rendered":"https:\/\/www.startlap.hu\/utazas\/?p=18052"},"modified":"2020-10-12T12:40:55","modified_gmt":"2020-10-12T10:40:55","slug":"eg-a-kilimandzsaro","status":"publish","type":"post","link":"https:\/\/www.startlap.hu\/utazas\/eg-a-kilimandzsaro\/","title":{"rendered":"\u00c9g a Kilimandzs\u00e1r\u00f3"},"content":{"rendered":"<p>A tanz\u00e1niai nemzeti parkok igazgat\u00f3s\u00e1g\u00e1nak (TANAPA) k\u00f6zlem\u00e9nye szerint a nagyj\u00e1b\u00f3l f\u00e9l\u00faton <strong>a csaknem 6000 m\u00e9ter magas hegy l\u00e1ba \u00e9s cs\u00facsa k\u00f6z\u00f6tt vas\u00e1rnap keletkezett t\u0171z<\/strong> olt\u00e1s\u00e1t nehez\u00edti a nagy magass\u00e1g. A t\u0171zv\u00e9szr\u0151l vas\u00e1rnap k\u00f6zz\u00e9tettek egy fot\u00f3t is, amelyen v\u00f6r\u00f6sl\u0151 l\u00e1ngok \u00e9s f\u00fcstfelh\u0151k l\u00e1that\u00f3k.<\/p>\n<p>A k\u00e1rok m\u00e9rt\u00e9ke egyel\u0151re nem ismert.<\/p>\n<figure id=\"attachment_18053\" aria-describedby=\"caption-attachment-18053\" style=\"width: 755px\" class=\"wp-caption alignnone\"><img loading=\"lazy\" decoding=\"async\" class=\"size-article-size-large-image wp-image-18053\" src=\"https:\/\/www.startlap.hu\/utazas\/uploads\/sites\/3\/2020\/10\/kilimandzsarao_tuz-755x500.jpg\" alt=\"\" width=\"755\" height=\"500\" srcset=\"https:\/\/www.startlap.hu\/utazas\/uploads\/sites\/3\/2020\/10\/kilimandzsarao_tuz-755x500.jpg 755w, https:\/\/www.startlap.hu\/utazas\/uploads\/sites\/3\/2020\/10\/kilimandzsarao_tuz-250x165.jpg 250w, https:\/\/www.startlap.hu\/utazas\/uploads\/sites\/3\/2020\/10\/kilimandzsarao_tuz-528x350.jpg 528w, https:\/\/www.startlap.hu\/utazas\/uploads\/sites\/3\/2020\/10\/kilimandzsarao_tuz.jpg 1200w\" sizes=\"auto, (max-width: 755px) 100vw, 755px\" \/><figcaption id=\"caption-attachment-18053\" class=\"wp-caption-text\">Thomas Becker\/Getty Images<\/figcaption><\/figure>\n<p>A The Citizen c\u00edm\u0171 helyi lap szerint a t\u0171z szabad szemmel is l\u00e1that\u00f3 a hegy l\u00e1b\u00e1n\u00e1l fekv\u0151 telep\u00fcl\u00e9sekr\u0151l, amelyeknek lakosai a t\u0171zolt\u00f3kkal v\u00e1llvetve pr\u00f3b\u00e1lj\u00e1k eloltani a l\u00e1ngokat.<\/p>\n<p>&nbsp;<\/p>\n<div class='iframe-wrapper '>\n<blockquote class=\"twitter-tweet\" data-width=\"500\" data-dnt=\"true\">\n<p lang=\"in\" dir=\"ltr\">Hiini hifadhi ya mlima wetu kilimanjaro inateketea namoto kama mnavyo ona <a href=\"https:\/\/t.co\/HobKrPzF6B\" target=\"_blank\">pic.twitter.com\/HobKrPzF6B<\/a><\/p>\n<p>&mdash; Issack Shao (@IssackShao) <a href=\"https:\/\/twitter.com\/IssackShao\/status\/1315400044447764483?ref_src=twsrc%5Etfw\" target=\"_blank\">October 11, 2020<\/a><\/p><\/blockquote>\n<p><script async src=\"https:\/\/platform.twitter.com\/widgets.js\" charset=\"utf-8\"><\/script><\/div>\n<p>&nbsp;<\/p>\n<p>Az 5895 m\u00e9teres Kilimandzs\u00e1r\u00f3 a vil\u00e1g legmagasabb, \u00f6nmag\u00e1ban \u00e1ll\u00f3 (vulkanikus eredet\u0171) hegycs\u00facsa.<\/p>\n<div class=\"o-widget m-readMoreWidget -readMore u-shortDecorLineAfter row widget-container _ce_measure_widget bigdata-widget read-more\" data-ce-measure-widget=\"olvass tov\u00e1bb\">\n\t<div class=\"m-readMoreWidget__imgWrapper image-wrapper col-12 col-md-4 no-p\">\n\t\t<a class=\"m-readMoreWidget__imgLink\" href=\"https:\/\/www.startlap.hu\/utazas\/jeg-es-tuz-videke-az-argentin-patagonia\/\" >\n\t\t\t<img decoding=\"async\" src=\"https:\/\/www.startlap.hu\/utazas\/uploads\/sites\/3\/2020\/02\/argentin-patag\u00f3nia-t\u0171zf\u00f6ld-cover-350x285.jpg\" class=\"m-readMoreWidget__img\">\n\t\t<\/a>\n\t<\/div>\n\t<div class=\"m-readMoreWidget__titleWrapper title-wrapper col-12 col-md-8\">\n\t\t<span class=\"m-readMoreWidget__titleLabel u-shortDecorLineBefore label hidden-sm-up\">Ez is \u00e9rdekelhet:<\/span>\n\t\t<h3 class=\"m-readMoreWidget__title title\">\n\t\t\t<a class=\"m-readMoreWidget__titleLink -secondFont u-bold u-upperCase\" href=\"https:\/\/www.startlap.hu\/utazas\/jeg-es-tuz-videke-az-argentin-patagonia\/\" >J\u00e9g \u00e9s t\u0171z vid\u00e9ke: az argentin Patag\u00f3nia<\/a>\n\t\t<\/h3>\n\t\t<a class=\"m-readMoreWidget__btn -coloredBack u-tC link\" href=\"https:\/\/www.startlap.hu\/utazas\/jeg-es-tuz-videke-az-argentin-patagonia\/\" >Elolvasom<\/a>\n\t<\/div>\n<\/div>\n<p>(MTI)<\/p>\n","protected":false},"excerpt":{"rendered":"<p>A csaknem 6000 m\u00e9ter magas hegy l\u00e1ba \u00e9s cs\u00facsa k\u00f6z\u00f6tt vas\u00e1rnap keletkezett t\u0171z.<\/p>\n","protected":false},"author":36,"featured_media":18053,"comment_status":"open","ping_status":"open","sticky":false,"template":"","format":"standard","meta":{"footnotes":""},"categories":[70],"tags":[3002,3003,3004],"class_list":["post-18052","post","type-post","status-publish","format-standard","has-post-thumbnail","hentry","category-vilag","tag-kilimandzsaro","tag-tanzania","tag-tuz"],"aioseo_notices":[],"_links":{"self":[{"href":"https:\/\/www.startlap.hu\/utazas\/wp-json\/wp\/v2\/posts\/18052","targetHints":{"allow":["GET"]}}],"collection":[{"href":"https:\/\/www.startlap.hu\/utazas\/wp-json\/wp\/v2\/posts"}],"about":[{"href":"https:\/\/www.startlap.hu\/utazas\/wp-json\/wp\/v2\/types\/post"}],"author":[{"embeddable":true,"href":"https:\/\/www.startlap.hu\/utazas\/wp-json\/wp\/v2\/users\/36"}],"replies":[{"embeddable":true,"href":"https:\/\/www.startlap.hu\/utazas\/wp-json\/wp\/v2\/comments?post=18052"}],"version-history":[{"count":5,"href":"https:\/\/www.startlap.hu\/utazas\/wp-json\/wp\/v2\/posts\/18052\/revisions"}],"predecessor-version":[{"id":18062,"href":"https:\/\/www.startlap.hu\/utazas\/wp-json\/wp\/v2\/posts\/18052\/revisions\/18062"}],"wp:featuredmedia":[{"embeddable":true,"href":"https:\/\/www.startlap.hu\/utazas\/wp-json\/wp\/v2\/media\/18053"}],"wp:attachment":[{"href":"https:\/\/www.startlap.hu\/utazas\/wp-json\/wp\/v2\/media?parent=18052"}],"wp:term":[{"taxonomy":"category","embeddable":true,"href":"https:\/\/www.startlap.hu\/utazas\/wp-json\/wp\/v2\/categories?post=18052"},{"taxonomy":"post_tag","embeddable":true,"href":"https:\/\/www.startlap.hu\/utazas\/wp-json\/wp\/v2\/tags?post=18052"}],"curies":[{"name":"wp","href":"https:\/\/api.w.org\/{rel}","templated":true}]}}