{"id":180,"date":"2019-08-05T17:12:06","date_gmt":"2019-08-05T15:12:06","guid":{"rendered":"https:\/\/www.startlap.hu\/utazas\/?p=180"},"modified":"2019-08-09T15:28:23","modified_gmt":"2019-08-09T13:28:23","slug":"ahol-megall-az-ido-falusi-eletkepek-az-orsegbol","status":"publish","type":"post","link":"https:\/\/www.startlap.hu\/utazas\/ahol-megall-az-ido-falusi-eletkepek-az-orsegbol\/","title":{"rendered":"Ahol meg\u00e1ll az id\u0151: falusi \u00e9letk\u00e9pek az \u0150rs\u00e9gb\u0151l"},"content":{"rendered":"<p>Azt a kifejez\u00e9st, hogy valahol &#8222;meg\u00e1ll az id\u0151&#8221;, szoktuk pozit\u00edv \u00e9s negat\u00edv \u00e9rtelemben is haszn\u00e1lni. H\u00e1t, az \u0150rs\u00e9g tekintet\u00e9ben egy\u00e9rtelm\u0171en pozit\u00edv \u00e9rtelemr\u0151l besz\u00e9l\u00fcnk. (Kiv\u00e9ve az oda viv\u0151 buszk\u00f6zleked\u00e9st, de h\u00e1t az egy m\u00e1sik dolog.)<\/p>\n<p>Szerkeszt\u0151nk fogta mag\u00e1t, \u00e9s aut\u00f3 n\u00e9lk\u00fcl ment el az \u0150rs\u00e9gbe, hogy v\u00e9gigker\u00e9kp\u00e1rozzon egy h\u00e9tv\u00e9g\u00e9t.<\/p>\n<p><img loading=\"lazy\" decoding=\"async\" class=\"alignnone size-full wp-image-190\" src=\"https:\/\/www.startlap.hu\/utazas\/uploads\/sites\/3\/2019\/07\/Laura_Orseg2.jpg\" alt=\"\" width=\"1911\" height=\"1387\" srcset=\"https:\/\/www.startlap.hu\/utazas\/uploads\/sites\/3\/2019\/07\/Laura_Orseg2.jpg 1911w, https:\/\/www.startlap.hu\/utazas\/uploads\/sites\/3\/2019\/07\/Laura_Orseg2-482x350.jpg 482w\" sizes=\"auto, (max-width: 1911px) 100vw, 1911px\" \/><\/p>\n<h2>Vissza a m\u00faltba<\/h2>\n<p>Val\u00f3sz\u00edn\u0171leg mindenki tudja, aki megc\u00e9lozza az \u0150rs\u00e9get, hogy ott egy igazi id\u0151utaz\u00e1sban lesz r\u00e9sze. A falusi \u00e9let r\u00e9gi, hagyom\u00e1nyos form\u00e1it n\u00e9zheti meg, k\u00fcls\u0151s\u00e9gekben mindenk\u00e9pp, de a legjobb, ha lehet\u0151s\u00e9ged ny\u00edlik egy csal\u00e1d \u00e9let\u00e9be is betekinteni, legal\u00e1bb egy p\u00e1r \u00f3r\u00e1ra vagy egy est\u00e9re.<\/p>\n<blockquote class=\"article__extraTxt\"><p>Ez\u00e9rt \u00e9n mindenk\u00e9pp azt aj\u00e1nlom, hogy a hotelek helyett a vend\u00e9gh\u00e1zak k\u00f6z\u00fcl v\u00e1lassz sz\u00e1ll\u00e1st.<\/p><\/blockquote>\n<p>J\u00f3magam egy kifejezetten olcs\u00f3 &#8211; s\u0151t, mind k\u00f6z\u00fcl a legolcs\u00f3bb! &#8211; h\u00e1zat n\u00e9ztem ki Kerkakutason, pedig egy\u00e1ltal\u00e1n nem vagyok egy nom\u00e1d, vagy g\u00f6rcs\u00f6sen sp\u00f3rol\u00f3 t\u00edpus.<\/p>\n<p>De ennek a vend\u00e9gh\u00e1znak az \u00e9rt\u00e9kel\u00e9sei, k\u00fcl\u00f6n\u00f6sk\u00e9pp az \u00fczemeltet\u0151, id\u0151sebb h\u00e1zasp\u00e1r m\u00e9ltat\u00e1sai annyira magukkal ragadtak, hogy &#8211; \u00f6sszerakva azzal, hogy a k\u00e9pek alapj\u00e1n a szob\u00e1k is teljesen j\u00f3 \u00e1llapot\u00fa, klasszikus, hagyom\u00e1nyos, de minden sz\u00fcks\u00e9gessel felszerelt, konyh\u00e1s apartmanok voltak &#8211; r\u00e1nyomtam a foglal\u00e1sra.<\/p>\n<p>Nem b\u00e1ntam meg.<\/p>\n<p><img loading=\"lazy\" decoding=\"async\" class=\"alignnone size-full wp-image-486\" src=\"https:\/\/www.startlap.hu\/utazas\/uploads\/sites\/3\/2019\/08\/Laura.jpg\" alt=\"\" width=\"960\" height=\"720\" srcset=\"https:\/\/www.startlap.hu\/utazas\/uploads\/sites\/3\/2019\/08\/Laura.jpg 960w, https:\/\/www.startlap.hu\/utazas\/uploads\/sites\/3\/2019\/08\/Laura-85x65.jpg 85w, https:\/\/www.startlap.hu\/utazas\/uploads\/sites\/3\/2019\/08\/Laura-467x350.jpg 467w\" sizes=\"auto, (max-width: 960px) 100vw, 960px\" \/><\/p>\n<p>A h\u00e1zasp\u00e1r, Marika n\u00e9ni \u00e9s G\u00e9za b\u00e1csi, korukat meghazudtol\u00f3 energi\u00e1val \u00e9s odaad\u00e1ssal p\u00f6r\u00f6gnek, \u00e9s a falusi vend\u00e9gszeretetnek, el\u0151z\u00e9kenys\u00e9gnek azt a form\u00e1j\u00e1t ny\u00fajtj\u00e1k, aminek l\u00e9tez\u00e9s\u00e9ben, megmondom \u0151szint\u00e9n, \u00e9n magam m\u00e1r egyre kev\u00e9sb\u00e9 hittem.<\/p>\n<p>Minden\u00fctt azt l\u00e1tom, hogy m\u00e9g a legtradicion\u00e1lisabb helyeken is r\u00e1f\u0171znek a turizmusra, \u00edgy a l\u00e1togat\u00f3kkal szembeni kedvess\u00e9g is ink\u00e1bb megj\u00e1tszott, mint \u0151szinte, ink\u00e1bb m\u00f6g\u00f6ttes c\u00e9lokkal, mint \u00f6nzetlens\u00e9ggel teli.<\/p>\n<p><img loading=\"lazy\" decoding=\"async\" class=\"alignnone size-full wp-image-182\" src=\"https:\/\/www.startlap.hu\/utazas\/uploads\/sites\/3\/2019\/07\/67380176_10157169421510490_8434024388642209792_n.jpg\" alt=\"\" width=\"960\" height=\"720\" srcset=\"https:\/\/www.startlap.hu\/utazas\/uploads\/sites\/3\/2019\/07\/67380176_10157169421510490_8434024388642209792_n.jpg 960w, https:\/\/www.startlap.hu\/utazas\/uploads\/sites\/3\/2019\/07\/67380176_10157169421510490_8434024388642209792_n-85x65.jpg 85w, https:\/\/www.startlap.hu\/utazas\/uploads\/sites\/3\/2019\/07\/67380176_10157169421510490_8434024388642209792_n-467x350.jpg 467w\" sizes=\"auto, (max-width: 960px) 100vw, 960px\" \/><\/p>\n<p>Itt, a kerkakutasi sz\u00e1ll\u00e1somon ez a pesszimista megl\u00e1t\u00e1som gyakorlatilag m\u00e1r az els\u0151 est\u00e9n romba d\u0151lt. Val\u00f3s\u00e1ggal zavarban voltam m\u00e1r amiatt, hogy mennyi apr\u00f3s\u00e1got, mennyi figyelmess\u00e9get, seg\u00edts\u00e9get \u00e9s seg\u00edt\u0151 felaj\u00e1nl\u00e1st kaptam nemcsak a sz\u00e1ll\u00e1sad\u00f3kt\u00f3l, hanem a t\u00f6bbi vend\u00e9gt\u0151l is, akik ugyanitt sz\u00e1lltak meg. \u00c9s mindezt t\u00e9nyleg csak az\u00e9rt, mert \u0151k ilyenek. Nem az\u00e9rt, hogy majd a v\u00e9g\u00e9n t\u00f6bbet fizessek. Hanem az\u00e9rt, hogy \u00e9n, a messzir\u0151l j\u00f6tt vend\u00e9g, marad\u00e9ktalanul j\u00f3l \u00e9rezzem magam, ennek h\u00edr\u00e9t vigyem tov\u00e1bb, \u00e9s ide akarjak majd visszat\u00e9rni.<\/p>\n<p>Az \u0151rs\u00e9gi emberekr\u0151l \u00fagy tartj\u00e1k, k\u00fcl\u00f6n\u00f6sk\u00e9pp vend\u00e9gszeret\u0151ek \u00e9s tisztelik egym\u00e1st. Ezt a saj\u00e1t \u00e9lm\u00e9nyeim alapj\u00e1n maxim\u00e1lisan igazolhatom.<\/p>\n<p>&nbsp;<img loading=\"lazy\" decoding=\"async\" class=\"alignnone size-full wp-image-192\" src=\"https:\/\/www.startlap.hu\/utazas\/uploads\/sites\/3\/2019\/07\/Laura_Orseg10.jpg\" alt=\"\" width=\"1920\" height=\"1440\" srcset=\"https:\/\/www.startlap.hu\/utazas\/uploads\/sites\/3\/2019\/07\/Laura_Orseg10.jpg 1920w, https:\/\/www.startlap.hu\/utazas\/uploads\/sites\/3\/2019\/07\/Laura_Orseg10-85x65.jpg 85w, https:\/\/www.startlap.hu\/utazas\/uploads\/sites\/3\/2019\/07\/Laura_Orseg10-467x350.jpg 467w\" sizes=\"auto, (max-width: 1920px) 100vw, 1920px\" \/><\/p>\n<blockquote class=\"yellowbox\">\n<p style=\"text-align: left\">Az \u0150rs\u00e9gben a falvak elhelyezked\u00e9se jellegzetes, \u00fagynevezett <strong>szerek<\/strong> \u00e9p\u00fcltek bel\u0151l\u00fck. Ez\u00e9rt l\u00e1tni minden\u00fctt a sok &#8222;szeres&#8221; felirat\u00fa t\u00e1bl\u00e1t, mint p\u00e9ld\u00e1ul keleti szer, nyugati szer, templomszer, kov\u00e1csszer.&nbsp;<\/p>\n<p style=\"text-align: left\">A t\u00e9rs\u00e9g neve sem v\u00e9letlen\u00fcl ilyen besz\u00e9des: <strong>annak idej\u00e9n a honfoglal\u00f3 magyarok a nyugati kapuk \u0151rz\u00e9s\u00e9re csal\u00e1dokat b\u00edztak meg<\/strong>, ami k\u00fcl\u00f6n\u00f6sk\u00e9pp az \u00c1rp\u00e1d-h\u00e1zi kir\u00e1lyok uralma alatt, a n\u00e9met bet\u00f6r\u00e9sek idej\u00e9n volt fontos.<\/p>\n<p style=\"text-align: left\">Nemcsak a hat\u00e1rt \u0151riztett\u00e9k azonban ezekkel a csal\u00e1dokkal, hanem p\u00e9ld\u00e1ul a s\u00f3t \u00e9s a vas\u00e9rclel\u0151helyeket is. Emellett persze mindenr\u0151l \u00e9rtes\u00edteni\u00fck kellett az uralkod\u00f3t, ami a hat\u00e1r ment\u00e9n t\u00f6rt\u00e9nt.<\/p>\n<p style=\"text-align: left\"><strong>Az \u0150rs\u00e9g lak\u00f3i 1286-ban m\u00e1r kiv\u00e1lts\u00e1gokat is kaptak k\u00fcl\u00f6nleges szerep\u00fck bet\u00f6lt\u00e9s\u00e9\u00e9rt, amiket azonban az \u00c1rp\u00e1d-kor v\u00e9g\u00e9n, a hat\u00e1r menti v\u00e1rak meg\u00e9p\u00edt\u00e9s\u00e9vel el is vesz\u00edtettek.<\/strong> Innent\u0151l kezdve az \u0150rs\u00e9g ter\u00fclete kir\u00e1lyi adom\u00e1nyk\u00e9nt nemesi csal\u00e1dok k\u00f6zt ker\u00fclt k\u00e9zr\u0151l k\u00e9zre: el\u0151bb a S\u00e1rai, majd az \u00dajlaki, k\u00e9s\u0151bb a Batthy\u00e1nyi csal\u00e1d\u00e9 lett. Innent\u0151l j\u00f6tt az igazs\u00e1gtalanul kem\u00e9ny vil\u00e1g az itt \u00e9l\u0151knek:&nbsp;a f\u00f6ldbirtokosok katonai szolg\u00e1ltat\u00e1sra, ad\u00f3ra \u00e9s robotra k\u00f6telezt\u00e9k az itt \u00e9l\u0151ket. A 16-17. sz\u00e1zadban a t\u00e9rs\u00e9g a hazai ad\u00f3kon k\u00edv\u00fcl a t\u00f6r\u00f6knek is robottal tartozott, majd a 90 \u00e9vnyi t\u00f6r\u00f6k uralom ut\u00e1n m\u00e9g hadi k\u00f6telezetts\u00e9geket \u00e9s jobb\u00e1gyszolg\u00e1ltat\u00e1st kellett bet\u00f6ltenie. V\u00e9g\u00fcl Trianon kett\u00e9 v\u00e1gta.<\/p>\n<p style=\"text-align: left\">Forr\u00e1s: Wikip\u00e9dia, \u0150rs\u00e9g.net<\/p>\n<\/blockquote>\n<h2>&nbsp;<\/h2>\n<h2><img loading=\"lazy\" decoding=\"async\" class=\"alignnone size-full wp-image-199\" src=\"https:\/\/www.startlap.hu\/utazas\/uploads\/sites\/3\/2019\/07\/Laura_Orseg14.jpg\" alt=\"\" width=\"1920\" height=\"1440\" srcset=\"https:\/\/www.startlap.hu\/utazas\/uploads\/sites\/3\/2019\/07\/Laura_Orseg14.jpg 1920w, https:\/\/www.startlap.hu\/utazas\/uploads\/sites\/3\/2019\/07\/Laura_Orseg14-85x65.jpg 85w, https:\/\/www.startlap.hu\/utazas\/uploads\/sites\/3\/2019\/07\/Laura_Orseg14-467x350.jpg 467w\" sizes=\"auto, (max-width: 1920px) 100vw, 1920px\" \/>&nbsp;<\/h2>\n<h2>V\u00e9gtelen nyugalom<\/h2>\n<p>Akkor gyere ide, ha nyugalomra v\u00e1gysz. \u00c1ltal\u00e1nos, lelassult, mindent \u00e1that\u00f3 nyugalomra. Ami reggelt\u0151l estig tart, illetve dehogyis: m\u00e1snap kora hajnalig, amikor a kakasok megsz\u00f3lalnak, a fecskemama \u00e9telt hoz csipog\u00f3 fi\u00f3k\u00e1inak az eresz alatt &#8211; ez n\u00e1lunk is \u00edgy volt -, \u00e9s a j\u00f3sz\u00e1gokat m\u00e1r etetni kell.<\/p>\n<p>Persze, ha nem ennyire hagyom\u00e1nyos sz\u00e1ll\u00e1sod van, akkor nyugodj meg, alhatsz ak\u00e1r d\u00e9lig is.<\/p>\n<blockquote class=\"article__extraTxt\"><p>De sz\u00e1molj azzal, k\u00fcl\u00f6n\u00f6sen, ha a v\u00e1rosi p\u00f6rg\u00e9shez vagy hozz\u00e1szokva, hogy az els\u0151 napon ez m\u00e9g nagyon szokatlan lesz sz\u00e1modra. S\u0151t, ak\u00e1r kellemetlens\u00e9gek is \u00e9rhetnek: nincs ugyanis minden faluban egy \u00e9jjel-nappali, s\u0151t m\u00e9g olyan bolt sem, ami sok\u00e1ig lenne nyitva.<\/p><\/blockquote>\n<p><img loading=\"lazy\" decoding=\"async\" class=\"alignnone size-full wp-image-200\" src=\"https:\/\/www.startlap.hu\/utazas\/uploads\/sites\/3\/2019\/07\/Laura_Orseg15.jpg\" alt=\"\" width=\"1827\" height=\"1371\" srcset=\"https:\/\/www.startlap.hu\/utazas\/uploads\/sites\/3\/2019\/07\/Laura_Orseg15.jpg 1827w, https:\/\/www.startlap.hu\/utazas\/uploads\/sites\/3\/2019\/07\/Laura_Orseg15-85x65.jpg 85w, https:\/\/www.startlap.hu\/utazas\/uploads\/sites\/3\/2019\/07\/Laura_Orseg15-466x350.jpg 466w\" sizes=\"auto, (max-width: 1827px) 100vw, 1827px\" \/><\/p>\n<p>&nbsp;<\/p>\n<p>Lentiben \u00e9s \u0150riszentp\u00e9teren rem\u00e9nykedhetsz az \u00e9lelmiszerv\u00e1s\u00e1rl\u00e1sban, de ott is csak korl\u00e1tozottan. Ha lecs\u00faszt\u00e1l r\u00f3la, mint ahogy az velem is t\u00f6rt\u00e9nt &#8211; szombaton elfelejtettem p\u00e9nzt\u00e1rc\u00e1t vinni a bringat\u00far\u00e1mra -, akkor csak a helyiek osztozkod\u00f3 term\u00e9szet\u00e9ben b\u00edzhatsz.<\/p>\n<p>Persze Marika n\u00e9ni\u00e9kn\u00e9l ezzel sem volt gond, hisz aznap este, miut\u00e1n \u00e9n egy pet\u00e1k n\u00e9lk\u00fcl tekertem el Kerkakutasr\u00f3l \u0150riszentp\u00e9teren \u00e1t Isp\u00e1nkig, majd vissza, \u00f3ri\u00e1si s\u00fct\u00f6get\u00e9st rendeztek a teljes vend\u00e9gsereggel, a vend\u00e9gh\u00e1z ny\u00e1ri konyh\u00e1j\u00e1n.&nbsp;<\/p>\n<p>Hagyom\u00e1nyos m\u00f3dszerekkel:<\/p>\n<p><img loading=\"lazy\" decoding=\"async\" class=\"alignnone size-full wp-image-185\" src=\"https:\/\/www.startlap.hu\/utazas\/uploads\/sites\/3\/2019\/07\/67723850_10157169420430490_2229081910590570496_n.jpg\" alt=\"\" width=\"960\" height=\"654\" srcset=\"https:\/\/www.startlap.hu\/utazas\/uploads\/sites\/3\/2019\/07\/67723850_10157169420430490_2229081910590570496_n.jpg 960w, https:\/\/www.startlap.hu\/utazas\/uploads\/sites\/3\/2019\/07\/67723850_10157169420430490_2229081910590570496_n-514x350.jpg 514w\" sizes=\"auto, (max-width: 960px) 100vw, 960px\" \/><\/p>\n<h2>A h\u00e1zak<\/h2>\n<p>Ha ne adj&#8217;Isten olyan szerencs\u00e9tlen\u00fcl j\u00e1rsz, hogy m\u00e9g egy templomba se jutsz el &#8211; noha a velem\u00e9ri templom igazi misztikum, \u00e9s szigor\u00faan d\u00e9lel\u0151tt kell megl\u00e1togatni a templomba be\u00e1rad\u00f3 f\u00e9nyek \u00e9s az azok \u00e1ltal megvil\u00e1g\u00edtott festm\u00e9nyek miatt -, \u00e9s nem jut id\u0151d kipr\u00f3b\u00e1lni a klasszikus programlehet\u0151s\u00e9geket, akkor is rengeteget l\u00e1tsz, puszt\u00e1n a h\u00e1zak megfigyel\u00e9s\u00e9vel.<\/p>\n<blockquote class=\"article__extraTxt\"><p>A k\u00e9t nap alatt letekert b\u0151 100 kilom\u00e9terem alatt nekem tal\u00e1n a legnagyobb \u00e9let\u00e9rz\u00e9st az adta, hogy &#8222;random&#8221; h\u00e1zik\u00f3kn\u00e1l \u00e1lltam meg, gy\u00f6ny\u00f6rk\u00f6dni az alacsony ablakokban, a girbegurba falakban, \u00e9s a helyenk\u00e9nt l\u00e9legzetel\u00e1ll\u00edt\u00f3an sz\u00e9p port\u00e1kban, amiket l\u00e1that\u00f3an nagy gonddal \u00e9s odafigyel\u00e9ssel csinos\u00edtgatnak a lak\u00f3k.<\/p><\/blockquote>\n<p>\u00c9rezhet\u0151en fontos preszt\u00edzsk\u00e9rd\u00e9s, hogy a h\u00e1zak kertje \u00e9s bej\u00e1rata mennyire sz\u00e9p, otthonos, h\u00edvogat\u00f3 \u00e9s bar\u00e1ts\u00e1gos.<\/p>\n<p><img loading=\"lazy\" decoding=\"async\" class=\"alignnone size-full wp-image-193\" src=\"https:\/\/www.startlap.hu\/utazas\/uploads\/sites\/3\/2019\/07\/Laura_Orseg6.jpg\" alt=\"\" width=\"1858\" height=\"1433\" srcset=\"https:\/\/www.startlap.hu\/utazas\/uploads\/sites\/3\/2019\/07\/Laura_Orseg6.jpg 1858w, https:\/\/www.startlap.hu\/utazas\/uploads\/sites\/3\/2019\/07\/Laura_Orseg6-85x65.jpg 85w, https:\/\/www.startlap.hu\/utazas\/uploads\/sites\/3\/2019\/07\/Laura_Orseg6-454x350.jpg 454w\" sizes=\"auto, (max-width: 1858px) 100vw, 1858px\" \/><\/p>\n<p><img loading=\"lazy\" decoding=\"async\" class=\"alignnone size-sizearticle wp-image-194\" src=\"https:\/\/www.startlap.hu\/utazas\/uploads\/sites\/3\/2019\/07\/Laura_Orseg7.jpg\" alt=\"\" width=\"1920\" height=\"1440\" srcset=\"https:\/\/www.startlap.hu\/utazas\/uploads\/sites\/3\/2019\/07\/Laura_Orseg7.jpg 1920w, https:\/\/www.startlap.hu\/utazas\/uploads\/sites\/3\/2019\/07\/Laura_Orseg7-85x65.jpg 85w, https:\/\/www.startlap.hu\/utazas\/uploads\/sites\/3\/2019\/07\/Laura_Orseg7-467x350.jpg 467w\" sizes=\"auto, (max-width: 1920px) 100vw, 1920px\" \/><\/p>\n<h2><img loading=\"lazy\" decoding=\"async\" class=\"alignnone size-full wp-image-195\" src=\"https:\/\/www.startlap.hu\/utazas\/uploads\/sites\/3\/2019\/07\/Laura_Orseg_12.jpg\" alt=\"\" width=\"1811\" height=\"1358\" srcset=\"https:\/\/www.startlap.hu\/utazas\/uploads\/sites\/3\/2019\/07\/Laura_Orseg_12.jpg 1811w, https:\/\/www.startlap.hu\/utazas\/uploads\/sites\/3\/2019\/07\/Laura_Orseg_12-85x65.jpg 85w, https:\/\/www.startlap.hu\/utazas\/uploads\/sites\/3\/2019\/07\/Laura_Orseg_12-467x350.jpg 467w\" sizes=\"auto, (max-width: 1811px) 100vw, 1811px\" \/><\/h2>\n<h2>Falusi \u00e9telek \u00e9s italok<\/h2>\n<p>A jellegzetes t\u00f6k\u00f6s-m\u00e1kos r\u00e9tes mellett kihagyhatatlan a d\u00f6d\u00f6lle, ez a r\u00e9gr\u0151l ered\u0151 paraszt\u00e9tel, ami krumpli, liszt \u00e9s pir\u00edtott hagyma kever\u00e9k\u00e9b\u0151l s\u00fcl ki olajban, kis galusk\u00e1k form\u00e1j\u00e1ban. De an\u00e9lk\u00fcl se szabad hazamenni, hogy megk\u00f3stoln\u00e1d a helyi gomb\u00e1kb\u00f3l, p\u00e9ld\u00e1ul varg\u00e1ny\u00e1b\u00f3l k\u00e9sz\u00fclt \u00e9teleket &#8211; ezen az \u00e1ltalam fogyasztott fogasfil\u00e9n is varg\u00e1nyam\u00e1rt\u00e1s van -, na \u00e9s persze a csod\u00e1s lekv\u00e1rok, p\u00e1link\u00e1k, meg a t\u00f6kmagolaj, amib\u0151l r\u00f6gt\u00f6n k\u00e9t \u00fcveggel is vettem.<\/p>\n<p>Ja, \u00e9s sz\u00e1m\u00edts r\u00e1, hogy ak\u00e1r az \u00e9tteremben is el\u00e9d tesznek egy kis kupic\u00e1t egy falatnyi h\u00e1zi zs\u00edros keny\u00e9rrel meg hagym\u00e1val &#8211; csak \u00fagy, a rendel\u00e9sed mell\u00e9.<\/p>\n<p><img loading=\"lazy\" decoding=\"async\" class=\"alignnone size-full wp-image-198\" src=\"https:\/\/www.startlap.hu\/utazas\/uploads\/sites\/3\/2019\/07\/Laura_Orseg13.jpg\" alt=\"\" width=\"1829\" height=\"1403\" srcset=\"https:\/\/www.startlap.hu\/utazas\/uploads\/sites\/3\/2019\/07\/Laura_Orseg13.jpg 1829w, https:\/\/www.startlap.hu\/utazas\/uploads\/sites\/3\/2019\/07\/Laura_Orseg13-85x65.jpg 85w, https:\/\/www.startlap.hu\/utazas\/uploads\/sites\/3\/2019\/07\/Laura_Orseg13-456x350.jpg 456w\" sizes=\"auto, (max-width: 1829px) 100vw, 1829px\" \/><\/p>\n<p><img loading=\"lazy\" decoding=\"async\" class=\"alignnone size-full wp-image-189\" src=\"https:\/\/www.startlap.hu\/utazas\/uploads\/sites\/3\/2019\/07\/Laura_Orseg1.jpg\" alt=\"\" width=\"1920\" height=\"1440\" srcset=\"https:\/\/www.startlap.hu\/utazas\/uploads\/sites\/3\/2019\/07\/Laura_Orseg1.jpg 1920w, https:\/\/www.startlap.hu\/utazas\/uploads\/sites\/3\/2019\/07\/Laura_Orseg1-85x65.jpg 85w, https:\/\/www.startlap.hu\/utazas\/uploads\/sites\/3\/2019\/07\/Laura_Orseg1-467x350.jpg 467w\" sizes=\"auto, (max-width: 1920px) 100vw, 1920px\" \/><\/p>\n<p>Ha te is olyan szerencs\u00e9s vagy, hogy sz\u00e1ll\u00e1sad\u00f3id s\u00fctnek-f\u0151znek r\u00e1d, akkor k\u00f3stolhatsz mennyei h\u00e1zi pog\u00e1cs\u00e1kat, vagy t\u00far\u00f3s batyut, mint amilyet Marika n\u00e9ni is csin\u00e1lt.<\/p>\n<p>Egyre t\u00f6bb az \u0150rs\u00e9gben a m\u00e9z\u00e1rus is; \u00e9n magam Kerkafalv\u00e1n mentem el nap mint nap egyik\u00fck mellett.<\/p>\n<h2>Ha csak egyvalamire van id\u0151d: skanzen!<\/h2>\n<p>Mivel \u00e9n is csak egy r\u00f6vidke, k\u00e9tnapos l\u00e1togat\u00e1sra tudtam elj\u00f6nni, \u00e9s aut\u00f3 n\u00e9lk\u00fcl, biciklivel voltam, nekem magamnak is v\u00e1lasztanom kellett, mi az az egy, biztos l\u00e1tnival\u00f3, amit semmik\u00e9pp se hagyok ki. A Szalaf\u0151n elhelyezked\u0151 Pityerszert &#8211; nev\u00e9t az errefel\u00e9 sokszor dalol\u00f3 pacsirt\u00e1kr\u00f3l kapta &#8211; v\u00e1lasztottam. Az itt l\u00e9v\u0151 \u0150rs\u00e9gi N\u00e9pi M\u0171eml\u00e9kegy\u00fcttes, egyszer\u0171bb nev\u00e9n a skanzen igazi megkoron\u00e1z\u00e1sa volt a vas\u00e1rnap d\u00e9lut\u00e1nomnak. Fiatal, friss szem\u00e9lyzettel dolgoznak, egy bar\u00e1ts\u00e1gos \u00e9s akt\u00edv jegyp\u00e9nzt\u00e1ros l\u00e1ny adta kezembe az 1200 forintos feln\u0151tt jegyet, amivel bebarangolhattam az itteni, m\u00faltb\u00e9li \u00e9let helysz\u00edneit.<\/p>\n<blockquote class=\"article__extraTxt\"><p>Nagyon aj\u00e1nlom, hogy t\u00f6ltsd le az \u0150rs\u00e9gi Nemzeti Park nev\u0171 ingyenes alkalmaz\u00e1st (33 MB) a telefonodra, azon ugyanis a sok t\u00fara k\u00f6z\u00fcl a skanzenhez val\u00f3t is kiv\u00e1laszthatod, \u00e9s minden h\u00e1zn\u00e1l meghallgathatod vagy elolvashatod a hozz\u00e1 tartoz\u00f3, rendk\u00edv\u00fcl informat\u00edv \u00e9s \u00e9rdekes tudnival\u00f3kat. (Olvas\u00e1s helyett jobb hallgatni: olyan, mintha saj\u00e1t idegenvezet\u0151vel menn\u00e9l.)<\/p><\/blockquote>\n<p>Pityerszeren nemcsak azt tudhatod meg, mire szolg\u00e1l a h\u00e1zak ajtaja mellett kiv\u00e1jt &#8222;macskalik&#8221;, vagy mi az a f\u00fcst\u00f6s h\u00e1z, hanem h\u00fas-v\u00e9r kecsk\u00e9kkel is tal\u00e1lkozhatsz az \u00f3lakban, ty\u00fakokkal \u00e9s kacs\u00e1kkal a t\u00f3k\u00e1n\u00e1l. A t\u00f3ka, amit mesters\u00e9gesen \u00e1stak, nemcsak kacsa\u00fasztat\u00f3 t\u00f3k\u00e9nt szolg\u00e1lt a r\u00e9gi id\u0151kben, viz\u00e9t sok mindenhez, p\u00e9ld\u00e1ul mos\u00e1shoz is haszn\u00e1lt\u00e1k.<\/p>\n<p><img loading=\"lazy\" decoding=\"async\" class=\"alignnone size-full wp-image-196\" src=\"https:\/\/www.startlap.hu\/utazas\/uploads\/sites\/3\/2019\/07\/Laura_Orseg3.jpg\" alt=\"\" width=\"1920\" height=\"1440\" srcset=\"https:\/\/www.startlap.hu\/utazas\/uploads\/sites\/3\/2019\/07\/Laura_Orseg3.jpg 1920w, https:\/\/www.startlap.hu\/utazas\/uploads\/sites\/3\/2019\/07\/Laura_Orseg3-85x65.jpg 85w, https:\/\/www.startlap.hu\/utazas\/uploads\/sites\/3\/2019\/07\/Laura_Orseg3-467x350.jpg 467w\" sizes=\"auto, (max-width: 1920px) 100vw, 1920px\" \/><\/p>\n<p>Sok ehhez hasonl\u00f3 dolgot tudhatsz meg itt, s miut\u00e1n megpihent\u00e9l a bej\u00e1ratn\u00e1l, \u00e9s elfogyasztott\u00e1l egy finom r\u00e9test vagy egy t\u00e1l d\u00f6d\u00f6ll\u00e9t az itteni s\u00fct\u00f6d\u00e9ben, ak\u00e1r m\u00e9g tov\u00e1bb is mehetsz a gazdag n\u00f6v\u00e9nyzetet bemutat\u00f3 tan\u00f6sv\u00e9nyeken, vagy a k\u00f6zeli b\u00f6l\u00e9nyparkba. Itt ugyanis nemcsak olyan b\u00f6l\u00e9nyeket l\u00e1tsz, amilyeneket minden\u00fctt m\u00e1shol, hanem a hatalmas, 300 kil\u00f3 \u00e9s 1 tonna s\u00faly k\u00f6z\u00f6tti eur\u00f3pai b\u00f6l\u00e9nyeket is, amelyek rendk\u00edv\u00fcl ritk\u00e1k.<\/p>\n<p>&nbsp;<img loading=\"lazy\" decoding=\"async\" class=\"alignnone size-sizearticle wp-image-197\" src=\"https:\/\/www.startlap.hu\/utazas\/uploads\/sites\/3\/2019\/07\/Laura_Orseg5-1.jpg\" alt=\"\" width=\"1920\" height=\"1440\" srcset=\"https:\/\/www.startlap.hu\/utazas\/uploads\/sites\/3\/2019\/07\/Laura_Orseg5-1.jpg 1920w, https:\/\/www.startlap.hu\/utazas\/uploads\/sites\/3\/2019\/07\/Laura_Orseg5-1-85x65.jpg 85w, https:\/\/www.startlap.hu\/utazas\/uploads\/sites\/3\/2019\/07\/Laura_Orseg5-1-467x350.jpg 467w\" sizes=\"auto, (max-width: 1920px) 100vw, 1920px\" \/><\/p>\n<h2>Mi volt sz\u00e1momra a legszebb?<\/h2>\n<p>A tradicion\u00e1lis \u00e9p\u00fcletek \u00e9s port\u00e1k, \u00e9s a felt\u00e9tlen j\u00f3indulat. Az egyik legkedvesebb \u00e9lm\u00e9nyem az volt, ahogy Baj\u00e1nseny\u00e9n utamba \u00e1llt egy kis t\u00f6rpetacsk\u00f3. Lesz\u00e1lltam a biciklimr\u0151l, mik\u00f6zben \u0151 ny\u00fcsz\u00f6gve k\u00e9rlelt, hogy simogassam egy kicsit. Le\u00fcltem mell\u00e9 a f\u00f6ldre, \u0151 mell\u00e9m kucorodott, \u00e9s csak n\u00e9zt\u00fck, n\u00e9zt\u00fck a nyugodt utc\u00e1t, b\u00e1multuk a mozdulatlans\u00e1got. Azt\u00e1n egyszerre megjelent m\u00f6g\u00f6ttem a kutyus gazd\u00e1ja, \u00e9s &#8211; b\u00e1r m\u00e1shol \u00f6sszerezzenn\u00e9k f\u00e9lelmemben, vajon mit kapok az\u00e9rt, hogy valaki kuty\u00e1j\u00e1hoz ny\u00faltam &#8211; itt biztosan tudtam, hogy a fiatal n\u0151nek esz\u00e9be sem jut majd megsz\u00f3lni engem. Ellenkez\u0151leg: nagyon \u00f6r\u00fclt, hogy le\u00e1lltam t\u00f6r\u0151dni egy kicsit Gusztival. Azt\u00e1n hosszas besz\u00e9lget\u00e9sbe elegyedt\u00fcnk.&nbsp;<\/p>\n<p>Amikor elk\u00f6sz\u00f6ntem, a n\u0151 a v\u00e9gtelen\u00fcl ragaszkod\u00f3 Gusztit kez\u00e9be v\u00e9ve annyit mondott: ejtsem \u0151ket \u00fatba m\u00e1skor is.<\/p>\n<p><img loading=\"lazy\" decoding=\"async\" class=\"alignnone size-full wp-image-205\" src=\"https:\/\/www.startlap.hu\/utazas\/uploads\/sites\/3\/2019\/07\/k.jpg\" alt=\"\" width=\"1168\" height=\"756\" srcset=\"https:\/\/www.startlap.hu\/utazas\/uploads\/sites\/3\/2019\/07\/k.jpg 1168w, https:\/\/www.startlap.hu\/utazas\/uploads\/sites\/3\/2019\/07\/k-541x350.jpg 541w\" sizes=\"auto, (max-width: 1168px) 100vw, 1168px\" \/><\/p>\n<p><span style=\"font-size: 13px\">(A fot\u00f3k csak a szerz\u0151 enged\u00e9ly\u00e9vel \u00e9s forr\u00e1smegjel\u00f6l\u00e9ssel haszn\u00e1lhat\u00f3ak!)<\/span><\/p>\n","protected":false},"excerpt":{"rendered":"<p>Tekert\u00fcnk egyet az orsz\u00e1g legnyugatibb ter\u00fclet\u00e9nek minden m\u00e1ssal \u00f6sszehasonl\u00edthatatlan, gy\u00f6ny\u00f6r\u0171 vid\u00e9k\u00e9n, az \u0150rs\u00e9gben. Mindenkinek aj\u00e1nljuk, aki szeretne egy kicsit lecsendesedni, elt\u00e1volodni a mindennapok zsong\u00e1s\u00e1t\u00f3l, \u00e9s visszatal\u00e1lni \u00f6nmag\u00e1hoz.<\/p>\n","protected":false},"author":21,"featured_media":191,"comment_status":"open","ping_status":"open","sticky":false,"template":"","format":"standard","meta":{"footnotes":""},"categories":[8],"tags":[73,33,74,76,78,32,80,71,72,77,79,75],"class_list":["post-180","post","type-post","status-publish","format-standard","has-post-thumbnail","hentry","category-elmeny","tag-belfold","tag-bicikli","tag-biciklitura","tag-falu","tag-hagyomanyorzes","tag-magyarorszag","tag-oriszentpeter","tag-orseg","tag-orsegi-nemzeti-park","tag-skanzen","tag-szlovenia","tag-videk"],"aioseo_notices":[],"_links":{"self":[{"href":"https:\/\/www.startlap.hu\/utazas\/wp-json\/wp\/v2\/posts\/180","targetHints":{"allow":["GET"]}}],"collection":[{"href":"https:\/\/www.startlap.hu\/utazas\/wp-json\/wp\/v2\/posts"}],"about":[{"href":"https:\/\/www.startlap.hu\/utazas\/wp-json\/wp\/v2\/types\/post"}],"author":[{"embeddable":true,"href":"https:\/\/www.startlap.hu\/utazas\/wp-json\/wp\/v2\/users\/21"}],"replies":[{"embeddable":true,"href":"https:\/\/www.startlap.hu\/utazas\/wp-json\/wp\/v2\/comments?post=180"}],"version-history":[{"count":14,"href":"https:\/\/www.startlap.hu\/utazas\/wp-json\/wp\/v2\/posts\/180\/revisions"}],"predecessor-version":[{"id":513,"href":"https:\/\/www.startlap.hu\/utazas\/wp-json\/wp\/v2\/posts\/180\/revisions\/513"}],"wp:featuredmedia":[{"embeddable":true,"href":"https:\/\/www.startlap.hu\/utazas\/wp-json\/wp\/v2\/media\/191"}],"wp:attachment":[{"href":"https:\/\/www.startlap.hu\/utazas\/wp-json\/wp\/v2\/media?parent=180"}],"wp:term":[{"taxonomy":"category","embeddable":true,"href":"https:\/\/www.startlap.hu\/utazas\/wp-json\/wp\/v2\/categories?post=180"},{"taxonomy":"post_tag","embeddable":true,"href":"https:\/\/www.startlap.hu\/utazas\/wp-json\/wp\/v2\/tags?post=180"}],"curies":[{"name":"wp","href":"https:\/\/api.w.org\/{rel}","templated":true}]}}