{"id":17311,"date":"2020-09-23T16:10:35","date_gmt":"2020-09-23T14:10:35","guid":{"rendered":"https:\/\/www.startlap.hu\/utazas\/?p=17311"},"modified":"2020-09-24T09:53:02","modified_gmt":"2020-09-24T07:53:02","slug":"mav-volan-olcso-jegy-dunantul","status":"publish","type":"post","link":"https:\/\/www.startlap.hu\/utazas\/mav-volan-olcso-jegy-dunantul\/","title":{"rendered":"M\u00c1V, Vol\u00e1nbusz: Olcs\u00f3bb jegyek, menetrendi v\u00e1ltoz\u00e1sok j\u00f6nnek a Dun\u00e1nt\u00falon"},"content":{"rendered":"<div class=\"field-lead\">\n<p>Ny\u00e1ron megkezd\u0151d\u00f6tt a vas\u00fati \u00e9s k\u00f6z\u00fati k\u00f6z\u00f6ss\u00e9gi k\u00f6zleked\u00e9s menetrendi \u00f6sszehangol\u00e1sa, mely els\u0151sorban a k\u00f6z\u00e9p-dun\u00e1nt\u00fali t\u00e9rs\u00e9get \u00e9rintette. Az int\u00e9zked\u00e9sekkel kapcsolatos lakoss\u00e1gi visszajelz\u00e9sek alapj\u00e1n a megrendel\u0151 miniszt\u00e9rium \u00e9s a M\u00c1V-csoport fel\u00fclvizsg\u00e1lta a kor\u00e1bbi menetrend-m\u00f3dos\u00edt\u00e1sokat az \u00e9rintett r\u00e9gi\u00f3kban \u00e9l\u0151k k\u00f6z\u00f6ss\u00e9gi k\u00f6zleked\u00e9ssel t\u00f6rt\u00e9n\u0151 kedvez\u0151bb kiszolg\u00e1l\u00e1sa \u00e9rdek\u00e9ben. Ennek egyik elemek\u00e9nt szeptember 27-ig <a href=\"https:\/\/www.mavcsoport.hu\/mav-start\/ket-hettel-hosszabb-lesz-balatoni-utoszezoni-menetrend\" target=\"_blank\">meghosszabb\u00edtott\u00e1k az ut\u00f3szezoni balatoni<\/a>&nbsp;menetrendet.<\/p>\n<h2>V\u00e1ltoz\u00e1sok a jegyekkel<\/h2>\n<p>Emellett szeptember 28-t\u00f3l <strong>versenyk\u00e9pesebb \u00e9s utasbar\u00e1t k\u00edn\u00e1latot<\/strong> vezet be a M\u00c1V-START t\u00f6bb dun\u00e1nt\u00fali viszonylaton, a Balaton d\u00e9li partj\u00e1t, Zalaegerszeget, Nagykanizs\u00e1t, Keszthelyt, Szombathelyt, Sz\u00e9kesfeh\u00e9rv\u00e1rt \u00e9s Veszpr\u00e9met \u00e9rint\u0151en.<\/p>\n<blockquote class=\"article__extraTxt\"><p>Valamennyi felsorolt viszonylatokon elt\u00f6rlik a gyorsvonati p\u00f3tjegyet.<\/p><\/blockquote>\n<p>N\u00e9gy vonalon az InterCity vonatok pedig a jelenlegin\u00e9l olcs\u00f3bban, azaz p\u00f3t- \u00e9s helyjegy helyett, egys\u00e9gesen mindig 300 forintos helyjeggyel vehet\u0151k ig\u00e9nybe. \u00dajabb vonalon vezetik be a <strong>virtu\u00e1lis d\u00edjsz\u00e1m\u00edt\u00e1st, \u00edgy olcs\u00f3bb\u00e1 v\u00e1lik a menetjegy \u00e1ra<\/strong>. A fejleszt\u00e9sek hat\u00e1s\u00e1ra \u00e1tlagosan 10%-kal v\u00e1lik majd olcs\u00f3bb\u00e1 az utaz\u00e1s.<\/p>\n<figure id=\"attachment_17312\" aria-describedby=\"caption-attachment-17312\" style=\"width: 755px\" class=\"wp-caption alignnone\"><img loading=\"lazy\" decoding=\"async\" class=\"size-article-size-large-image wp-image-17312\" src=\"https:\/\/www.startlap.hu\/utazas\/uploads\/sites\/3\/2020\/09\/Mos\u00f3czi-755x479.jpg\" alt=\"\" width=\"755\" height=\"479\" srcset=\"https:\/\/www.startlap.hu\/utazas\/uploads\/sites\/3\/2020\/09\/Mos\u00f3czi-755x479.jpg 755w, https:\/\/www.startlap.hu\/utazas\/uploads\/sites\/3\/2020\/09\/Mos\u00f3czi-551x350.jpg 551w, https:\/\/www.startlap.hu\/utazas\/uploads\/sites\/3\/2020\/09\/Mos\u00f3czi.jpg 1114w\" sizes=\"auto, (max-width: 755px) 100vw, 755px\" \/><figcaption id=\"caption-attachment-17312\" class=\"wp-caption-text\">Mos\u00f3czi L\u00e1szl\u00f3, az Innov\u00e1ci\u00f3s \u00e9s Technol\u00f3giai Miniszt\u00e9rium (ITM) k\u00f6zleked\u00e9spolitik\u00e1\u00e9rt felel\u00f5s \u00e1llamtitk\u00e1ra (j) \u00e9s Homolya R\u00f3bert, a M\u00c1V Zrt. eln\u00f6k-vez\u00e9rigazgat\u00f3ja sajt\u00f3t\u00e1j\u00e9koztat\u00f3t tart a versenyk\u00e9pes, \u00f6sszehangolt \u00e9s utasbar\u00e1t k\u00f6z\u00f6ss\u00e9gi k\u00f6zleked\u00e9si k\u00edn\u00e1lat kialak\u00edt\u00e1s\u00e1t szolg\u00e1l\u00f3 int\u00e9zked\u00e9sekr\u00f5l a D\u00e9li p\u00e1lyaudvaron 2020. szeptember 23-\u00e1n.<br \/>MTI\/M\u00e1th\u00e9 Zolt\u00e1n<\/figcaption><\/figure>\n<\/div>\n<p>Mos\u00f3czi L\u00e1szl\u00f3,&nbsp;az Innov\u00e1ci\u00f3s \u00e9s Technol\u00f3giai Miniszt\u00e9rium (ITM) k\u00f6zleked\u00e9spolitik\u00e1\u00e9rt felel\u0151s \u00e1llamtitk\u00e1ra&nbsp;az \u00fajabb v\u00e1ltoztat\u00e1sokr\u00f3l sz\u00f3l\u00f3 sajt\u00f3t\u00e1j\u00e9koztat\u00f3n elmondta, hogy a jelent\u0151s \u00e1rcs\u00f6kkent\u0151 int\u00e9zked\u00e9seknek \u00e9s a menetrendi k\u00edn\u00e1latb\u0151v\u00edt\u00e9snek k\u00f6sz\u00f6nhet\u0151en egy sokkal vonz\u00f3bb szolg\u00e1ltat\u00e1si csomag szolg\u00e1lja h\u00e9tf\u0151t\u0151l az \u00e9rintett dun\u00e1nt\u00fali t\u00e9rs\u00e9gekben \u00e9l\u0151ket, oda k\u00f6zleked\u0151ket. A vas\u00fat versenyk\u00e9pess\u00e9g\u00e9nek meghat\u00e1roz\u00f3 t\u00e9nyez\u0151je az \u00e1r, a m\u00f3dos\u00edt\u00e1sok t\u00f6bbf\u00e9le eszk\u00f6zzel is <strong>olcs\u00f3bb\u00e1 teszik a vonatoz\u00e1st az orsz\u00e1gr\u00e9szben<\/strong>. A gyorsvonati p\u00f3tjegyek elt\u00f6rl\u00e9se jelent\u0151sen b\u0151v\u00edti a fel\u00e1r n\u00e9lk\u00fcli k\u00edn\u00e1latot a sz\u00e9kesfeh\u00e9rv\u00e1ri utasok, a megyesz\u00e9khelyen \u00e1tutaz\u00f3k sz\u00e1m\u00e1ra. A korm\u00e1ny a nemzeti vas\u00fatt\u00e1rsas\u00e1ggal k\u00f6z\u00f6sen azon dolgozik, hogy 2030-ra teljes k\u00f6r\u0171en ki\u00e9p\u00fclj\u00f6n a korszer\u0171 \u00e9s \u00e1tj\u00e1rhat\u00f3 hazai vas\u00fati t\u00f6rzsh\u00e1l\u00f3zat. Addig is tov\u00e1bbi menetrendi \u00e9s d\u00edjpolitikai int\u00e9zked\u00e9sekkel n\u00f6velik a k\u00f6rnyezetk\u00edm\u00e9l\u0151 k\u00f6zleked\u00e9si m\u00f3d vonzerej\u00e9t, jav\u00edtj\u00e1k az utasok kiszolg\u00e1l\u00e1s\u00e1nak sz\u00ednvonal\u00e1t.<\/p>\n<p>Homolya R\u00f3bert, a M\u00c1V Zrt. eln\u00f6k-vez\u00e9rigazgat\u00f3ja&nbsp;hozz\u00e1tette, ahhoz, hogy a vas\u00fat legyen a k\u00f6z\u00f6ss\u00e9gi k\u00f6zleked\u00e9s gerince, <strong>\u00f6ssze kell hangolni a buszok \u00e9s a vonatok menetrendj\u00e9t<\/strong>, meg kell sz\u00fcntetni a k\u00f6lts\u00e9ges \u00e9s kihaszn\u00e1latlan p\u00e1rhuzamoss\u00e1gokat, meg kell teremteni az egys\u00e9ges forgalomir\u00e1ny\u00edt\u00e1st \u00e9s utast\u00e1j\u00e9koztat\u00e1st. A k\u00f6z\u00f6s menetrend, az egys\u00e9ges jegyrendszer l\u00e9trehoz\u00e1sa vezet el majd a v\u00e9gs\u0151 c\u00e9lhoz, a tarifak\u00f6z\u00f6ss\u00e9ghez, a modern \u00e9s k\u00e9nyelmes szolg\u00e1ltat\u00e1shoz.<\/p>\n<figure id=\"attachment_16800\" aria-describedby=\"caption-attachment-16800\" style=\"width: 755px\" class=\"wp-caption alignnone\"><img loading=\"lazy\" decoding=\"async\" class=\"size-article-size-large-image wp-image-16800\" src=\"https:\/\/www.startlap.hu\/utazas\/uploads\/sites\/3\/2020\/09\/mav-755x503.jpg\" alt=\"\" width=\"755\" height=\"503\" srcset=\"https:\/\/www.startlap.hu\/utazas\/uploads\/sites\/3\/2020\/09\/mav-755x503.jpg 755w, https:\/\/www.startlap.hu\/utazas\/uploads\/sites\/3\/2020\/09\/mav-526x350.jpg 526w, https:\/\/www.startlap.hu\/utazas\/uploads\/sites\/3\/2020\/09\/mav.jpg 1206w\" sizes=\"auto, (max-width: 755px) 100vw, 755px\" \/><figcaption id=\"caption-attachment-16800\" class=\"wp-caption-text\">Fot\u00f3: MTI\/Balogh Zolt\u00e1n<\/figcaption><\/figure>\n<p>Id\u00e9n jelent\u0151s vas\u00fati fejleszt\u00e9sek t\u00f6rt\u00e9nnek a Dun\u00e1nt\u00falon, a nagyv\u00e1rosok \u00f6sszek\u00f6ttet\u00e9s\u00e9t a f\u0151vonalakon a kor\u00e1bbin\u00e1l s\u0171r\u0171bben, gyorsabban \u00e9s olcs\u00f3bban biztos\u00edtja a vas\u00fatt\u00e1rsas\u00e1g az InterCity-vonatok ind\u00edt\u00e1s\u00e1val. Szeptember 28-t\u00f3l f\u0151k\u00e9nt Zalaegerszeg, Nagykanizsa, Szombathely, a Balaton d\u00e9li partja \u00e9s Sz\u00e9kesfeh\u00e9rv\u00e1r t\u00e9rs\u00e9g\u00e9ben \u00e9l\u0151k k\u00f6zleked\u00e9s\u00e9t k\u00e9nyelmesebb\u00e9, tervezhet\u0151bb\u00e9, olcs\u00f3bb\u00e1 tev\u0151 int\u00e9zked\u00e9seket, versenyk\u00e9pesebb menetrendi k\u00edn\u00e1latot \u00e9s min\u0151s\u00e9gibb, szolg\u00e1ltat\u00e1sokat vezet be a M\u00c1V-START \u00e9s a Vol\u00e1nbusz. A Balaton d\u00e9li partj\u00e1n mostant\u00f3l kezdve a ny\u00e1ri id\u0151szakon k\u00edv\u00fcl is <strong>\u00f3r\u00e1nk\u00e9nti t\u00e1vols\u00e1gi k\u00f6zleked\u00e9st<\/strong> biztos\u00edt a vas\u00fatt\u00e1rsas\u00e1g. Nagykanizsa \u00e9s Keszthely, illetve Budapest k\u00f6z\u00f6tt InterCity-k k\u00f6zlekednek majd a gyorsvonatok helyett. Budapest \u00e9s Sz\u00e9kesfeh\u00e9rv\u00e1r k\u00f6z\u00f6tt eg\u00e9sz nap f\u00e9l\u00f3r\u00e1nk\u00e9nt fognak k\u00f6zlekedni az InterCity-k, mind\u00f6ssze 38 perces menetid\u0151vel. Budapest \u00e9s Sz\u00e9kesfeh\u00e9rv\u00e1r k\u00f6z\u00f6tt k\u00f6zleked\u0151 valamennyi j\u00e1raton elfogadj\u00e1k a vas\u00fati b\u00e9rleteket. Az \u00fctemes menetrenddel a vas\u00fat kisz\u00e1m\u00edthat\u00f3, megb\u00edzhat\u00f3 \u00f6sszek\u00f6ttet\u00e9st biztos\u00edt a nagyv\u00e1rosok k\u00f6z\u00f6tt az \u00e9v minden napj\u00e1n &#8211; k\u00f6z\u00f6lte a <a href=\"https:\/\/www.mavcsoport.hu\/mav-start\/belfoldi-utazas\/szeptember-28-tol-menetrendi-valtozasokat-leptet-eletbe-dunantulon-mav\" target=\"_blank\" target=\"_blank\" rel=\"noopener noreferrer\">Magyar \u00c1llamvasutak Zrt.<\/a><\/p>\n<h2>V\u00e1ltoz\u00e1sok a vas\u00fati menetrendben szeptember 28-t\u00f3l<\/h2>\n<ul>\n<li>A&nbsp;<strong>Sz\u00e9kesfeh\u00e9rv\u00e1rt \u00e9rint\u0151 valamennyi gyorsvonati p\u00f3tjegy-k\u00f6teles vonat, illetve vonatr\u00e9sz<\/strong>, valamint a 19804-es \u00e9s 19807-es sz\u00e1m\u00fa&nbsp;<strong>Keszthely\u2013Szombathely<\/strong>, valamint a 8802-es \u00e9s 8803-as sz\u00e1m\u00fa&nbsp;<strong>P\u00e9cs\u2013Tapolca<\/strong>&nbsp;k\u00f6z\u00f6tti vonatok eset\u00e9ben&nbsp;<strong>elt\u00f6rlik a gyorsvonati p\u00f3tjegyet.<\/strong>&nbsp;A sz\u00e9kesfeh\u00e9rv\u00e1ri utasok sz\u00e1m\u00e1ra jelent\u0151sen b\u0151v\u00fcl a fel\u00e1r v\u00e1lt\u00e1sa n\u00e9lk\u00fcl el\u00e9rhet\u0151 k\u00edn\u00e1lat. A Sz\u00e9kesfeh\u00e9rv\u00e1rt\u00f3l t\u00e1volabbra vagy t\u00e1volabbr\u00f3l utaz\u00f3knak pedig ak\u00e1r 475 forinttal is kevesebbe ker\u00fcl majd a fel\u00e1r d\u00edja.&nbsp;<strong>A 65 \u00e9ven fel\u00fcliek&nbsp;ingyen utazhatnak&nbsp;<\/strong>az \u00e9rintett gyorsvonatokon.<\/li>\n<li>A&nbsp;<strong>Budapest\u2013Sz\u00e9kesfeh\u00e9rv\u00e1r\u2013Veszpr\u00e9m\u2013Zalaegerszeg, illetve Szombathely<\/strong>, valamint a&nbsp;<strong>Budapest\u2013Sz\u00e9kesfeh\u00e9rv\u00e1r\u2013Nagykanizsa, illetve Keszthely<\/strong>&nbsp;k\u00f6z\u00f6tti viszonylatokon k\u00f6zleked\u0151 vonatok InterCity vonatr\u00e9szei a jelenlegin\u00e9l olcs\u00f3bban, azaz p\u00f3t- \u00e9s helyjegy helyett egys\u00e9gesen mindig&nbsp;<strong>300 forintba ker\u00fcl\u0151 helyjeggyel<\/strong>&nbsp;vehet\u0151k ig\u00e9nybe. Ez az int\u00e9zked\u00e9s ak\u00e1r 475 forintos megtakar\u00edt\u00e1st is jelenthet Szombathely v\u00e9g\u00e1llom\u00e1sig.<\/li>\n<li>A vas\u00fatt\u00e1rsas\u00e1g a dun\u00e1nt\u00fali t\u00e9rs\u00e9gben bevezeti a&nbsp;<strong>virtu\u00e1lis d\u00edjsz\u00e1m\u00edt\u00e1st<\/strong>, ami azt jelenti, hogy&nbsp;<strong>Budapest meghat\u00e1rozott \u00e1llom\u00e1sai (D\u00e9li, Kelenf\u00f6ld, Keleti, Ferencv\u00e1ros p\u00e1lyaudvarok \u00e9s K\u0151b\u00e1nya-Kispest vas\u00fat\u00e1llom\u00e1s, Ferihegy meg\u00e1ll\u00f3hely) Keszthely, illetve Nagykanizsa k\u00f6z\u00f6tt<\/strong>&nbsp;mindk\u00e9t ir\u00e1nyban a jelenlegi, jellemz\u0151en a 200-240 km-es d\u00edj\u00f6vezetbe tartoz\u00f3 menetd\u00edjak helyett&nbsp;<strong>egy d\u00edj\u00f6vezettel kevesebbet<\/strong>&nbsp;kell majd fizetni.<\/li>\n<li>A&nbsp;<strong>Balaton d\u00e9li partj\u00e1n<\/strong>&nbsp;a ny\u00e1ri id\u0151szakon k\u00edv\u00fcl is \u00f3r\u00e1nk\u00e9nti t\u00e1vols\u00e1gi k\u00f6zleked\u00e9st biztos\u00edt a vas\u00fatt\u00e1rsas\u00e1g reggel 6 \u00f3ra 35 \u00e9s este 19 \u00f3ra 35 perc k\u00f6z\u00f6tt, az&nbsp;<strong>egyik \u00f3r\u00e1ban Nagykanizs\u00e1ra<\/strong>&nbsp;2 \u00f3ra 58 perces menetid\u0151vel,&nbsp;<strong>m\u00e1sik \u00f3r\u00e1ban Keszthelyre<\/strong>&nbsp;2 \u00f3ra 29 perces menetid\u0151vel. A k\u00e9t v\u00e1ros \u00e9s Budapest k\u00f6z\u00f6tt InterCity-k k\u00f6zlekednek a gyorsvonatok helyett.<\/li>\n<li>Az int\u00e9zked\u00e9ssel nem csup\u00e1n Keszthely \u00e9s Nagykanizsa el\u00e9r\u00e9se javul, hanem&nbsp;<strong>az \u00e9v minden napj\u00e1n \u00f3r\u00e1nk\u00e9nt k\u00f6zlekednek vonatok a Balaton d\u00e9li partj\u00e1n<\/strong>&nbsp;<strong>fekv\u0151 telep\u00fcl\u00e9sek \u00e9s a f\u0151v\u00e1ros k\u00f6z\u00f6tt. Budapest \u00e9s Sz\u00e9kesfeh\u00e9rv\u00e1r<\/strong>&nbsp;k\u00f6z\u00f6tt pedig eg\u00e9sz nap&nbsp;<strong>f\u00e9l\u00f3r\u00e1nk\u00e9nt<\/strong>&nbsp;fognak k\u00f6zlekedni az InterCity-k 38 perces menetid\u0151vel.<\/li>\n<li><strong>Budapest \u00e9s Zalaegerszeg&nbsp;<\/strong>k\u00f6z\u00f6tt 3 \u00f3ra 1 perces menetid\u0151vel, illetve&nbsp;<strong>Szombathely&nbsp;<\/strong>k\u00f6z\u00f6tt 3 \u00f3ra 9 perces menetid\u0151vel \u2013 Sz\u00e9kesfeh\u00e9rv\u00e1ron \u00e9s Veszpr\u00e9men \u00e1t \u2013&nbsp;<strong>tov\u00e1bbra is k\u00e9t\u00f3r\u00e1nk\u00e9nt<\/strong>, \u00fctemesen k\u00f6zlekednek a G\u00f6csej, illetve Bakony InterCity-k. K\u00e9nyelmes \u00e9s gyors eljut\u00e1st biztos\u00edtanak a nyugat-dun\u00e1nt\u00fali megyesz\u00e9khelyekre a&nbsp;<strong>korszer\u0171, kl\u00edm\u00e1s, ig\u00e9nyes IC+ kocsiknak<\/strong>&nbsp;k\u00f6sz\u00f6nhet\u0151en, amelyekkel febru\u00e1r \u00f3ta rendszeresen utazhatnak a t\u00e9rs\u00e9gben. A vonatokon \u2013 a menetrendi meghirdet\u00e9st\u0151l f\u00fcgg\u0151en \u2013&nbsp;<strong>ker\u00e9kp\u00e1rokat is lehet sz\u00e1ll\u00edtani<\/strong>, melyhez \u2013 az utaz\u00f3k\u00f6z\u00f6ns\u00e9g magasabb min\u0151s\u00e9g\u0171 kiszolg\u00e1l\u00e1sa \u00e9rdek\u00e9ben \u2013&nbsp;<strong>k\u00f6telez\u0151 a ker\u00e9kp\u00e1rhelyjegy<\/strong>&nbsp;megv\u00e1lt\u00e1sa. Szombathelyre Gy\u0151r\u00f6n \u00e1t is el lehet jutni a j\u00f6v\u0151ben is.<\/li>\n<\/ul>\n<p>A nagyv\u00e1rosokban a vas\u00fati \u00fctemes menetrendhez csatlakozva aut\u00f3buszos csatlakoz\u00e1sokat alak\u00edtanak ki. Szeptember 28-t\u00f3l t\u00f6bbek k\u00f6z\u00f6tt Budapest \u00e9s Zalaegerszeg k\u00f6z\u00f6tt \u00f6t, Budapest \u00e9s Nagykanizsa k\u00f6z\u00f6tt n\u00e9gy, Budapest \u00e9s Sz\u00e9kesfeh\u00e9rv\u00e1r k\u00f6z\u00f6tt hat \u00faj j\u00e1ratp\u00e1r lesz naponta. Az aut\u00f3buszj\u00e1ratok menetrendj\u00e9t \u00f6sszehangolt\u00e1k az InterCity vonatok menetrendj\u00e9vel, hogy a f\u0151v\u00e1rosba utaz\u00f3knak egyenletes k\u00f6zleked\u00e9st biztos\u00edtsanak.<\/p>\n<h2><strong>V\u00e1ltoz\u00e1sok a Vol\u00e1nbusz menetrendj\u00e9ben szeptember 28-t\u00f3l<\/strong><\/h2>\n<h4>A dun\u00e1nt\u00fali j\u00e1ratokat \u00e9rint\u0151en<\/h4>\n<p><strong>Budapest \u00e9s Zalaegerszeg k\u00f6z\u00f6tt<\/strong>&nbsp;\u00f6t, naponta k\u00f6zleked\u0151 j\u00e1ratp\u00e1rt \u00e1ll\u00edt vissza a buszt\u00e1rsas\u00e1g, melyek k\u00f6z\u00fcl n\u00e9gy H\u00e9v\u00edz, egy pedig S\u00e1rmell\u00e9k \u00e9rint\u00e9s\u00e9vel k\u00f6zlekedik. Az aut\u00f3buszok Zalaegerszegr\u0151l Budapestre naponta 5:24, 8:49, 10:49, 13:24 \u00e9s 16:49-kor, Budapestr\u0151l 8:00, 10:00, 12:00, 14:00 \u00e9s 18:00 \u00f3rakor indulnak. A h\u00e9tv\u00e9gi id\u0151szakban p\u00e9nteken, vas\u00e1rnap \u00e9s h\u00e9tf\u0151n tov\u00e1bbi aut\u00f3buszok is k\u00f6zlekednek, \u00e9s valamennyi j\u00e1rattal kevesebb mint 3 \u00f3ra alatt el\u00e9rhet\u0151 lesz a zalai megyesz\u00e9khelyr\u0151l a f\u0151v\u00e1ros.<\/p>\n<p><strong>Budapest \u00e9s Nagykanizsa k\u00f6z\u00f6tt<\/strong>&nbsp;n\u00e9gy, naponta k\u00f6zleked\u0151 j\u00e1ratp\u00e1rt \u00e1ll\u00edt vissza a t\u00e1rsas\u00e1g. Az aut\u00f3buszok Nagykanizs\u00e1r\u00f3l Budapestre naponta 5:40, 8:40, 14:40 \u00e9s 16:40-kor, Budapestr\u0151l Nagykanizs\u00e1ra 8:00, 10:30, 16:00 \u00e9s 19:00 \u00f3rakor indulnak, k\u00e9t j\u00e1ratp\u00e1r Zalakaros \u00e9rint\u00e9s\u00e9vel, kett\u0151 pedig Budapest \u00e9s Nagykanizsa k\u00f6z\u00f6tt v\u00e9gig az aut\u00f3p\u00e1ly\u00e1n k\u00f6zlekedik, \u00edgy a f\u0151v\u00e1ros Nagykanizs\u00e1r\u00f3l ak\u00e1r kevesebb mint 2,5 \u00f3ra alatt is el\u00e9rhet\u0151 lesz.<\/p>\n<p>Az aut\u00f3buszj\u00e1ratok t\u00f6bbs\u00e9ge eset\u00e9ben a menetrendet \u00fagy alak\u00edtotta ki a t\u00e1rsas\u00e1g, hogy az InterCity vonatok indul\u00e1sai k\u00f6z\u00f6tt egyenletes, a f\u0151v\u00e1rosba utaz\u00f3k sz\u00e1m\u00e1ra optim\u00e1lis indul\u00e1si \u00e9s \u00e9rkez\u00e9si id\u0151pontokat biztos\u00edtson. A Budapest \u00e9s Zala megye k\u00f6z\u00f6tt vissza\u00e1ll\u00f3 aut\u00f3buszj\u00e1ratok tekintet\u00e9ben a Vol\u00e1nbusz magas szolg\u00e1ltat\u00e1si sz\u00ednvonalat biztos\u00edt\u00f3 aut\u00f3buszokat k\u00f6zlekedtet majd, melyek t\u00f6bbek k\u00f6z\u00f6tt <strong>wifivel, USB \u00e9s 230 V h\u00e1l\u00f3zati csatlakoz\u00f3val is rendelkeznek<\/strong>, ezzel is biztos\u00edtva utasaink mobil eszk\u00f6zeinek t\u00f6lt\u00e9si lehet\u0151s\u00e9g\u00e9t, hozz\u00e1j\u00e1rulva az utaz\u00e1si id\u0151 hasznos elt\u00f6lt\u00e9s\u00e9hez.<\/p>\n<p><strong>Budapest \u00e9s Sz\u00e9kesfeh\u00e9rv\u00e1r<\/strong> k\u00f6z\u00f6tt hat \u00faj j\u00e1ratp\u00e1r indul, valamint \u00fajra k\u00f6zvetlen aut\u00f3buszj\u00e1rat k\u00f6ti \u00f6ssze Tam\u00e1sit Sz\u00e9kesfeh\u00e9rv\u00e1r \u00e9rint\u00e9s\u00e9vel a f\u0151v\u00e1rossal. Ezen j\u00e1ratok eset\u00e9ben a Vol\u00e1nbusz \u00fagy hat\u00e1rozta meg a menetrendi id\u0151pontokat, hogy \u2013 az el\u0151v\u00e1rosi kiszolg\u00e1l\u00e1si jelleghez igazod\u00f3an \u2013 min\u00e9l kedvez\u0151bben megfeleljen a Budapest ir\u00e1ny\u00e1ban jelentkez\u0151 hivat\u00e1sforgalmi utaz\u00e1si ig\u00e9nyeknek, igazodva a nappali m\u0171szakos kiszolg\u00e1l\u00e1shoz \u00e9s az irodai munkav\u00e9gz\u00e9shez. A t\u00e1rsas\u00e1g minden Budapest \u00e9s Sz\u00e9kesfeh\u00e9rv\u00e1r k\u00f6z\u00f6tt k\u00f6zleked\u0151 j\u00e1raton elfogadja a vas\u00fati b\u00e9rleteket, az aut\u00f3p\u00e1ly\u00e1s j\u00e1ratok pedig kieg\u00e9sz\u00edt\u0151 jegy v\u00e1lt\u00e1s\u00e1val vehet\u0151k ig\u00e9nybe.<\/p>\n<h2>Az el\u0151v\u00e1rosi \u00e9s region\u00e1lis j\u00e1ratok eset\u00e9ben<\/h2>\n<p>A&nbsp;<strong>Budapest\u2013T\u00e1pi\u00f3szecs\u0151\u2013T\u00e1pi\u00f3szentm\u00e1rton\/T\u00f3alm\u00e1s\u2013Szentl\u0151rinck\u00e1ta vonalon<\/strong>&nbsp;a Vol\u00e1nbusz az al\u00e1bbiak szerint m\u00f3dos\u00edtja, illetve b\u0151v\u00edti k\u00edn\u00e1lat\u00e1t:<\/p>\n<p>\u2013 a jelenleg Budapest, N\u00e9pliget v\u00e9g\u00e1llom\u00e1ssal k\u00f6zleked\u0151 j\u00e1ratok ism\u00e9t Budapest, Stadion aut\u00f3busz-p\u00e1lyaudvar v\u00e9g\u00e1llom\u00e1sra \u00e9rkeznek, illetve onnan indulnak,<\/p>\n<p>\u2013 a reggeli id\u0151szakban tov\u00e1bbi h\u00e1rom, a d\u00e9lut\u00e1ni \u00e9s esti id\u0151szakban n\u00e9gy \u00faj j\u00e1rat indul.<\/p>\n<p>A menetrend-m\u00f3dos\u00edt\u00e1ssal egyidej\u0171leg a buszt\u00e1rsas\u00e1g \u2013 \u00e9rv\u00e9nyess\u00e9g\u00fck lej\u00e1rt\u00e1ig \u2013 elfogadja az al\u00e1bbi b\u00e9rleteket az ism\u00e9telten Stadion, aut\u00f3busz-p\u00e1lyaudvar v\u00e9g\u00e1llom\u00e1ssal k\u00f6zleked\u0151 j\u00e1ratokon:<\/p>\n<p>\u2013 a N\u00e9pligetig megv\u00e1ltott norm\u00e1l \u00e9s Budapest-b\u00e9rletet kieg\u00e9sz\u00edt\u0151 b\u00e9rleteket,<\/p>\n<p>\u2013 a jelenleg a 31-es \u00faton k\u00f6zleked\u0151 aut\u00f3busz-j\u00e1ratok ig\u00e9nybev\u00e9tel\u00e9re t\u00e1pi\u00f3szecs\u0151i \u00e1tsz\u00e1ll\u00e1ssal jogos\u00edt\u00f3 b\u00e9rleteket.<\/p>\n<p>A&nbsp;<strong>Budapest \u00e9s Kisb\u00e9r<\/strong>&nbsp;k\u00f6z\u00f6tti k\u00f6zvetlen aut\u00f3buszos kapcsolat \u00fajb\u00f3li megteremt\u00e9se \u00e9rdek\u00e9ben a Vol\u00e1nbusz egy munkanapokon k\u00f6zleked\u0151 j\u00e1ratp\u00e1rt \u00e1ll\u00edt vissza, amely Kisb\u00e9rr\u0151l reggel 4:55-kor, Budapest, N\u00e9pliget aut\u00f3busz-p\u00e1lyaudvarr\u00f3l d\u00e9lut\u00e1n 17:35-kor indul.&nbsp; Emellett vas\u00e1rnap k\u00e9s\u0151 d\u00e9lut\u00e1n \u00faj gyorsj\u00e1rat is indul Kisb\u00e9rr\u0151l 18:25-kor. Az aut\u00f3buszj\u00e1rat 2 \u00f3ra alatt \u00e9ri el a t\u00e9rs\u00e9gb\u0151l a f\u0151v\u00e1rost, biztos\u00edtva a di\u00e1kok gyors \u00e9s k\u00e9nyelmes eljut\u00e1s\u00e1t Budapestre.<\/p>\n<p>A reggeli \u00e9s d\u00e9lut\u00e1ni id\u0151szakban kett\u0151 770-es Kisb\u00e9r \u2013 Oroszl\u00e1ny \u2013 Tatab\u00e1nya \u2013 Zs\u00e1mb\u00e9k \u2013 Budapest \u00fatvonalon k\u00f6zleked\u0151 j\u00e1rat \u00fatvonala meghosszabbodik az \u0150rmez\u0151i p\u00e1lyaudvart\u00f3l a D\u00e9li p\u00e1lyaudvarig.<\/p>\n<p>A fenti m\u00f3dos\u00edt\u00e1sokhoz kapcsol\u00f3d\u00f3an a t\u00e1rsas\u00e1g t\u00f6bbek k\u00f6z\u00f6tt a 1190-es sz\u00e1m\u00fa, Budapest\u2013Balatonf\u00fcred\u2013Balatonalm\u00e1di\u2013Keszthely\u2013Zalaegerszeg vonal, a 1212-es sz\u00e1m\u00fa, Budapest\u2013Veszpr\u00e9m\u2013Keszthely\u2013H\u00e9v\u00edz vonal \u00e9s a 6216-es sz\u00e1m\u00fa, Zalaegerszeg\u2013H\u00e9v\u00edz\u2013Keszthely vonal eset\u00e9ben is bevezet kisebb m\u00e9rt\u00e9k\u0171 v\u00e1ltoz\u00e1sokat.<\/p>\n","protected":false},"excerpt":{"rendered":"<p>Meg\u00faj\u00edtott \u0151szi menetrend l\u00e9p \u00e9letbe t\u00f6bb dun\u00e1nt\u00fali vonalon szeptember 28-\u00e1n, \u00e9s olcs\u00f3bbak lesznek a jegyek is &#8211; jelentette be Mos\u00f3czi L\u00e1szl\u00f3, az Innov\u00e1ci\u00f3s \u00e9s Technol\u00f3giai Miniszt\u00e9rium (ITM) k\u00f6zleked\u00e9spolitik\u00e1\u00e9rt felel\u0151s \u00e1llamtitk\u00e1ra szerd\u00e1n Budapesten, sajt\u00f3t\u00e1j\u00e9koztat\u00f3n.<\/p>\n","protected":false},"author":43,"featured_media":17312,"comment_status":"open","ping_status":"open","sticky":false,"template":"","format":"standard","meta":{"footnotes":""},"categories":[7],"tags":[279,2856,179,2178,1681,1289],"class_list":["post-17311","post","type-post","status-publish","format-standard","has-post-thumbnail","hentry","category-belfold-utazas","tag-balaton","tag-dunantul","tag-mav","tag-menetrend","tag-volanbusz","tag-vonatjegy"],"aioseo_notices":[],"_links":{"self":[{"href":"https:\/\/www.startlap.hu\/utazas\/wp-json\/wp\/v2\/posts\/17311","targetHints":{"allow":["GET"]}}],"collection":[{"href":"https:\/\/www.startlap.hu\/utazas\/wp-json\/wp\/v2\/posts"}],"about":[{"href":"https:\/\/www.startlap.hu\/utazas\/wp-json\/wp\/v2\/types\/post"}],"author":[{"embeddable":true,"href":"https:\/\/www.startlap.hu\/utazas\/wp-json\/wp\/v2\/users\/43"}],"replies":[{"embeddable":true,"href":"https:\/\/www.startlap.hu\/utazas\/wp-json\/wp\/v2\/comments?post=17311"}],"version-history":[{"count":6,"href":"https:\/\/www.startlap.hu\/utazas\/wp-json\/wp\/v2\/posts\/17311\/revisions"}],"predecessor-version":[{"id":17330,"href":"https:\/\/www.startlap.hu\/utazas\/wp-json\/wp\/v2\/posts\/17311\/revisions\/17330"}],"wp:featuredmedia":[{"embeddable":true,"href":"https:\/\/www.startlap.hu\/utazas\/wp-json\/wp\/v2\/media\/17312"}],"wp:attachment":[{"href":"https:\/\/www.startlap.hu\/utazas\/wp-json\/wp\/v2\/media?parent=17311"}],"wp:term":[{"taxonomy":"category","embeddable":true,"href":"https:\/\/www.startlap.hu\/utazas\/wp-json\/wp\/v2\/categories?post=17311"},{"taxonomy":"post_tag","embeddable":true,"href":"https:\/\/www.startlap.hu\/utazas\/wp-json\/wp\/v2\/tags?post=17311"}],"curies":[{"name":"wp","href":"https:\/\/api.w.org\/{rel}","templated":true}]}}