{"id":16829,"date":"2020-09-12T08:03:22","date_gmt":"2020-09-12T06:03:22","guid":{"rendered":"https:\/\/www.startlap.hu\/utazas\/?p=16829"},"modified":"2020-09-12T15:33:09","modified_gmt":"2020-09-12T13:33:09","slug":"turizmus-vendeglatas-dolgozok-kulfold","status":"publish","type":"post","link":"https:\/\/www.startlap.hu\/utazas\/turizmus-vendeglatas-dolgozok-kulfold\/","title":{"rendered":"K\u00fclf\u00f6ldre csalogatj\u00e1k a turizmus szakembereit Magyarorsz\u00e1gr\u00f3l"},"content":{"rendered":"<p>Az \u00e9v m\u00e1sodik fel\u00e9ben fel\u00e9ben biztons\u00e1gi int\u00e9zked\u00e9sekkel, \u00e9s a szolg\u00e1ltat\u00e1sok specializ\u00e1l\u00e1s\u00e1val k\u00e9sz\u00fclnek a teljes t\u00e9li szezonra az \u00fcd\u00fcl\u0151helyeken, turisztikailag n\u00e9pszer\u0171 telep\u00fcl\u00e9seken \u2013 p\u00e9ld\u00e1ul Horv\u00e1torsz\u00e1gban, <a href=\"https:\/\/www.startlap.hu\/utazas\/ausztria-koronavirus-nyaralas-horvatorszag\/\" target=\"_blank\" rel=\"noopener noreferrer\">Ausztri\u00e1ban<\/a>, a csehek\u00adn\u00e9l vagy a szlov\u00e1kiai s\u00edparadicsomokban \u2013, amihez munk\u00e1sok is kellenek. Ek\u00f6zben Magyarorsz\u00e1g nemigen fogad turist\u00e1kat, a sz\u00e1ll\u00e1shelyek, vend\u00e9gl\u0151k, cukr\u00e1szd\u00e1k tan\u00e1cstalanok, mikort\u00f3l sz\u00e1molhatnak stabilan bev\u00e9tellel \u2013&nbsp;ennek k\u00f6vetkezt\u00e9ben sok v\u00e1llalkoz\u00e1s le\u00e1llt, a munkaad\u00f3k sorra mondanak fel alkalmazottaiknak.&nbsp;<\/p>\n<figure id=\"attachment_16831\" aria-describedby=\"caption-attachment-16831\" style=\"width: 755px\" class=\"wp-caption alignnone\"><img loading=\"lazy\" decoding=\"async\" class=\"size-article-size-large-image wp-image-16831\" src=\"https:\/\/www.startlap.hu\/utazas\/uploads\/sites\/3\/2020\/09\/vendeglatas-755x504.jpg\" alt=\"\" width=\"755\" height=\"504\" srcset=\"https:\/\/www.startlap.hu\/utazas\/uploads\/sites\/3\/2020\/09\/vendeglatas-755x504.jpg 755w, https:\/\/www.startlap.hu\/utazas\/uploads\/sites\/3\/2020\/09\/vendeglatas-525x350.jpg 525w, https:\/\/www.startlap.hu\/utazas\/uploads\/sites\/3\/2020\/09\/vendeglatas.jpg 1273w\" sizes=\"auto, (max-width: 755px) 100vw, 755px\" \/><figcaption id=\"caption-attachment-16831\" class=\"wp-caption-text\">Illusztr\u00e1ci\u00f3: Getty Images<\/figcaption><\/figure>\n<h2>Kev\u00e9s a lehet\u0151s\u00e9g, ir\u00e1ny k\u00fclf\u00f6ld!<\/h2>\n<p>\u2013 Ezt m\u00e1ris kihaszn\u00e1lj\u00e1k a k\u00fclf\u00f6ldi szolg\u00e1ltat\u00f3k \u2013 akiknek p\u00e9ld\u00e1ul Ausztri\u00e1ban, a tipikus t\u00e9li \u00fcd\u00fcl\u0151k\u00f6rzetekben, a nyolcvan sz\u00e1zal\u00e9ka magyar \u00fczemeltet\u0151 \u2013 \u00e9s <strong>j\u00f3l fizet\u0151 szezon\u00e1lis munk\u00e1kra<\/strong> cs\u00e1b\u00edtj\u00e1k a gyakorlott, \u00e9rt\u00e9kes magyar szakembereket minden ter\u00fcletr\u0151l, t\u00f6bb orsz\u00e1gb\u00f3l is \u2013 mondta a <a href=\"https:\/\/magyarnemzet.hu\/gazdasag\/kulfoldre-csabitjak-a-szakembereket-8648373\/\" target=\"_blank\" target=\"_blank\" rel=\"noopener noreferrer\">Magyar Nemzetnek<\/a> Kov\u00e1cs L\u00e1szl\u00f3, a Budapesti Gazdas\u00e1gi Egyetem Turizmus-Vend\u00e9gl\u00e1t\u00e1s Kar\u00e1nak, illetve a Gundel K\u00e1roly Szakk\u00e9pz\u0151 Iskola vend\u00e9gl\u00e1t\u00f3 mester-szaktan\u00e1ra, hozz\u00e1t\u00e9ve:<\/p>\n<blockquote class=\"article__extraTxt\"><p>els\u0151sorban a k\u00e9tkezi dolgoz\u00f3k, vagyis a cukr\u00e1szok, szak\u00e1csok, felszolg\u00e1l\u00f3k, szobal\u00e1nyok, recepci\u00f3sok, londinerek, s\u0151t takar\u00edt\u00f3k, k\u00e9zi mosogat\u00f3k kapnak lehet\u0151s\u00e9get a k\u00fclf\u00f6ldi munk\u00e1ra.<\/p><\/blockquote>\n<p>\u2013 Cs\u00e1b\u00edtj\u00e1k a dolgoz\u00f3inkat a szomsz\u00e9dba, \u00e9s a k\u00e9nyszer miatt t\u00f6bben v\u00e1llalj\u00e1k is a n\u00e9h\u00e1ny h\u00f3napos t\u00e1voll\u00e9tet a csal\u00e1dt\u00f3l a t\u00f6bb sz\u00e1z kilom\u00e9terre l\u00e9v\u0151 \u00fcd\u00fcl\u0151helyeken, v\u00e1rosi <a href=\"https:\/\/www.startlap.hu\/utazas\/etterem-koronavirus-bezaras-hazhoz-szallitas\/\" target=\"_blank\" rel=\"noopener noreferrer\">\u00e9ttermekben<\/a>, sz\u00e1ll\u00e1sokon, az ottani falusi turizmusban. Idehaza a munkav\u00e1llal\u00f3 \u00e9s a dolgoz\u00f3 l\u00e9p\u00e9sk\u00e9nyszerben van, mivel egyel\u0151re <strong>nagyon lesz\u0171k\u00fcltek a lehet\u0151s\u00e9gek<\/strong> \u2013 f\u0171zte hozz\u00e1.<\/p>\n<div class=\"o-widget m-readMoreWidget -readMore u-shortDecorLineAfter row widget-container _ce_measure_widget bigdata-widget read-more\" data-ce-measure-widget=\"olvass tov\u00e1bb\">\n\t<div class=\"m-readMoreWidget__imgWrapper image-wrapper col-12 col-md-4 no-p\">\n\t\t<a class=\"m-readMoreWidget__imgLink\" href=\"https:\/\/www.startlap.hu\/utazas\/sieles-ausztria-hutte-2020\/\" >\n\t\t\t<img decoding=\"async\" src=\"https:\/\/www.startlap.hu\/utazas\/uploads\/sites\/3\/2020\/09\/Tirol-Ausztria-350x285.jpg\" class=\"m-readMoreWidget__img\">\n\t\t<\/a>\n\t<\/div>\n\t<div class=\"m-readMoreWidget__titleWrapper title-wrapper col-12 col-md-8\">\n\t\t<span class=\"m-readMoreWidget__titleLabel u-shortDecorLineBefore label hidden-sm-up\">Ez is \u00e9rdekelhet:<\/span>\n\t\t<h3 class=\"m-readMoreWidget__title title\">\n\t\t\t<a class=\"m-readMoreWidget__titleLink -secondFont u-bold u-upperCase\" href=\"https:\/\/www.startlap.hu\/utazas\/sieles-ausztria-hutte-2020\/\" >Ilyen szab\u00e1lyokkal indulhat Ausztri\u00e1ban a t\u00e9li s\u00edszezon<\/a>\n\t\t<\/h3>\n\t\t<a class=\"m-readMoreWidget__btn -coloredBack u-tC link\" href=\"https:\/\/www.startlap.hu\/utazas\/sieles-ausztria-hutte-2020\/\" >Elolvasom<\/a>\n\t<\/div>\n<\/div>\n<p>Az els\u0151 hull\u00e1m ut\u00e1n a munkaad\u00f3k nem sz\u00e1m\u00edtottak arra, hogy \u0151szre sokkal nagyobb vesztes\u00e9gekkel kell szemben\u00e9zni\u00fck, r\u00e1ad\u00e1su k\u00e9rd\u00e9ses, mikor rendez\u0151dik a turizmus helyzete. Persze a bev\u00e9tel n\u00e9lk\u00fcl maradt c\u00e9gek sem tudj\u00e1k a v\u00e9gtelens\u00e9gig finansz\u00edrozni az alkalmazottaik b\u00e9r\u00e9t, m\u00edg helyre\u00e1llnak a dolgok, \u00edgy sajnos elker\u00fclhetetlen\u00fcl vesz\u00edtik el a megb\u00edzhat\u00f3 dolgoz\u00f3kat.<\/p>\n","protected":false},"excerpt":{"rendered":"<p>A szomsz\u00e9dos orsz\u00e1gok \u00fcd\u00fcl\u0151helyei a vend\u00e9gl\u00e1t\u00e1sb\u00f3l \u00e9s a sz\u00e1llodaiparb\u00f3l magukhoz cs\u00e1b\u00edtj\u00e1k a szakk\u00e9pzett magyar dolgoz\u00f3kat, ahol teljes t\u00e9li \u00fczemre \u00e9s minimum forgalmas belf\u00f6ldi szezonra k\u00e9sz\u00fclnek a turisztikai szolg\u00e1ltat\u00f3k.<\/p>\n","protected":false},"author":43,"featured_media":16831,"comment_status":"open","ping_status":"open","sticky":false,"template":"","format":"standard","meta":{"footnotes":""},"categories":[7],"tags":[307,112,1358,1619],"class_list":["post-16829","post","type-post","status-publish","format-standard","has-post-thumbnail","hentry","category-belfold-utazas","tag-ausztria","tag-horvatorszag","tag-koronavirus","tag-vendeglatas"],"aioseo_notices":[],"_links":{"self":[{"href":"https:\/\/www.startlap.hu\/utazas\/wp-json\/wp\/v2\/posts\/16829","targetHints":{"allow":["GET"]}}],"collection":[{"href":"https:\/\/www.startlap.hu\/utazas\/wp-json\/wp\/v2\/posts"}],"about":[{"href":"https:\/\/www.startlap.hu\/utazas\/wp-json\/wp\/v2\/types\/post"}],"author":[{"embeddable":true,"href":"https:\/\/www.startlap.hu\/utazas\/wp-json\/wp\/v2\/users\/43"}],"replies":[{"embeddable":true,"href":"https:\/\/www.startlap.hu\/utazas\/wp-json\/wp\/v2\/comments?post=16829"}],"version-history":[{"count":2,"href":"https:\/\/www.startlap.hu\/utazas\/wp-json\/wp\/v2\/posts\/16829\/revisions"}],"predecessor-version":[{"id":16833,"href":"https:\/\/www.startlap.hu\/utazas\/wp-json\/wp\/v2\/posts\/16829\/revisions\/16833"}],"wp:featuredmedia":[{"embeddable":true,"href":"https:\/\/www.startlap.hu\/utazas\/wp-json\/wp\/v2\/media\/16831"}],"wp:attachment":[{"href":"https:\/\/www.startlap.hu\/utazas\/wp-json\/wp\/v2\/media?parent=16829"}],"wp:term":[{"taxonomy":"category","embeddable":true,"href":"https:\/\/www.startlap.hu\/utazas\/wp-json\/wp\/v2\/categories?post=16829"},{"taxonomy":"post_tag","embeddable":true,"href":"https:\/\/www.startlap.hu\/utazas\/wp-json\/wp\/v2\/tags?post=16829"}],"curies":[{"name":"wp","href":"https:\/\/api.w.org\/{rel}","templated":true}]}}