{"id":16588,"date":"2020-09-08T13:02:14","date_gmt":"2020-09-08T11:02:14","guid":{"rendered":"https:\/\/www.startlap.hu\/utazas\/?p=16588"},"modified":"2020-09-09T10:36:34","modified_gmt":"2020-09-09T08:36:34","slug":"belfoldi-utazas-vendegejszaka-kulfoldiek","status":"publish","type":"post","link":"https:\/\/www.startlap.hu\/utazas\/belfoldi-utazas-vendegejszaka-kulfoldiek\/","title":{"rendered":"75%-kal visszaesett a Magyarorsz\u00e1gra l\u00e1togat\u00f3 k\u00fclf\u00f6ldiek sz\u00e1ma"},"content":{"rendered":"<p>A korl\u00e1toz\u00e1sok m\u00e1jus v\u00e9gi felold\u00e1s\u00e1t k\u00f6vet\u0151en a belf\u00f6ldivend\u00e9g-forgalom j\u00faniusban kezd\u0151d\u00f6tt dinamikus n\u00f6veked\u00e9se j\u00faliusban is folytat\u00f3dott, a vend\u00e9g\u00e9jszak\u00e1k sz\u00e1ma a h\u00e1romszoros\u00e1ra n\u0151tt az el\u0151z\u0151 h\u00f3naphoz viszony\u00edtva, <strong>672 ezerr\u0151l 2,108 milli\u00f3ra<\/strong>, ami tavaly augusztus \u00f3ta a legmagasabb sz\u00e1m. Az \u00f6sszes vend\u00e9g\u00e9jszaka 82 sz\u00e1zal\u00e9k\u00e1t a belf\u00f6ldi vend\u00e9gek t\u00f6lt\u00f6tt\u00e9k el &#8211; \u00edrja a <a href=\"http:\/\/www.ksh.hu\/docs\/hun\/xftp\/gyor\/ksz\/ksz2007.html\" target=\"_blank\" target=\"_blank\" rel=\"noopener noreferrer\">KSH<\/a> adataira hivatkozva az MTI.<\/p>\n<blockquote class=\"article__extraTxt\"><p>Az elt\u00f6lt\u00f6tt \u00f6sszes vend\u00e9g\u00e9jszaka 42,3 sz\u00e1zal\u00e9kkal kevesebb volt, mint tavaly j\u00faliusban.<\/p><\/blockquote>\n<p class=\"bp\">A&nbsp;belf\u00f6ldi vend\u00e9gek sz\u00e1ma 12, a <a href=\"https:\/\/www.startlap.hu\/utazas\/belfoldi-turizmus-elso-felev\/\" target=\"_blank\" rel=\"noopener noreferrer\">vend\u00e9g\u00e9jszak\u00e1k\u00e9<\/a> 18<span class=\"nowrap\">%-<\/span>kal visszaesett tavaly j\u00faliushoz k\u00e9pest. A&nbsp;vend\u00e9gsz\u00e1m 758 ezer, az elt\u00f6lt\u00f6tt vend\u00e9g\u00e9jszak\u00e1k\u00e9 2,1 milli\u00f3 volt. T\u00edzb\u0151l 6 \u00e9jszak\u00e1t sz\u00e1llod\u00e1kban t\u00f6lt\u00f6ttek, ahol a cs\u00f6kken\u00e9s m\u00e9rt\u00e9ke 8,6<span class=\"nowrap\">%-<\/span>os volt. A&nbsp;panzi\u00f3k a sz\u00e1llod\u00e1kkal ellent\u00e9tben 2,5<span class=\"nowrap\">%-<\/span>kal t\u00f6bb \u00e9jszak\u00e1t regisztr\u00e1ltak. A&nbsp;<a href=\"https:\/\/www.startlap.hu\/utazas\/kemping-veszely-koronavirus\/\" target=\"_blank\" rel=\"noopener noreferrer\">kempingekben<\/a> az el\u0151z\u0151 \u00e9v j\u00faliusi forgalom k\u00e9tharmada jelentkezett. A&nbsp;legn\u00e9pszer\u0171bb r\u00e9gi\u00f3 a <a href=\"https:\/\/www.startlap.hu\/utazas\/balaton-rodosz-arak-nyaralas\/\" target=\"_blank\" rel=\"noopener noreferrer\">Balaton<\/a> volt.<\/p>\n<figure id=\"attachment_10374\" aria-describedby=\"caption-attachment-10374\" style=\"width: 755px\" class=\"wp-caption alignnone\"><img loading=\"lazy\" decoding=\"async\" class=\"size-article-size-large-image wp-image-10374\" src=\"https:\/\/www.startlap.hu\/utazas\/uploads\/sites\/3\/2020\/05\/hotelszoba-755x449.jpg\" alt=\"sz\u00e1llodaszoba\" width=\"755\" height=\"449\" srcset=\"https:\/\/www.startlap.hu\/utazas\/uploads\/sites\/3\/2020\/05\/hotelszoba-755x449.jpg 755w, https:\/\/www.startlap.hu\/utazas\/uploads\/sites\/3\/2020\/05\/hotelszoba-588x350.jpg 588w, https:\/\/www.startlap.hu\/utazas\/uploads\/sites\/3\/2020\/05\/hotelszoba.jpg 1200w\" sizes=\"auto, (max-width: 755px) 100vw, 755px\" \/><figcaption id=\"caption-attachment-10374\" class=\"wp-caption-text\">Getty Images<\/figcaption><\/figure>\n<h2>Elmaradoztak a k\u00fclf\u00f6ldiek<\/h2>\n<p class=\"bp\">A&nbsp;k\u00fclf\u00f6ldi vend\u00e9gek sz\u00e1ma 76, a <strong>vend\u00e9g\u00e9jszak\u00e1k\u00e9 75<span class=\"nowrap\">%-<\/span>kal visszaesett<\/strong>. A&nbsp;sz\u00e1ll\u00e1shelyekre \u00e9rkezett 166 ezer vend\u00e9g 478 ezer vend\u00e9g\u00e9jszak\u00e1t t\u00f6lt\u00f6tt el. A&nbsp;vend\u00e9gek nagy r\u00e9sze sz\u00e1llod\u00e1ban vagy kempingben sz\u00e1llt meg. Az&nbsp;\u00e9jszak\u00e1k sz\u00e1ma a sz\u00e1llod\u00e1kban k\u00f6zel \u00f6t\u00f6d\u00e9re esett vissza. A&nbsp;kempingekben, panzi\u00f3kban \u00e9s az \u00fcd\u00fcl\u0151h\u00e1ztelepeken 57-60<span class=\"nowrap\">%-<\/span>os, a k\u00f6z\u00f6ss\u00e9gi sz\u00e1ll\u00e1shelyeken 91<span class=\"nowrap\">%-<\/span>os volt a visszaes\u00e9s. A&nbsp;legnagyobb m\u00e9rt\u00e9k\u0171, 88<span class=\"nowrap\">%-<\/span>os cs\u00f6kken\u00e9s <a href=\"https:\/\/www.startlap.hu\/utazas\/budapest-magyarorszag-koronavirus-turizmus\/\" target=\"_blank\" rel=\"noopener noreferrer\">Budapesten<\/a> t\u00f6rt\u00e9nt.<\/p>\n<figure id=\"attachment_16591\" aria-describedby=\"caption-attachment-16591\" style=\"width: 755px\" class=\"wp-caption alignnone\"><img loading=\"lazy\" decoding=\"async\" class=\"size-article-size-large-image wp-image-16591\" src=\"https:\/\/www.startlap.hu\/utazas\/uploads\/sites\/3\/2020\/09\/ksh-755x567.png\" alt=\"\" width=\"755\" height=\"567\" srcset=\"https:\/\/www.startlap.hu\/utazas\/uploads\/sites\/3\/2020\/09\/ksh-755x567.png 755w, https:\/\/www.startlap.hu\/utazas\/uploads\/sites\/3\/2020\/09\/ksh-85x65.png 85w, https:\/\/www.startlap.hu\/utazas\/uploads\/sites\/3\/2020\/09\/ksh-466x350.png 466w, https:\/\/www.startlap.hu\/utazas\/uploads\/sites\/3\/2020\/09\/ksh.png 963w\" sizes=\"auto, (max-width: 755px) 100vw, 755px\" \/><figcaption id=\"caption-attachment-16591\" class=\"wp-caption-text\">Forr\u00e1s: KSH<\/figcaption><\/figure>\n<h2>Bev\u00e9telek a koronav\u00edrus alatt<\/h2>\n<p>A kereskedelmi sz\u00e1ll\u00e1shelyek \u00f6sszes brutt\u00f3 \u00e1rbev\u00e9tele 40,6 sz\u00e1zal\u00e9kkal cs\u00f6kkent, 37,503 milli\u00e1rd forintot tett ki. Ezen bel\u00fcl a sz\u00e1ll\u00e1sd\u00edj-bev\u00e9tel 42,4 sz\u00e1zal\u00e9kkal 23,247 milli\u00e1rdra, a vend\u00e9gl\u00e1t\u00e1sb\u00f3l sz\u00e1rmaz\u00f3 bev\u00e9tel 40,1 sz\u00e1zal\u00e9kkal 8,135 milli\u00e1rd forintra esett vissza.<\/p>\n<p>Az \u00e9v els\u0151 h\u00e9t h\u00f3napj\u00e1ban a kereskedelmi sz\u00e1ll\u00e1shelyek 55,9 sz\u00e1zal\u00e9kkal kevesebb, \u00f6sszesen 7,765 milli\u00f3 vend\u00e9g\u00e9jszak\u00e1t regisztr\u00e1ltak. A k\u00fclf\u00f6ldi vend\u00e9gek 68,3 a belf\u00f6ldiek 44,1 sz\u00e1zal\u00e9kkal kevesebb (2,738, illetve 5,027 milli\u00f3) vend\u00e9g\u00e9jszak\u00e1t t\u00f6lt\u00f6ttek a sz\u00e1ll\u00e1shelyeken. Az \u00f6sszes brutt\u00f3 \u00e1rbev\u00e9tel foly\u00f3 \u00e1ron 54,9 sz\u00e1zal\u00e9kkal cs\u00f6kkent \u00e9s 137 milli\u00e1rd forintot tett ki.<\/p>\n","protected":false},"excerpt":{"rendered":"<p>Id\u00e9n j\u00faliusban a j\u00e1rv\u00e1ny hat\u00e1s\u00e1ra a k\u00fclf\u00f6ldi vend\u00e9gek \u00e1ltal a kereskedelmi sz\u00e1ll\u00e1shelyeken elt\u00f6lt\u00f6tt \u00e9jszak\u00e1k sz\u00e1ma 75, a belf\u00f6ldi vend\u00e9gek \u00e1ltal elt\u00f6lt\u00f6ttek\u00e9 18%-kal visszaesett az el\u0151z\u0151 \u00e9v azonos id\u0151szak\u00e1hoz k\u00e9pest &#8211; jelentette kedden a K\u00f6zponti Statisztikai Hivatal.<\/p>\n","protected":false},"author":43,"featured_media":10374,"comment_status":"open","ping_status":"open","sticky":false,"template":"","format":"standard","meta":{"footnotes":""},"categories":[7],"tags":[131,1869,2454],"class_list":["post-16588","post","type-post","status-publish","format-standard","has-post-thumbnail","hentry","category-belfold-utazas","tag-belfoldi-utazas","tag-ksh","tag-vendegejszaka"],"aioseo_notices":[],"_links":{"self":[{"href":"https:\/\/www.startlap.hu\/utazas\/wp-json\/wp\/v2\/posts\/16588","targetHints":{"allow":["GET"]}}],"collection":[{"href":"https:\/\/www.startlap.hu\/utazas\/wp-json\/wp\/v2\/posts"}],"about":[{"href":"https:\/\/www.startlap.hu\/utazas\/wp-json\/wp\/v2\/types\/post"}],"author":[{"embeddable":true,"href":"https:\/\/www.startlap.hu\/utazas\/wp-json\/wp\/v2\/users\/43"}],"replies":[{"embeddable":true,"href":"https:\/\/www.startlap.hu\/utazas\/wp-json\/wp\/v2\/comments?post=16588"}],"version-history":[{"count":8,"href":"https:\/\/www.startlap.hu\/utazas\/wp-json\/wp\/v2\/posts\/16588\/revisions"}],"predecessor-version":[{"id":16654,"href":"https:\/\/www.startlap.hu\/utazas\/wp-json\/wp\/v2\/posts\/16588\/revisions\/16654"}],"wp:featuredmedia":[{"embeddable":true,"href":"https:\/\/www.startlap.hu\/utazas\/wp-json\/wp\/v2\/media\/10374"}],"wp:attachment":[{"href":"https:\/\/www.startlap.hu\/utazas\/wp-json\/wp\/v2\/media?parent=16588"}],"wp:term":[{"taxonomy":"category","embeddable":true,"href":"https:\/\/www.startlap.hu\/utazas\/wp-json\/wp\/v2\/categories?post=16588"},{"taxonomy":"post_tag","embeddable":true,"href":"https:\/\/www.startlap.hu\/utazas\/wp-json\/wp\/v2\/tags?post=16588"}],"curies":[{"name":"wp","href":"https:\/\/api.w.org\/{rel}","templated":true}]}}