{"id":16140,"date":"2020-08-27T16:07:45","date_gmt":"2020-08-27T14:07:45","guid":{"rendered":"https:\/\/www.startlap.hu\/utazas\/?p=16140"},"modified":"2020-08-29T08:11:38","modified_gmt":"2020-08-29T06:11:38","slug":"duplajara-nott-a-mount-everest-sikeres-megmaszasanak-eselye","status":"publish","type":"post","link":"https:\/\/www.startlap.hu\/utazas\/duplajara-nott-a-mount-everest-sikeres-megmaszasanak-eselye\/","title":{"rendered":"Dupl\u00e1j\u00e1ra n\u0151tt a Mount Everest sikeres megm\u00e1sz\u00e1s\u00e1nak es\u00e9lye"},"content":{"rendered":"<p>Dupl\u00e1j\u00e1ra n\u0151tt a <a href=\"https:\/\/www.startlap.hu\/utazas\/mount-everest-lezaras-jarvany\/\" target=\"_blank\" rel=\"noopener noreferrer\"><strong>Mount Everest<\/strong><\/a> sikeres megm\u00e1sz\u00e1s\u00e1nak es\u00e9lye p\u00e1r \u00e9vtized alatt, m\u00e1r a tapasztalat sem igaz\u00e1n sz\u00e1m\u00edt \u00e9s a n\u0151k &#8211; b\u00e1r j\u00f3val kevesebben vannak &#8211; nagyobb es\u00e9llyel \u00e9rik el a c\u00e9ljukat, mint a f\u00e9rfiak, mindek\u00f6zben v\u00e1ltozatlan maradt a hal\u00e1loz\u00e1si r\u00e1ta &#8211; der\u00edtett\u00e9k ki kutat\u00f3k a Himalayan Database exped\u00edci\u00f3s adatb\u00e1zis statisztik\u00e1it elemezve.<\/p>\n<h2>Nagyot ugrott a sikeress\u00e9gi r\u00e1ta<\/h2>\n<p>M\u00edg 1990 \u00e9s 2006 k\u00f6z\u00f6tt a tavaszi f\u0151szezonban a hegym\u00e1sz\u00f3k egyharmad\u00e1nak siker\u00fclt feljutnia m\u00e1r az els\u0151 k\u00eds\u00e9rletre a vil\u00e1g legmagasabb hegy\u00e9re, a <strong>2006 \u00e9s 2019 k\u00f6z\u00f6tti id\u0151szakban m\u00e1r az exped\u00edci\u00f3k k\u00e9tharmada feljutott<\/strong> a Nep\u00e1l \u00e9s <strong><a href=\"https:\/\/www.startlap.hu\/utazas\/kina-beutazasi-tilalom-magyarorszag-koronavirus-jarvany\/\" target=\"_blank\" rel=\"noopener noreferrer\">K\u00edna<\/a><\/strong> hat\u00e1r\u00e1n emelked\u0151, Csomolungma n\u00e9ven is ismert 8848 m\u00e9teres cs\u00facsra. A hegym\u00e1sz\u00e1s k\u00f6zben elhunytak sz\u00e1ma mindk\u00e9t peri\u00f3dusban 1 sz\u00e1zal\u00e9k k\u00f6r\u00fcl maradt.<\/p>\n<figure id=\"attachment_16142\" aria-describedby=\"caption-attachment-16142\" style=\"width: 755px\" class=\"wp-caption alignnone\"><img loading=\"lazy\" decoding=\"async\" class=\"size-article-size-large-image wp-image-16142\" src=\"https:\/\/www.startlap.hu\/utazas\/uploads\/sites\/3\/2020\/08\/mount_everest_nepal-755x518.jpg\" alt=\"\" width=\"755\" height=\"518\" srcset=\"https:\/\/www.startlap.hu\/utazas\/uploads\/sites\/3\/2020\/08\/mount_everest_nepal-755x518.jpg 755w, https:\/\/www.startlap.hu\/utazas\/uploads\/sites\/3\/2020\/08\/mount_everest_nepal-510x350.jpg 510w, https:\/\/www.startlap.hu\/utazas\/uploads\/sites\/3\/2020\/08\/mount_everest_nepal.jpg 800w\" sizes=\"auto, (max-width: 755px) 100vw, 755px\" \/><figcaption id=\"caption-attachment-16142\" class=\"wp-caption-text\">Nep\u00e1l, Sagamartha Nemzeti Park: k\u00f6t\u00e9lzettel ell\u00e1tott oxig\u00e9npalackos csapat (Fot\u00f3: Getty Images).<\/figcaption><\/figure>\n<p>A Washingtoni Egyetem kutat\u00f3i t\u00f6bb t\u00e9nyez\u0151vel magyar\u00e1zz\u00e1k az eredm\u00e9nyess\u00e9g javul\u00e1s\u00e1t, \u00edgy a megb\u00edzhat\u00f3bb id\u0151j\u00e1r\u00e1s-el\u0151rejelz\u00e9ssel &#8211; amelynek k\u00f6sz\u00f6nhet\u0151en az alpinist\u00e1k jobban ki tudj\u00e1k v\u00e1lasztani a m\u00e1sz\u00e1shoz megfelel\u0151 id\u0151t -, az oxig\u00e9npalack-haszn\u00e1lat terjed\u00e9s\u00e9vel, kapaszkod\u00f3k\u00f6telek kihelyez\u00e9s\u00e9vel a szok\u00e1sos \u00fatvonalak ment\u00e9n, a hegyivezet\u0151k nagyobb tapasztalat\u00e1val.<\/p>\n<h2>M\u00e9g egy 13 \u00e9ves fi\u00fanak, s\u0151t egy vak embernek is siker\u00fclt a cs\u00facsh\u00f3d\u00edt\u00e1s<\/h2>\n<p>A PLOS One tudom\u00e1nyos foly\u00f3iratban publik\u00e1lt tanulm\u00e1ny szerint viszont vesz\u00edtett jelent\u0151s\u00e9g\u00e9b\u0151l a hegym\u00e1sz\u00f3k tapasztalts\u00e1ga; a vil\u00e1g legmagasabb hegycs\u00facs\u00e1nak megh\u00f3d\u00edt\u00e1s\u00e1ra indul\u00f3k 2006 \u00e9s 2019 k\u00f6z\u00f6tt jellemz\u0151en kevesebb rutinnal rendelkeztek, mint a kor\u00e1bbi m\u00e1sf\u00e9l \u00e9vtized hegym\u00e1sz\u00f3i.<\/p>\n<p>Id\u0151k\u00f6zben megh\u00f3d\u00edtotta a Csomolungm\u00e1t egy 80 \u00e9ves f\u00e9rfi, egy 13 \u00e9ves fi\u00fa \u00e9s egy vak ember is.<\/p>\n<figure id=\"attachment_16143\" aria-describedby=\"caption-attachment-16143\" style=\"width: 755px\" class=\"wp-caption alignnone\"><img loading=\"lazy\" decoding=\"async\" class=\"size-article-size-large-image wp-image-16143\" src=\"https:\/\/www.startlap.hu\/utazas\/uploads\/sites\/3\/2020\/08\/mount_everest_hegymaszok2-755x495.jpg\" alt=\"\" width=\"755\" height=\"495\" srcset=\"https:\/\/www.startlap.hu\/utazas\/uploads\/sites\/3\/2020\/08\/mount_everest_hegymaszok2-755x495.jpg 755w, https:\/\/www.startlap.hu\/utazas\/uploads\/sites\/3\/2020\/08\/mount_everest_hegymaszok2-250x165.jpg 250w, https:\/\/www.startlap.hu\/utazas\/uploads\/sites\/3\/2020\/08\/mount_everest_hegymaszok2-534x350.jpg 534w, https:\/\/www.startlap.hu\/utazas\/uploads\/sites\/3\/2020\/08\/mount_everest_hegymaszok2.jpg 800w\" sizes=\"auto, (max-width: 755px) 100vw, 755px\" \/><figcaption id=\"caption-attachment-16143\" class=\"wp-caption-text\">Hegym\u00e1sz\u00f3k a Mount Everestn\u00e9l Nep\u00e1lban (Fot\u00f3: Getty Images).<\/figcaption><\/figure>\n<p>A kutat\u00f3k sz\u00e1m\u00edt\u00e1sai szerint m\u00e1r az \u00e9letkor sem j\u00e1tszik k\u00fcl\u00f6n\u00f6sebb szerepet az exped\u00edci\u00f3k siker\u00e9ben: ma m\u00e1r az id\u0151sebbeknek is nagyobbak az es\u00e9lyei, egy hatvan\u00e9ves alpinist\u00e1nak ma ugyanannyi &#8211; 40 sz\u00e1zal\u00e9k &#8211; az es\u00e9lye a sikeres cs\u00facst\u00e1mad\u00e1sra, mint egy 40 \u00e9vesnek a vizsg\u00e1lt kor\u00e1bbi peri\u00f3dusban.<\/p>\n<div class=\"o-widget m-readMoreWidget -readMore u-shortDecorLineAfter row widget-container _ce_measure_widget bigdata-widget read-more\" data-ce-measure-widget=\"olvass tov\u00e1bb\">\n\t<div class=\"m-readMoreWidget__imgWrapper image-wrapper col-12 col-md-4 no-p\">\n\t\t<a class=\"m-readMoreWidget__imgLink\" href=\"https:\/\/www.startlap.hu\/utazas\/jeg-es-tuz-videke-az-argentin-patagonia\/\" >\n\t\t\t<img decoding=\"async\" src=\"https:\/\/www.startlap.hu\/utazas\/uploads\/sites\/3\/2020\/02\/argentin-patag\u00f3nia-t\u0171zf\u00f6ld-cover-350x285.jpg\" class=\"m-readMoreWidget__img\">\n\t\t<\/a>\n\t<\/div>\n\t<div class=\"m-readMoreWidget__titleWrapper title-wrapper col-12 col-md-8\">\n\t\t<span class=\"m-readMoreWidget__titleLabel u-shortDecorLineBefore label hidden-sm-up\">Ez is \u00e9rdekelhet:<\/span>\n\t\t<h3 class=\"m-readMoreWidget__title title\">\n\t\t\t<a class=\"m-readMoreWidget__titleLink -secondFont u-bold u-upperCase\" href=\"https:\/\/www.startlap.hu\/utazas\/jeg-es-tuz-videke-az-argentin-patagonia\/\" >J\u00e9g \u00e9s t\u0171z vid\u00e9ke: az argentin Patag\u00f3nia<\/a>\n\t\t<\/h3>\n\t\t<a class=\"m-readMoreWidget__btn -coloredBack u-tC link\" href=\"https:\/\/www.startlap.hu\/utazas\/jeg-es-tuz-videke-az-argentin-patagonia\/\" >Elolvasom<\/a>\n\t<\/div>\n<\/div>\n<p>A <a href=\"https:\/\/www.startlap.hu\/utazas\/mount-everest-nepal-osz\/\" target=\"_blank\" rel=\"noopener noreferrer\"><strong>Mount Everestet<\/strong><\/a> t\u00falnyom\u00f3r\u00e9szt f\u00e9rfiak m\u00e1ssz\u00e1k meg, de n\u00f6vekszik a n\u0151k ar\u00e1nya is, amely az 1990 \u00e9s 2005 k\u00f6z\u00f6tti id\u0151szak 9 sz\u00e1zal\u00e9k\u00e1r\u00f3l 15 sz\u00e1zal\u00e9kra emelkedett 2006 \u00e9s 2019 k\u00f6z\u00f6tt, r\u00e1ad\u00e1sul a n\u0151k valamivel sikeresebbek a cs\u00facst\u00e1mad\u00e1sban, mint a f\u00e9rfiak: 2006 \u00e9s 2019 k\u00f6z\u00f6tt 68 sz\u00e1zal\u00e9kuk jutott fel &#8222;a vil\u00e1g tetej\u00e9re&#8221;, szemben a f\u00e9rfiak 64 sz\u00e1zal\u00e9k\u00e1val.<\/p>\n<p><span style=\"font-size: 12px\">(MTI)<\/span><\/p>\n","protected":false},"excerpt":{"rendered":"<p>A vil\u00e1g egyik legnehezebben megk\u00f6zel\u00edthet\u0151 hegy\u00e9t sokan ostromolj\u00e1k szinte eg\u00e9sz \u00e9vben, de a most elk\u00e9sz\u00fclt elemz\u00e9s alapj\u00e1n kijelenthet\u0151, hogy egyre sikeresebbek a hegym\u00e1sz\u00f3k ezen a zord ter\u00fcleten. <\/p>\n","protected":false},"author":36,"featured_media":16141,"comment_status":"open","ping_status":"open","sticky":false,"template":"","format":"standard","meta":{"footnotes":""},"categories":[70],"tags":[1170,383,1641,719],"class_list":["post-16140","post","type-post","status-publish","format-standard","has-post-thumbnail","hentry","category-vilag","tag-hegymaszas","tag-kina","tag-mount-everest","tag-nepal"],"aioseo_notices":[],"_links":{"self":[{"href":"https:\/\/www.startlap.hu\/utazas\/wp-json\/wp\/v2\/posts\/16140","targetHints":{"allow":["GET"]}}],"collection":[{"href":"https:\/\/www.startlap.hu\/utazas\/wp-json\/wp\/v2\/posts"}],"about":[{"href":"https:\/\/www.startlap.hu\/utazas\/wp-json\/wp\/v2\/types\/post"}],"author":[{"embeddable":true,"href":"https:\/\/www.startlap.hu\/utazas\/wp-json\/wp\/v2\/users\/36"}],"replies":[{"embeddable":true,"href":"https:\/\/www.startlap.hu\/utazas\/wp-json\/wp\/v2\/comments?post=16140"}],"version-history":[{"count":3,"href":"https:\/\/www.startlap.hu\/utazas\/wp-json\/wp\/v2\/posts\/16140\/revisions"}],"predecessor-version":[{"id":16153,"href":"https:\/\/www.startlap.hu\/utazas\/wp-json\/wp\/v2\/posts\/16140\/revisions\/16153"}],"wp:featuredmedia":[{"embeddable":true,"href":"https:\/\/www.startlap.hu\/utazas\/wp-json\/wp\/v2\/media\/16141"}],"wp:attachment":[{"href":"https:\/\/www.startlap.hu\/utazas\/wp-json\/wp\/v2\/media?parent=16140"}],"wp:term":[{"taxonomy":"category","embeddable":true,"href":"https:\/\/www.startlap.hu\/utazas\/wp-json\/wp\/v2\/categories?post=16140"},{"taxonomy":"post_tag","embeddable":true,"href":"https:\/\/www.startlap.hu\/utazas\/wp-json\/wp\/v2\/tags?post=16140"}],"curies":[{"name":"wp","href":"https:\/\/api.w.org\/{rel}","templated":true}]}}