{"id":16108,"date":"2020-08-31T15:03:34","date_gmt":"2020-08-31T13:03:34","guid":{"rendered":"https:\/\/www.startlap.hu\/utazas\/?p=16108"},"modified":"2020-08-31T16:47:40","modified_gmt":"2020-08-31T14:47:40","slug":"pozsony-az-egykori-koronazovaros","status":"publish","type":"post","link":"https:\/\/www.startlap.hu\/utazas\/pozsony-az-egykori-koronazovaros\/","title":{"rendered":"Pozsony, az egykori koron\u00e1z\u00f3v\u00e1ros"},"content":{"rendered":"<p>Zs\u00fafolt egy foly\u00f3 a Duna, ezt bizony\u00edtja, hogy n\u00e9gy f\u0151v\u00e1ros is van a partj\u00e1n, ezek k\u00f6z\u00fcl r\u00e1ad\u00e1sul kett\u0151 Eur\u00f3pa egym\u00e1shoz k\u00e9t legk\u00f6zelebbi f\u0151v\u00e1rosa, m\u00e1r ha nem sz\u00e1m\u00edtjuk a Vatik\u00e1nv\u00e1ros-R\u00f3ma t\u00e1vols\u00e1got, de az am\u00fagy is csal\u00e1s, hiszen egy f\u0151v\u00e1roson bel\u00fcl csin\u00e1ltak m\u00e9g egyet. No, de ez a k\u00e9t legk\u00f6zelebbi f\u0151v\u00e1ros nem m\u00e1s, mint <a href=\"https:\/\/www.startlap.hu\/utazas\/gyorskatamaran-kotheti-ossze-budapestet-beccsel\/\" target=\"_blank\" rel=\"noopener noreferrer\">B\u00e9cs<\/a> \u00e9s Pozsony, most pedig az ut\u00f3bbir\u00f3l lesz sz\u00f3.<\/p>\n<h2>A m\u00falt<\/h2>\n<p>Pozsony t\u00f6bb szempontb\u00f3l is meghat\u00e1roz\u00f3 szerepet j\u00e1tszott a magyar t\u00f6rt\u00e9nelemben, fontos csat\u00e1k d\u0151ltek itt el, h\u00e1bor\u00fakat lez\u00e1r\u00f3 b\u00e9k\u00e9ket k\u00f6t\u00f6ttek meg, kir\u00e1lyok laktak benne, a k\u00f6z\u00e9pkort\u00f3l kezdve pedig olyan fejl\u0151d\u00e9snek indult, hogy egy id\u0151ben az is felmer\u00fclt, hogy esetleg Pozsonynak kellene az orsz\u00e1g f\u0151v\u00e1ros\u00e1nak lenni. Egy\u00e9bk\u00e9nt a 16. sz\u00e1zadt\u00f3l 1848-ig, ha eredetileg k\u00e9nyszer\u0171s\u00e9gb\u0151l is, de k\u00e9nytelen volt magyar f\u0151v\u00e1rosk\u00e9nt is funkcion\u00e1lni.<\/p>\n<figure id=\"attachment_16112\" aria-describedby=\"caption-attachment-16112\" style=\"width: 755px\" class=\"wp-caption alignnone\"><img loading=\"lazy\" decoding=\"async\" class=\"size-article-size-large-image wp-image-16112\" src=\"https:\/\/www.startlap.hu\/utazas\/uploads\/sites\/3\/2020\/08\/pozsony-1588-755x472.jpg\" alt=\"Pozsony l\u00e1tk\u00e9pe 1588-b\u00f3l.\" width=\"755\" height=\"472\" srcset=\"https:\/\/www.startlap.hu\/utazas\/uploads\/sites\/3\/2020\/08\/pozsony-1588-755x472.jpg 755w, https:\/\/www.startlap.hu\/utazas\/uploads\/sites\/3\/2020\/08\/pozsony-1588-560x350.jpg 560w, https:\/\/www.startlap.hu\/utazas\/uploads\/sites\/3\/2020\/08\/pozsony-1588.jpg 1024w\" sizes=\"auto, (max-width: 755px) 100vw, 755px\" \/><figcaption id=\"caption-attachment-16112\" class=\"wp-caption-text\">Pozsony 1588-ban. (Forr\u00e1s: Fine Art Images\/Heritage Images\/Getty Images)<\/figcaption><\/figure>\n<p>Azt ugye mindenki megtanulja k\u00f6z\u00e9piskol\u00e1ban, hogy h\u00e1rom felt\u00e9tel kellett ahhoz, hogy valakib\u0151l magyar kir\u00e1ly legyen: Sz\u00e9kesfeh\u00e9rv\u00e1ron, a Szent Koron\u00e1val koron\u00e1zza meg az esztergomi \u00e9rsek. Ha voltak is olyan epiz\u00f3djai a t\u00f6rt\u00e9nelemnek, amikor ezt a h\u00e1rmat \u00f6sszeegyeztetni minimum probl\u00e9m\u00e1s volt (cs\u00f3ri I. K\u00e1rolyt ez\u00e9rt kellett h\u00e1romszor is megkoron\u00e1zni), de a 16. sz\u00e1zad k\u00f6zep\u00e9t\u0151l egyenesen lehetetlenn\u00e9 v\u00e1lt.<\/p>\n<blockquote class=\"article__extraTxt\"><p>Mert ugyan a korona megvolt \u00e9s akadt hozz\u00e1 esztergomi \u00e9rsek is, \u00e1m a sz\u00e9kesfeh\u00e9rv\u00e1ri b\u00e9gek nem t\u0171ntek t\u00fal meg\u00e9rt\u0151nek a helyzettel kapcsolatosan, \u00edgy egy id\u0151re Sz\u00e9kesfeh\u00e9rv\u00e1rt, mint koron\u00e1z\u00f3v\u00e1rost el kellett engedni.<\/p><\/blockquote>\n<p>\u00cdgy ker\u00fclt a k\u00e9pbe Pozsony, ami kell\u0151k\u00e9ppen messze volt ahhoz, hogy a t\u00f6r\u00f6k\u00f6k h\u00e1borgass\u00e1k \u00e9s kin\u00e9zetre is \u00fagy festett, amiben nem derog\u00e1lt koron\u00e1z\u00e1si cerem\u00f3ni\u00e1kat tartani. Ennek k\u00f6vetkezt\u00e9ben 200 \u00e9vig itt koron\u00e1zt\u00e1k a magyar kir\u00e1lyokat, itt \u00fcl\u00e9sezett a di\u00e9ta, vagyis az orsz\u00e1ggy\u0171l\u00e9s, pezsg\u0151 kultur\u00e1lis \u00e9lete volt, itt jelent meg az els\u0151 magyar nyelv\u0171 \u00fajs\u00e1g \u00e9s ez volt az els\u0151 magyar v\u00e1ros, amit vas\u00faton k\u00f6t\u00f6ttek \u00f6ssze a birodalom f\u0151v\u00e1ros\u00e1val, azaz B\u00e9ccsel.<\/p>\n<figure id=\"attachment_16115\" aria-describedby=\"caption-attachment-16115\" style=\"width: 755px\" class=\"wp-caption alignnone\"><img loading=\"lazy\" decoding=\"async\" class=\"size-article-size-large-image wp-image-16115\" src=\"https:\/\/www.startlap.hu\/utazas\/uploads\/sites\/3\/2020\/08\/II-Lipot-koronazas-Pozsony-755x650.jpg\" alt=\"II. Lip\u00f3t magyar kir\u00e1ly koron\u00e1z\u00e1sa Pozsonyban.\" width=\"755\" height=\"650\" srcset=\"https:\/\/www.startlap.hu\/utazas\/uploads\/sites\/3\/2020\/08\/II-Lipot-koronazas-Pozsony-755x650.jpg 755w, https:\/\/www.startlap.hu\/utazas\/uploads\/sites\/3\/2020\/08\/II-Lipot-koronazas-Pozsony-406x350.jpg 406w, https:\/\/www.startlap.hu\/utazas\/uploads\/sites\/3\/2020\/08\/II-Lipot-koronazas-Pozsony.jpg 1024w\" sizes=\"auto, (max-width: 755px) 100vw, 755px\" \/><figcaption id=\"caption-attachment-16115\" class=\"wp-caption-text\">II. Lip\u00f3t magyar kir\u00e1ly koron\u00e1z\u00e1sa Pozsonyban, 1790-ben. (Forr\u00e1s: Heritage Images\/Getty Images)<\/figcaption><\/figure>\n<p>Azt\u00e1n j\u00f6tt 1848 \u00e9s minden megv\u00e1ltozott, az id\u0151 k\u00f6zbeni h\u00e1tr\u00e1ny\u00e1t sz\u00e9pen ledolgoz\u00f3 Pest-Buda f\u00f6ldrajzi helyzete alapj\u00e1n is jobb v\u00e1laszt\u00e1s volt f\u0151v\u00e1rosnak \u00e9s innent\u0151l kezdve Pozsony a m\u00e1sodheged\u0171si szerepk\u00f6rbe ker\u00fclt egy r\u00f6vid szlov\u00e1k fasiszta b\u00e1b\u00e1llam \u00e1ltal megszak\u00edtott p\u00e1r \u00e9ves intermezz\u00f3t lesz\u00e1m\u00edtva kis h\u00edj\u00e1n 150 \u00e9vig, azt\u00e1n 1994-ben a f\u00fcggetlen Szlov\u00e1kia megalakul\u00e1sakor v\u00e1lt ism\u00e9t f\u0151v\u00e1ross\u00e1, m\u00e1r Bratislava n\u00e9ven. <strong>L\u00e1ssuk is, mit \u00e9rdemes megn\u00e9zni, ha arra j\u00e1runk.<\/strong><\/p>\n<h2>A belv\u00e1ros<\/h2>\n<p>Pozsony l\u00e1tk\u00e9pe meglehet\u0151sen ambivalens, ebben osztozik a r\u00e9gi\u00f3 valamennyi (cseh, szlov\u00e1k, magyar, rom\u00e1n, ukr\u00e1n, szerb, horv\u00e1t \u00e9s lengyel) r\u00e9gi birodalmi v\u00e1ros\u00e1val, ahova el\u00e9rt az \u00e1llamszocializmus mancsa. Van egy gy\u00f6ny\u00f6r\u0171 t\u00f6rt\u00e9nelmi belv\u00e1rosa, amit k\u00f6rbe vesz egy randa panelh\u00e1zakb\u00f3l font gy\u0171r\u0171 \u00e9s ha nem \u00e9g\u00fcnk a szocialista realizmus ir\u00e1nti olthatatlan rajong\u00e1st\u00f3l, akkor ezekbe a k\u00fclv\u00e1rosi r\u00e9szekbe nem is nagyon kell kimenni. A belv\u00e1ros, illetve Pozsony k\u00f6zvetlen k\u00f6rny\u00e9ke mindenk\u00e9ppen meg\u00e9r egy l\u00e1togat\u00e1st.<\/p>\n<figure id=\"attachment_16116\" aria-describedby=\"caption-attachment-16116\" style=\"width: 755px\" class=\"wp-caption alignnone\"><img loading=\"lazy\" decoding=\"async\" class=\"size-article-size-large-image wp-image-16116\" src=\"https:\/\/www.startlap.hu\/utazas\/uploads\/sites\/3\/2020\/08\/Pozsony-Duna-utazas-755x503.jpg\" alt=\"Pozsony \u00e9s a Duna naplementekor.\" width=\"755\" height=\"503\" srcset=\"https:\/\/www.startlap.hu\/utazas\/uploads\/sites\/3\/2020\/08\/Pozsony-Duna-utazas-755x503.jpg 755w, https:\/\/www.startlap.hu\/utazas\/uploads\/sites\/3\/2020\/08\/Pozsony-Duna-utazas-525x350.jpg 525w, https:\/\/www.startlap.hu\/utazas\/uploads\/sites\/3\/2020\/08\/Pozsony-Duna-utazas.jpg 1200w\" sizes=\"auto, (max-width: 755px) 100vw, 755px\" \/><figcaption id=\"caption-attachment-16116\" class=\"wp-caption-text\">Pozsony a Duna partj\u00e1n (Forr\u00e1s: Getty Images)<\/figcaption><\/figure>\n<p>\u00c9rdemes m\u00e1r legott felkeresni a pozsonyi v\u00e1rat, amit a pusztul\u00e1s\u00e1t okoz\u00f3 1811-es t\u0171zv\u00e9sz ut\u00e1n, az 50-es \u00e9vekben kezdtek el helyre\u00e1ll\u00edtani \u00e9s 1968-ra k\u00e9sz\u00fcltek el vele. A kil\u00e1t\u00e1s nem csak a dunai panor\u00e1ma miatt k\u00fcl\u00f6nleges, hanem az\u00e9rt is, mert innen Ausztri\u00e1ba \u00e9s Magyarorsz\u00e1gra is \u00e1tn\u00e9zhet\u00fcnk.<\/p>\n<blockquote class=\"article__extraTxt\"><p>A v\u00e1rban tal\u00e1ljuk tov\u00e1bb\u00e1 m\u00e9g a Szlov\u00e1k Nemzeti M\u00fazeumot is, amit akkor is \u00e9rdemes megn\u00e9zni, ha a ki\u00e1ll\u00edt\u00f3k n\u00e9h\u00e1ny \u00e9rt\u00e9kel\u00e9s\u00e9vel, esetleg t\u00e9nyk\u00e9nt be\u00e1ll\u00edtott kinyilatkoztat\u00e1s\u00e1val nem is \u00e9rthet\u00fcnk egyet, de err\u0151l a ki\u00e1ll\u00edtott, a m\u00faltat id\u00e9z\u0151 t\u00e1rgyak nem tehetnek, \u0151k csak \u00fagy magukban sz\u00e9pek.<\/p><\/blockquote>\n<p>Mindenk\u00e9pp keress\u00fck fel az Egyetemi K\u00f6nyvt\u00e1r \u00e9p\u00fclet\u00e9t, ugyanis annak idej\u00e9n ebben tartott\u00e1k a reformkori orsz\u00e1ggy\u0171l\u00e9seket.<\/p>\n<figure id=\"attachment_16120\" aria-describedby=\"caption-attachment-16120\" style=\"width: 755px\" class=\"wp-caption alignnone\"><img loading=\"lazy\" decoding=\"async\" class=\"size-article-size-large-image wp-image-16120\" src=\"https:\/\/www.startlap.hu\/utazas\/uploads\/sites\/3\/2020\/08\/francia-katona-szobor-pozsony-755x502.jpg\" alt=\"A francia katona szobra Pozsonyban.\" width=\"755\" height=\"502\" srcset=\"https:\/\/www.startlap.hu\/utazas\/uploads\/sites\/3\/2020\/08\/francia-katona-szobor-pozsony-755x502.jpg 755w, https:\/\/www.startlap.hu\/utazas\/uploads\/sites\/3\/2020\/08\/francia-katona-szobor-pozsony-250x165.jpg 250w, https:\/\/www.startlap.hu\/utazas\/uploads\/sites\/3\/2020\/08\/francia-katona-szobor-pozsony-526x350.jpg 526w, https:\/\/www.startlap.hu\/utazas\/uploads\/sites\/3\/2020\/08\/francia-katona-szobor-pozsony.jpg 1024w\" sizes=\"auto, (max-width: 755px) 100vw, 755px\" \/><figcaption id=\"caption-attachment-16120\" class=\"wp-caption-text\">A francia katona szobra Pozsonyban (Forr\u00e1s allOver\/ullstein bild via Getty Images)<\/figcaption><\/figure>\n<p>S\u00e9t\u00e1ljunk egy nagyot az ismeretlen\u00fcl is ismer\u0151s 18.-19. sz\u00e1zadi \u00e9p\u00fcletekkel tark\u00edtott \u00f3v\u00e1rosban \u00e9s k\u00f6zben figyelj\u00fcnk a k\u00f6rny\u00e9ken fel-felt\u0171n\u0151 olykor humoros, m\u00e1skor tragikus t\u00f6rt\u00e9netekkel b\u00edr\u00f3 bronzszobrokra, mint a csatorn\u00e1b\u00f3l kik\u00edv\u00e1ncsiskod\u00f3 \u010cumil, a szerelmi b\u00e1nat\u00e1ba belet\u00e9bolyodott Sch\u00f6ne N\u00e1ci, vagy a j\u00e1r\u00f3kel\u0151ket \u00e1lland\u00f3 gunyoros mosoly\u00e1val figyel\u0151 francia katona, aki Pozsony 1809-es francia ostrom\u00e1nak a mement\u00f3ja.<\/p>\n<h2>A k\u00f6rny\u00e9k<\/h2>\n<p>Ha m\u00e1r sz\u00f3ba ker\u00fcltek a franci\u00e1k, akkor l\u00e1togassuk meg a v\u00e1rost\u00f3l alig 10 kilom\u00e9terre tal\u00e1lhat\u00f3 D\u00e9v\u00e9ny v\u00e1r\u00e1nak a romjait is. Ez a fest\u0151i helyen \u00e1ll\u00f3 er\u0151ss\u00e9g egy id\u0151ben igen komoly strat\u00e9giai fontoss\u00e1ggal b\u00edrt, mivel alatta folyik egybe a Duna \u00e9s a Morva, \u00edgy a k\u00f6rny\u00e9kbeli kereskedelem ellen\u0151rz\u00e9s\u00e9ben n\u00e9lk\u00fcl\u00f6zhetetlen volt. A v\u00e1r v\u00e9groml\u00e1sa Pozsony 1809-es ostrom\u00e1hoz kapcsol\u00f3dik, amikor a franci\u00e1k az akkor m\u00e1r leromlott \u00e1llapotban l\u00e9v\u0151 er\u0151d\u00f6t felrobbantott\u00e1k.<\/p>\n<figure id=\"attachment_16121\" aria-describedby=\"caption-attachment-16121\" style=\"width: 755px\" class=\"wp-caption alignnone\"><img loading=\"lazy\" decoding=\"async\" class=\"size-article-size-large-image wp-image-16121\" src=\"https:\/\/www.startlap.hu\/utazas\/uploads\/sites\/3\/2020\/08\/deveny-var-pozsony-utazas-755x503.jpg\" alt=\"D\u00e9v\u00e9ny v\u00e1ra Pozsony mellett.\" width=\"755\" height=\"503\" srcset=\"https:\/\/www.startlap.hu\/utazas\/uploads\/sites\/3\/2020\/08\/deveny-var-pozsony-utazas-755x503.jpg 755w, https:\/\/www.startlap.hu\/utazas\/uploads\/sites\/3\/2020\/08\/deveny-var-pozsony-utazas-525x350.jpg 525w, https:\/\/www.startlap.hu\/utazas\/uploads\/sites\/3\/2020\/08\/deveny-var-pozsony-utazas.jpg 1200w\" sizes=\"auto, (max-width: 755px) 100vw, 755px\" \/><figcaption id=\"caption-attachment-16121\" class=\"wp-caption-text\">D\u00e9v\u00e9ny v\u00e1ra (Forr\u00e1s: Getty Images)<\/figcaption><\/figure>\n<p>Nem kell 20 kilom\u00e9terre se elhagynunk d\u00e9l-keletnek a v\u00e1rost, hogy szembe j\u00f6jj\u00f6n a r\u00e9gi\u00f3 egyik, ha nem legegzotikusabb kort\u00e1rs m\u0171v\u00e9szeti m\u00fazeuma, a Danubiana Meulensteen M\u0171v\u00e9szeti M\u00fazeum, ami a foly\u00f3ba ny\u00fal\u00f3 keskeny f\u00f6ldnyal\u00e1b sz\u00e9l\u00e9n \u00e1ll \u00e9s \u00edgy a ki\u00e1ll\u00edt\u00e1si darabok n\u00e9lk\u00fcl is komoly panor\u00e1m\u00e1s \u00e9lm\u00e9nyt ny\u00fajt.<\/p>\n<div class=\"o-widget m-readMoreWidget -readMore u-shortDecorLineAfter row widget-container _ce_measure_widget bigdata-widget read-more\" data-ce-measure-widget=\"olvass tov\u00e1bb\">\n\t<div class=\"m-readMoreWidget__imgWrapper image-wrapper col-12 col-md-4 no-p\">\n\t\t<a class=\"m-readMoreWidget__imgLink\" href=\"https:\/\/www.startlap.hu\/utazas\/egy-kulonleges-uti-cel-ha-szeptemberben-tervezel-nyaralast\/\" >\n\t\t\t<img decoding=\"async\" src=\"https:\/\/www.startlap.hu\/utazas\/uploads\/sites\/3\/2019\/08\/gruzia-350x285.jpg\" class=\"m-readMoreWidget__img\">\n\t\t<\/a>\n\t<\/div>\n\t<div class=\"m-readMoreWidget__titleWrapper title-wrapper col-12 col-md-8\">\n\t\t<span class=\"m-readMoreWidget__titleLabel u-shortDecorLineBefore label hidden-sm-up\">Ez is \u00e9rdekelhet:<\/span>\n\t\t<h3 class=\"m-readMoreWidget__title title\">\n\t\t\t<a class=\"m-readMoreWidget__titleLink -secondFont u-bold u-upperCase\" href=\"https:\/\/www.startlap.hu\/utazas\/egy-kulonleges-uti-cel-ha-szeptemberben-tervezel-nyaralast\/\" >Egy k\u00fcl\u00f6nleges \u00fati c\u00e9l, ha szeptemberben tervezel nyaral\u00e1st<\/a>\n\t\t<\/h3>\n\t\t<a class=\"m-readMoreWidget__btn -coloredBack u-tC link\" href=\"https:\/\/www.startlap.hu\/utazas\/egy-kulonleges-uti-cel-ha-szeptemberben-tervezel-nyaralast\/\" >Elolvasom<\/a>\n\t<\/div>\n<\/div>\n<h2>Az \u00e9tel<\/h2>\n<p>Biztos nagyon meg\u00e9hez\u00fcnk, ha ezt mind bej\u00e1rjuk, \u00fagyhogy n\u00e9zz\u00fck, mit \u00e9rdemes enni Pozsonyban, illetve a k\u00f6rny\u00e9k\u00e9n, ha helyi k\u00fcl\u00f6nlegess\u00e9gekre v\u00e1gyunk. El\u0151re le kell sz\u00f6gezni, hogy a tradicion\u00e1lis szlov\u00e1k konyha, hasonl\u00f3an a magyarhoz, nem b\u00e1nik t\u00fal sz\u00e9pen a glut\u00e9n\u00e9rz\u00e9kenyekkel \u00e9s n\u00e1luk csak a lakt\u00f3z\u00e9rz\u00e9kenyeket ut\u00e1lja jobban.<\/p>\n<blockquote class=\"article__extraTxt\"><p>Am\u00fagy pr\u00edma juht\u00far\u00f3s-szalonn\u00e1s krumplinokedlit adnak, amit mi valami\u00e9rt sztrapacsk\u00e1nak h\u00edvunk, mik\u00f6zben ez a szlov\u00e1kok szerint a halusky \u00e9s amit \u0151k sztrapacsk\u00e1nak h\u00edvnak, az a krumplinokedli + savany\u00fa k\u00e1poszta + pir\u00edtott szalonna komb\u00f3.<\/p><\/blockquote>\n<p>Ezt \u00e9rdemes \u00e9szben tartanunk, k\u00fcl\u00f6nben csal\u00f3dni fogunk, amikor sztrapacsk\u00e1t rendel\u00fcnk.<\/p>\n<figure id=\"attachment_16122\" aria-describedby=\"caption-attachment-16122\" style=\"width: 755px\" class=\"wp-caption alignnone\"><img loading=\"lazy\" decoding=\"async\" class=\"size-article-size-large-image wp-image-16122\" src=\"https:\/\/www.startlap.hu\/utazas\/uploads\/sites\/3\/2020\/08\/halusky-pozsony-utazas-755x503.jpg\" alt=\"Juht\u00far\u00f3s, szalonn\u00e1s krumplinokedli.\" width=\"755\" height=\"503\" srcset=\"https:\/\/www.startlap.hu\/utazas\/uploads\/sites\/3\/2020\/08\/halusky-pozsony-utazas-755x503.jpg 755w, https:\/\/www.startlap.hu\/utazas\/uploads\/sites\/3\/2020\/08\/halusky-pozsony-utazas-525x350.jpg 525w, https:\/\/www.startlap.hu\/utazas\/uploads\/sites\/3\/2020\/08\/halusky-pozsony-utazas.jpg 1200w\" sizes=\"auto, (max-width: 755px) 100vw, 755px\" \/><figcaption id=\"caption-attachment-16122\" class=\"wp-caption-text\">Halusky (Forr\u00e1s: Getty Images)<\/figcaption><\/figure>\n<p>El\u0151\u00e9telk\u00e9nt \u00e9rdemes kipr\u00f3b\u00e1lni az egykori birodalmi \u00e9let\u00e9rz\u00e9s miatt m\u00e1ig Liptauernek h\u00edvott eredeti lipt\u00f3i k\u00f6r\u00f6z\u00f6ttet. Ha pedig valami fajs\u00falyosabb kaj\u00e1ra p\u00e1ly\u00e1zn\u00e1nk, akkor a random s\u00fclt h\u00fas, valami sz\u00f3sz plusz kn\u00e9dli vonal \u00e1ltal\u00e1ban j\u00f3l szokott arrafel\u00e9 els\u00fclni. Amennyiben a h\u00fasokat hanyagoln\u00e1nk, akkor meg menj\u00fcnk r\u00e1 a krumplil\u00e1ngos, krumplipalacsinta vonalra, ezeket fokhagym\u00e1san vagy juht\u00far\u00f3san adj\u00e1k, esetleg k\u00f6retk\u00e9nt valami sz\u00f3szos h\u00fashoz. Ami viszont k\u00f6telez\u0151, hogy mindezt illik j\u00f3f\u00e9le szlov\u00e1k, illetve cseh s\u00f6rrel b\u0151s\u00e9gesen meg\u00f6nt\u00f6zni, csak arra figyelj\u00fcnk, hogy ne igyuk magunkat irredent\u00e1ra, mert udvariatlans\u00e1g.<\/p>\n","protected":false},"excerpt":{"rendered":"<p>A v\u00e1ros sz\u00e9p, az eml\u00edt\u00e9sre m\u00e9lt\u00f3 r\u00e9szei egy d\u00e9lut\u00e1n alatt bej\u00e1rhat\u00f3k, illetve az ev\u00e9s-iv\u00e1s is megoldhat\u00f3 az \u00e1rak megfizethet\u0151 dimenzi\u00f3j\u00e1n bel\u00fcl.<\/p>\n","protected":false},"author":38,"featured_media":16116,"comment_status":"open","ping_status":"open","sticky":false,"template":"","format":"standard","meta":{"footnotes":""},"categories":[70],"tags":[20,41,138,242,1637,45],"class_list":["post-16108","post","type-post","status-publish","format-standard","has-post-thumbnail","hentry","category-vilag","tag-duna","tag-gasztro","tag-kultura","tag-pozsony","tag-szlovakia","tag-utazas"],"aioseo_notices":[],"_links":{"self":[{"href":"https:\/\/www.startlap.hu\/utazas\/wp-json\/wp\/v2\/posts\/16108","targetHints":{"allow":["GET"]}}],"collection":[{"href":"https:\/\/www.startlap.hu\/utazas\/wp-json\/wp\/v2\/posts"}],"about":[{"href":"https:\/\/www.startlap.hu\/utazas\/wp-json\/wp\/v2\/types\/post"}],"author":[{"embeddable":true,"href":"https:\/\/www.startlap.hu\/utazas\/wp-json\/wp\/v2\/users\/38"}],"replies":[{"embeddable":true,"href":"https:\/\/www.startlap.hu\/utazas\/wp-json\/wp\/v2\/comments?post=16108"}],"version-history":[{"count":3,"href":"https:\/\/www.startlap.hu\/utazas\/wp-json\/wp\/v2\/posts\/16108\/revisions"}],"predecessor-version":[{"id":16233,"href":"https:\/\/www.startlap.hu\/utazas\/wp-json\/wp\/v2\/posts\/16108\/revisions\/16233"}],"wp:featuredmedia":[{"embeddable":true,"href":"https:\/\/www.startlap.hu\/utazas\/wp-json\/wp\/v2\/media\/16116"}],"wp:attachment":[{"href":"https:\/\/www.startlap.hu\/utazas\/wp-json\/wp\/v2\/media?parent=16108"}],"wp:term":[{"taxonomy":"category","embeddable":true,"href":"https:\/\/www.startlap.hu\/utazas\/wp-json\/wp\/v2\/categories?post=16108"},{"taxonomy":"post_tag","embeddable":true,"href":"https:\/\/www.startlap.hu\/utazas\/wp-json\/wp\/v2\/tags?post=16108"}],"curies":[{"name":"wp","href":"https:\/\/api.w.org\/{rel}","templated":true}]}}