{"id":15910,"date":"2020-08-21T15:56:36","date_gmt":"2020-08-21T13:56:36","guid":{"rendered":"https:\/\/www.startlap.hu\/utazas\/?p=15910"},"modified":"2020-08-21T19:08:34","modified_gmt":"2020-08-21T17:08:34","slug":"koronavirus_szajmaszk_kozlekedes","status":"publish","type":"post","link":"https:\/\/www.startlap.hu\/utazas\/koronavirus_szajmaszk_kozlekedes\/","title":{"rendered":"Rend\u0151r\u00f6k ellen\u0151rzik majd a sz\u00e1jmaszk visel\u00e9s\u00e9t a buszp\u00e1lyaudvarokon"},"content":{"rendered":"<p>A k\u00f6zlem\u00e9nyben eml\u00e9keztettek: a koronav\u00edrus-j\u00e1rv\u00e1ny terjed\u00e9s\u00e9nek megel\u0151z\u00e9s\u00e9\u00e9rt a k\u00f6z\u00f6ss\u00e9gi k\u00f6zleked\u00e9si eszk\u00f6z\u00f6k\u00f6n k\u00f6telez\u0151 a sz\u00e1j \u00e9s az orr eltakar\u00e1sa. Err\u0151l a t\u00e1rsas\u00e1g a honlapj\u00e1n, a k\u00f6z\u00f6ss\u00e9gi m\u00e9di\u00e1ban, valamint az \u00e1llom\u00e1sokon \u00e9s a buszokon is t\u00e1j\u00e9koztatja az utaz\u00f3kat.<\/p>\n<h2>Folyamatosan fert\u0151tlen\u00edtenek<\/h2>\n<p>A Vol\u00e1nbusz a j\u00e1rv\u00e1ny\u00fcgyi k\u00e9sz\u00fclts\u00e9g ideje alatt is folyamatosan fert\u0151tlen\u00edti aut\u00f3buszait, l\u00e9tes\u00edtm\u00e9nyeit, valamint ell\u00e1tja munkat\u00e1rsait a sz\u00fcks\u00e9ges v\u00e9d\u0151- \u00e9s fert\u0151tlen\u00edt\u0151eszk\u00f6z\u00f6kkel. A vesz\u00e9lyhelyzet kihirdet\u00e9se \u00f3ta eltelt id\u0151szakban csaknem 125 ezer liter fel\u00fcletfert\u0151tlen\u00edt\u0151 szert, 60 ezer t\u00f6rl\u0151kend\u0151t, 320 ezer keszty\u0171t, 14 500 v\u00e9d\u0151szem\u00fcveget \u00e9s t\u00f6bb mint 1600 overallt biztos\u00edtott munkat\u00e1rsai sz\u00e1m\u00e1ra a fert\u0151tlen\u00edt\u00e9si feladatok elv\u00e9gz\u00e9s\u00e9hez.<\/p>\n<blockquote class=\"article__extraTxt\"><p>K\u00e9zfert\u0151tlen\u00edt\u0151b\u0151l, fert\u0151tlen\u00edt\u0151 hat\u00e1s\u00fa foly\u00e9kony szappanb\u00f3l k\u00fcl\u00f6nb\u00f6z\u0151 kiszerel\u00e9sekben t\u00f6bb mint 37 ezer litert helyezett ki munkav\u00e1llal\u00f3inak a t\u00e1rsas\u00e1g, a sz\u00e1jmaszkokb\u00f3l pedig eddig t\u00f6bb mint 293 ezret osztott ki<\/p><\/blockquote>\n<p>&#8211; \u00edrt\u00e1k.<\/p>\n<p>A Vol\u00e1nbusz emellett 700 \u00e9rint\u00e9smentes k\u00e9zfert\u0151tlen\u00edt\u0151-adagol\u00f3t telep\u00edtett \u00e1llom\u00e1saira orsz\u00e1gszerte az utasok \u00e9s a munkat\u00e1rsak higi\u00e9n\u00e9s biztons\u00e1g\u00e1\u00e9rt, \u00e9s az aut\u00f3busz-\u00e1llom\u00e1sok \u00e9s a j\u00e1rm\u0171vek fokozott takar\u00edt\u00e1sa mellett \u00f3zonos fert\u0151tlen\u00edt\u00e9ssel b\u0151v\u00edtette eszk\u00f6zt\u00e1r\u00e1t a fert\u0151z\u00e9s terjed\u00e9se elleni v\u00e9dekez\u00e9sben.<\/p>\n<p>A j\u00faniusban beszerzett 58 \u00f3zongener\u00e1tor az orsz\u00e1g csaknem teljes ter\u00fclet\u00e9n gondoskodik a Vol\u00e1nbusz mintegy 6500 j\u00e1rm\u0171ve rendszeres fert\u0151tlen\u00edt\u00e9s\u00e9r\u0151l. Az \u00faj k\u00e9sz\u00fcl\u00e9kekkel naponta csaknem 350 aut\u00f3buszt kezelnek, 20 nap alatt a teljes j\u00e1rm\u0171\u00e1llom\u00e1ny sorra ker\u00fcl &#8211; tett\u00e9k hozz\u00e1.<\/p>\n<figure id=\"attachment_15911\" aria-describedby=\"caption-attachment-15911\" style=\"width: 755px\" class=\"wp-caption alignnone\"><img loading=\"lazy\" decoding=\"async\" class=\"size-article-size-large-image wp-image-15911\" src=\"https:\/\/www.startlap.hu\/utazas\/uploads\/sites\/3\/2020\/08\/szajmaszk_tomegkozlekedes-755x503.jpg\" alt=\"\" width=\"755\" height=\"503\" srcset=\"https:\/\/www.startlap.hu\/utazas\/uploads\/sites\/3\/2020\/08\/szajmaszk_tomegkozlekedes-755x503.jpg 755w, https:\/\/www.startlap.hu\/utazas\/uploads\/sites\/3\/2020\/08\/szajmaszk_tomegkozlekedes-1536x1023.jpg 1536w, https:\/\/www.startlap.hu\/utazas\/uploads\/sites\/3\/2020\/08\/szajmaszk_tomegkozlekedes-525x350.jpg 525w, https:\/\/www.startlap.hu\/utazas\/uploads\/sites\/3\/2020\/08\/szajmaszk_tomegkozlekedes.jpg 1732w\" sizes=\"auto, (max-width: 755px) 100vw, 755px\" \/><figcaption id=\"caption-attachment-15911\" class=\"wp-caption-text\">Fot\u00f3illusztr\u00e1ci\u00f3: Getty Images<\/figcaption><\/figure>\n<h2>Tov\u00e1bbra is k\u00f6telez\u0151 a maszkvisel\u00e9s<\/h2>\n<p>A t\u00e1rsas\u00e1g arra k\u00e9ri az aut\u00f3buszj\u00e1ratain utaz\u00f3kat, hogy tov\u00e1bbra is tarts\u00e1k be a k\u00f6telez\u0151 eg\u00e9szs\u00e9gv\u00e9delmi rendelkez\u00e9seket, l\u00e1z \u00e9s megh\u0171l\u00e9ses t\u00fcnetek eset\u00e9n ne vegy\u00e9k ig\u00e9nybe a k\u00f6z\u00f6ss\u00e9gi k\u00f6zleked\u00e9si eszk\u00f6z\u00f6ket, r\u00e9szes\u00edts\u00e9k el\u0151nyben az elektronikus jegy- \u00e9s b\u00e9rletv\u00e1lt\u00e1si lehet\u0151s\u00e9geket, valamint minden esetben viselj\u00e9k a j\u00e1ratokon a vonatkoz\u00f3 korm\u00e1nyrendeletben el\u0151\u00edrt, orrot \u00e9s sz\u00e1jat eltakar\u00f3 maszkot, s\u00e1lat vagy kend\u0151t, \u00e9s tarts\u00e1k be a k\u00f6zeg\u00e9szs\u00e9g\u00fcgyi el\u0151\u00edr\u00e1sokat.<\/p>\n<p>A j\u00f6v\u0151 h\u00e9ten a nagyobb aut\u00f3busz-\u00e1llom\u00e1sokon is <strong>ellen\u0151rzi a rend\u0151rs\u00e9g a k\u00f6zeg\u00e9szs\u00e9g\u00fcgyi el\u0151\u00edr\u00e1sok<\/strong> &#8211;<strong> p\u00e9ld\u00e1ul a maszkvisel\u00e9si k\u00f6telezetts\u00e9g &#8211; betart\u00e1s\u00e1t<\/strong>, mert az elm\u00falt id\u0151szakban egyre t\u00f6bben utaznak maszk n\u00e9lk\u00fcl.<\/p>\n<p><em>(MTI)<\/em><\/p>\n","protected":false},"excerpt":{"rendered":"<p>A nagyobb aut\u00f3busz-\u00e1llom\u00e1sokon is ellen\u0151rzi a rend\u0151rs\u00e9g a k\u00f6zeg\u00e9szs\u00e9g\u00fcgyi el\u0151\u00edr\u00e1sok &#8211; p\u00e9ld\u00e1ul a maszkvisel\u00e9s &#8211; betart\u00e1s\u00e1t a j\u00f6v\u0151 h\u00e9ten, mert az elm\u00falt id\u0151szakban egyre t\u00f6bben utaznak maszk n\u00e9lk\u00fcl &#8211; k\u00f6z\u00f6lte a Vol\u00e1nbusz Zrt. p\u00e9nteken.<\/p>\n","protected":false},"author":36,"featured_media":15911,"comment_status":"open","ping_status":"open","sticky":false,"template":"","format":"standard","meta":{"footnotes":""},"categories":[7],"tags":[2201,1358,1750,1895,1681],"class_list":["post-15910","post","type-post","status-publish","format-standard","has-post-thumbnail","hentry","category-belfold-utazas","tag-ellenorzes","tag-koronavirus","tag-rendorseg","tag-szajmaszk","tag-volanbusz"],"aioseo_notices":[],"_links":{"self":[{"href":"https:\/\/www.startlap.hu\/utazas\/wp-json\/wp\/v2\/posts\/15910","targetHints":{"allow":["GET"]}}],"collection":[{"href":"https:\/\/www.startlap.hu\/utazas\/wp-json\/wp\/v2\/posts"}],"about":[{"href":"https:\/\/www.startlap.hu\/utazas\/wp-json\/wp\/v2\/types\/post"}],"author":[{"embeddable":true,"href":"https:\/\/www.startlap.hu\/utazas\/wp-json\/wp\/v2\/users\/36"}],"replies":[{"embeddable":true,"href":"https:\/\/www.startlap.hu\/utazas\/wp-json\/wp\/v2\/comments?post=15910"}],"version-history":[{"count":3,"href":"https:\/\/www.startlap.hu\/utazas\/wp-json\/wp\/v2\/posts\/15910\/revisions"}],"predecessor-version":[{"id":15914,"href":"https:\/\/www.startlap.hu\/utazas\/wp-json\/wp\/v2\/posts\/15910\/revisions\/15914"}],"wp:featuredmedia":[{"embeddable":true,"href":"https:\/\/www.startlap.hu\/utazas\/wp-json\/wp\/v2\/media\/15911"}],"wp:attachment":[{"href":"https:\/\/www.startlap.hu\/utazas\/wp-json\/wp\/v2\/media?parent=15910"}],"wp:term":[{"taxonomy":"category","embeddable":true,"href":"https:\/\/www.startlap.hu\/utazas\/wp-json\/wp\/v2\/categories?post=15910"},{"taxonomy":"post_tag","embeddable":true,"href":"https:\/\/www.startlap.hu\/utazas\/wp-json\/wp\/v2\/tags?post=15910"}],"curies":[{"name":"wp","href":"https:\/\/api.w.org\/{rel}","templated":true}]}}