{"id":15735,"date":"2020-08-18T12:47:35","date_gmt":"2020-08-18T10:47:35","guid":{"rendered":"https:\/\/www.startlap.hu\/utazas\/?p=15735"},"modified":"2020-08-18T12:49:40","modified_gmt":"2020-08-18T10:49:40","slug":"gellert-gyogyfurdo-belepo","status":"publish","type":"post","link":"https:\/\/www.startlap.hu\/utazas\/gellert-gyogyfurdo-belepo\/","title":{"rendered":"Sokkal olcs\u00f3bb \u00e1rakkal nyit a Gell\u00e9rt Gy\u00f3gyf\u00fcrd\u0151 szeptemberben"},"content":{"rendered":"<p>Szeptember els\u0151 napj\u00e1n ism\u00e9t megny\u00edlik a <a href=\"https:\/\/www.startlap.hu\/utazas\/kiraly-gyogyfurdo-budapest\/\" target=\"_blank\" rel=\"noopener noreferrer\">Gell\u00e9rt Gy\u00f3gyf\u00fcrd\u0151<\/a>, a hull\u00e1mmedence kiv\u00e9tel\u00e9vel minden szolg\u00e1ltat\u00e1s ism\u00e9t el\u00e9rhet\u0151 lesz. Van m\u00e9g egy j\u00f3 h\u00edr: el\u0151ny\u00fckre v\u00e1ltoznak a jegy\u00e1rak is.<\/p>\n<h2>Nagyot cs\u00f6kkennek az \u00e1rak<\/h2>\n<p>Az eddig a legdr\u00e1g\u00e1bb f\u00fcrd\u0151k k\u00f6z\u00e9 tartoz\u00f3 Gell\u00e9rtben kor\u00e1bban egy szekr\u00e9nyes bel\u00e9p\u0151 h\u00e9tk\u00f6znap 6300 forintba, h\u00e9tv\u00e9g\u00e9n 6600 forintba ker\u00fclt, m\u00edg egy 15 alkalmas szekr\u00e9nyes b\u00e9rlet\u00e9rt a v\u00edrushelyzet el\u0151tt 84.100 forintot kellett fizetni &#8211; \u00edrja a Term\u00e1l Online-ra hivatkozva a <a href=\"http:\/\/turizmusonline.hu\/belfold\/cikk\/sokkal_olcsobb_lesz_a_gellert_gyogyfurdo\" target=\"_blank\" target=\"_blank\" rel=\"noopener noreferrer\">Turizmus Online<\/a>.<\/p>\n<figure id=\"attachment_15737\" aria-describedby=\"caption-attachment-15737\" style=\"width: 755px\" class=\"wp-caption alignnone\"><img loading=\"lazy\" decoding=\"async\" class=\"size-article-size-large-image wp-image-15737\" src=\"https:\/\/www.startlap.hu\/utazas\/uploads\/sites\/3\/2020\/08\/gellert-furdo-755x503.jpg\" alt=\"Gell\u00e9rt F\u00fcrd\u0151\" width=\"755\" height=\"503\" srcset=\"https:\/\/www.startlap.hu\/utazas\/uploads\/sites\/3\/2020\/08\/gellert-furdo-755x503.jpg 755w, https:\/\/www.startlap.hu\/utazas\/uploads\/sites\/3\/2020\/08\/gellert-furdo-525x350.jpg 525w, https:\/\/www.startlap.hu\/utazas\/uploads\/sites\/3\/2020\/08\/gellert-furdo.jpg 1050w\" sizes=\"auto, (max-width: 755px) 100vw, 755px\" \/><figcaption id=\"caption-attachment-15737\" class=\"wp-caption-text\">Budapest, 2018. szeptember 9.<br \/>Medence az id\u00e9n sz\u00e1z\u00e9ves Szent Gell\u00e9rt Gy\u00f3gyf\u00fcrd\u0151 \u00e9s Uszod\u00e1ban 2018. szeptember 8-\u00e1n.<br \/>MTI Fot\u00f3: Mohai Bal\u00e1zs<\/figcaption><\/figure>\n<p>Az \u00fajranyit\u00e1st\u00f3l azonban \u00faj szelek fognak f\u00fajni: a szekr\u00e9nyes bel\u00e9p\u0151 \u00e1ra h\u00e9tk\u00f6znap 3900 forint, <strong>h\u00e9tv\u00e9g\u00e9n 4500 forint<\/strong> lesz. A 15 alkalmas \u2013 id\u00e9n, december 31-ig \u00e9rv\u00e9nyes \u2013 b\u00e9rlet \u00e1ra pedig 51 ezer forintot k\u00f3st\u00e1l majd.<\/p>\n<blockquote class=\"article__extraTxt\"><p>A Zsigmondy Klubk\u00e1rtya tov\u00e1bbra is kedvezm\u00e9nyt biztos\u00edt a Gell\u00e9rt jegy\u00e1raib\u00f3l: a kedvezm\u00e9nyk\u00e1rty\u00e1val h\u00e9tk\u00f6znap \u00e9s h\u00e9tv\u00e9g\u00e9n is 2900 forint\u00e9rt v\u00e1lthat\u00f3 bel\u00e9p\u0151.<\/p><\/blockquote>\n<p>A <strong>Klubk\u00e1rtya \u00e9rv\u00e9nyess\u00e9ge<\/strong> is hosszabbodik a z\u00e1rva tart\u00e1s idej\u00e9vel. Persze egy dolog az\u00e9rt dr\u00e1gul: egy kabinos bel\u00e9p\u0151 fel\u00e1ra h\u00e9tk\u00f6znap 400, h\u00e9tv\u00e9g\u00e9n 500 forint volt, ezt egys\u00e9gesen 1000 forintra emelik a kabin haszn\u00e1lata eset\u00e9n.<\/p>\n","protected":false},"excerpt":{"rendered":"<p>A koronav\u00edrus-helyzet miatt m\u00e1rcius 15-\u00e9n az \u00f6sszes f\u00fcrd\u0151j\u00e9t bez\u00e1rta a Budapest Gy\u00f3gyf\u00fcrd\u0151i Zrt., a korl\u00e1toz\u00e1sok enyh\u00edt\u00e9se \u00f3ta fokozatosan, \u00fctemezetten nyitottak \u00fajra. Utolj\u00e1ra a Gell\u00e9rt Gy\u00f3gyf\u00fcrd\u0151 nyitja meg kapuit szeptember 1-j\u00e9n.<\/p>\n","protected":false},"author":43,"featured_media":15737,"comment_status":"open","ping_status":"open","sticky":false,"template":"","format":"standard","meta":{"footnotes":""},"categories":[7],"tags":[23,2665],"class_list":["post-15735","post","type-post","status-publish","format-standard","has-post-thumbnail","hentry","category-belfold-utazas","tag-budapest","tag-gellert-gyogyfurdo"],"aioseo_notices":[],"_links":{"self":[{"href":"https:\/\/www.startlap.hu\/utazas\/wp-json\/wp\/v2\/posts\/15735","targetHints":{"allow":["GET"]}}],"collection":[{"href":"https:\/\/www.startlap.hu\/utazas\/wp-json\/wp\/v2\/posts"}],"about":[{"href":"https:\/\/www.startlap.hu\/utazas\/wp-json\/wp\/v2\/types\/post"}],"author":[{"embeddable":true,"href":"https:\/\/www.startlap.hu\/utazas\/wp-json\/wp\/v2\/users\/43"}],"replies":[{"embeddable":true,"href":"https:\/\/www.startlap.hu\/utazas\/wp-json\/wp\/v2\/comments?post=15735"}],"version-history":[{"count":2,"href":"https:\/\/www.startlap.hu\/utazas\/wp-json\/wp\/v2\/posts\/15735\/revisions"}],"predecessor-version":[{"id":15740,"href":"https:\/\/www.startlap.hu\/utazas\/wp-json\/wp\/v2\/posts\/15735\/revisions\/15740"}],"wp:featuredmedia":[{"embeddable":true,"href":"https:\/\/www.startlap.hu\/utazas\/wp-json\/wp\/v2\/media\/15737"}],"wp:attachment":[{"href":"https:\/\/www.startlap.hu\/utazas\/wp-json\/wp\/v2\/media?parent=15735"}],"wp:term":[{"taxonomy":"category","embeddable":true,"href":"https:\/\/www.startlap.hu\/utazas\/wp-json\/wp\/v2\/categories?post=15735"},{"taxonomy":"post_tag","embeddable":true,"href":"https:\/\/www.startlap.hu\/utazas\/wp-json\/wp\/v2\/tags?post=15735"}],"curies":[{"name":"wp","href":"https:\/\/api.w.org\/{rel}","templated":true}]}}