{"id":14596,"date":"2020-07-24T13:30:20","date_gmt":"2020-07-24T11:30:20","guid":{"rendered":"https:\/\/www.startlap.hu\/utazas\/?p=14596"},"modified":"2020-07-24T22:51:35","modified_gmt":"2020-07-24T20:51:35","slug":"belfoldi-turizmus-elso-felev","status":"publish","type":"post","link":"https:\/\/www.startlap.hu\/utazas\/belfoldi-turizmus-elso-felev\/","title":{"rendered":"Megh\u00e1romszoroz\u00f3dtak a vend\u00e9g\u00e9jszak\u00e1k, egyre t\u00f6bb a k\u00fclf\u00f6ldi Magyarorsz\u00e1gon"},"content":{"rendered":"<div class=\"articleLead\">\n<p>A Nemzeti Turisztikai Adatszolg\u00e1ltat\u00f3 K\u00f6zpontba (NTAK) adatai alapj\u00e1n a j\u00faniusi vend\u00e9g\u00e9jszakasz\u00e1m k\u00f6zel h\u00e1romszorosa volt a m\u00e1jusinak belf\u00f6ld\u00f6n. B\u00e1r d\u00f6nt\u0151 t\u00f6bbs\u00e9g\u00e9ben magyarok nyaraltak, az utaz\u00e1si korl\u00e1toz\u00e1sok fokozatos felold\u00e1s\u00e1val a m\u00e1jusi alacsony k\u00fclf\u00f6ldi vend\u00e9gsz\u00e1m (8 ezer f\u0151) j\u00faniusra 55 ezer f\u0151re emelkedett.<\/p>\n<\/div>\n<div class=\"articleContent\">\n<div id=\"article_content_1025\">\n<div class=\"container contentpage\">\n<div class=\"row\">\n<div class=\"col-sm-8\">\n<div class=\"contentpage-lead\">\n<p>A sz\u00e1mokb\u00f3l l\u00e1tszik, hogy a mag\u00e1n- \u00e9s egy\u00e9b sz\u00e1ll\u00e1shelyek fel\u00e9rt\u00e9kel\u0151dtek: a j\u00faniusi vend\u00e9g\u00e9jszak\u00e1k 35%-a ezen sz\u00e1ll\u00e1st\u00edpusokban realiz\u00e1l\u00f3dott, de a sz\u00e1llod\u00e1k is jobban teljes\u00edtettek. M\u00edg m\u00e1jusban a vend\u00e9g\u00e9jszak\u00e1k 30%-\u00e1t sz\u00e1llod\u00e1kban t\u00f6lt\u00f6tt\u00e9k el a vend\u00e9gek, addig j\u00faniusban m\u00e1r a 42% sz\u00e1llod\u00e1kban val\u00f3sult meg &#8211; \u00edrja a <a href=\"http:\/\/turizmusonline.hu\/tt_szalloda\/cikk\/elerhetok_a_juniusi_adatok_a_belfoldi_szezonrol\" target=\"_blank\" target=\"_blank\" rel=\"noopener noreferrer\">Turizmus Online<\/a>.<\/p>\n<h2>N\u00e9pszer\u0171 c\u00e9lpontok<\/h2>\n<p>J\u00faniusban \u00f6sszesen 116 ezer budapesti vend\u00e9g\u00e9jszaka&nbsp;adata ker\u00fclt be az NTAK-ba, ezeknek k\u00f6zel&nbsp;40%-a budapesti mag\u00e1n- \u00e9s egy\u00e9b sz\u00e1ll\u00e1shelyeken, tov\u00e1bbi 33%-a sz\u00e1llod\u00e1kban, 25%-a pedig k\u00f6z\u00f6ss\u00e9gi sz\u00e1ll\u00e1shelyen val\u00f3sult meg. J\u00faniusban m\u00e1r a k\u00fclf\u00f6ldi l\u00e1togat\u00f3k sz\u00e1ma is fel\u00e9l\u00e9nk\u00fclt: 11 ezren sz\u00e1lltak meg Budapesten, legt\u00f6bben Nyugat-Eur\u00f3p\u00e1b\u00f3l <a href=\"https:\/\/www.startlap.hu\/utazas\/covid-vedekezes-nemetorszag\/\" target=\"_blank\" rel=\"noopener noreferrer\">N\u00e9metorsz\u00e1gb\u00f3l<\/a> \u00e9s Ausztri\u00e1b\u00f3l \u00e9rkeztek &#8211; ek\u00f6zben a bef\u00f6ldi vend\u00e9gsz\u00e1m 18 ezer volt a f\u0151v\u00e1rosban.<\/p>\n<p>Az \u00e9v hatodik h\u00f3napj\u00e1ban 1,2 milli\u00f3 vend\u00e9g\u00e9jszak\u00e1t t\u00f6lt\u00f6tt mintegy 470 ezer l\u00e1togat\u00f3 vid\u00e9ken, <strong>91%-ban hazaiak<\/strong>, akik a vend\u00e9g\u00e9jszak\u00e1k 86%-\u00e1t adt\u00e1k. Az \u00f6sszes vend\u00e9g\u00e9jszakasz\u00e1m 43%-\u00e1t sz\u00e1llod\u00e1k, tov\u00e1bbi 34%-\u00e1t mag\u00e1n- \u00e9s egy\u00e9b sz\u00e1ll\u00e1shelyek, 10%-\u00e1t panzi\u00f3k, 7%-\u00e1t pedig a kempingek teszik ki. A vend\u00e9g\u00e9jszak\u00e1k 33%-\u00e1t a Balatoni r\u00e9gi\u00f3 tette ki, de a hazai vend\u00e9gek el\u0151szeretettel l\u00e1togatt\u00e1k a M\u00e1tra-B\u00fckk k\u00f6rny\u00e9k\u00e9t, Debrecent, <a href=\"https:\/\/www.startlap.hu\/utazas\/hajduszoboszlo-hortobagy-hungarospa-thermal-hotel-furdo\/\" target=\"_blank\" rel=\"noopener noreferrer\">Hajd\u00faszoboszl\u00f3t<\/a>, Hortob\u00e1gyot \u00e9s a <a href=\"https:\/\/www.startlap.hu\/utazas\/tisza-to-tiszafured-poroszlo-abadszalok-sarud-karcag-mezokovesd-strand-muzeum-muhi-kalandpark\/\" target=\"_blank\" rel=\"noopener noreferrer\">Tisza-tavat<\/a> is. Nyugat-Eur\u00f3p\u00e1b\u00f3l n\u00e9metek \u00e9s osztr\u00e1kok, a k\u00f6rnyez\u0151 orsz\u00e1gokb\u00f3l csehek \u00e9rkeztek a legt\u00f6bben, \u0151k a vid\u00e9ki t\u00e9rs\u00e9gek k\u00f6z\u00fcl t\u00falnyom\u00f3 t\u00f6bbs\u00e9gben a Balatont, Szigetk\u00f6z-Gy\u0151r-Pannonhalm\u00e1t, valamint Debrecent r\u00e9szes\u00edtett\u00e9k el\u0151nyben.<\/p>\n<figure id=\"attachment_14360\" aria-describedby=\"caption-attachment-14360\" style=\"width: 755px\" class=\"wp-caption alignnone\"><img loading=\"lazy\" decoding=\"async\" class=\"size-article-size-large-image wp-image-14360\" src=\"https:\/\/www.startlap.hu\/utazas\/uploads\/sites\/3\/2020\/07\/balaton-755x513.jpg\" alt=\"Balaton\" width=\"755\" height=\"513\" srcset=\"https:\/\/www.startlap.hu\/utazas\/uploads\/sites\/3\/2020\/07\/balaton-755x513.jpg 755w, https:\/\/www.startlap.hu\/utazas\/uploads\/sites\/3\/2020\/07\/balaton-515x350.jpg 515w, https:\/\/www.startlap.hu\/utazas\/uploads\/sites\/3\/2020\/07\/balaton.jpg 1715w\" sizes=\"auto, (max-width: 755px) 100vw, 755px\" \/><figcaption id=\"caption-attachment-14360\" class=\"wp-caption-text\">Fot\u00f3: MTI\/Mohai Bal\u00e1zs<\/figcaption><\/figure>\n<p>Kiemelve az egyik legn\u00e9pszer\u0171bb c\u00e9lpontot, a <a href=\"https:\/\/www.startlap.hu\/utazas\/a-legjobb-balatoni-strandok\/\" target=\"_blank\" rel=\"noopener noreferrer\">Balaton<\/a> k\u00f6rny\u00e9k\u00e9t, ide 148 ezer vend\u00e9g \u00e9rkezett, akik 387 ezer vend\u00e9g\u00e9jszak\u00e1t t\u00f6lt\u00f6ttek el &#8211; 47%-a sz\u00e1llod\u00e1kban, tov\u00e1bbi 35%-a mag\u00e1n- \u00e9s egy\u00e9b sz\u00e1ll\u00e1shelyeken val\u00f3sult meg. 93%-ban a belf\u00f6ldiek vitt\u00e9k a vend\u00e9g\u00e9jszak\u00e1k sz\u00e1m\u00e1t. Sz\u00edvesen haszn\u00e1lt\u00e1k az utaz\u00f3k a SZ\u00c9P-k\u00e1rty\u00e1t:&nbsp;t\u00f6bb mint 2,7 milli\u00e1rd forintot k\u00f6lt\u00f6ttek j\u00faniusban a magyar sz\u00e1ll\u00e1shelyeken, \u00edgy az \u00f6sszes bev\u00e9telnek a h\u00f3napban&nbsp;mintegy 17%-\u00e1t a SZ\u00c9P-k\u00e1rty\u00e1s forgalom adta.<\/p>\n<blockquote class=\"article__extraTxt\"><p>A belf\u00f6ldi vend\u00e9gek legkedveltebb telep\u00fcl\u00e9sei&nbsp;az elt\u00f6lt\u00f6tt vend\u00e9g\u00e9jszakasz\u00e1m alapj\u00e1n&nbsp;Si\u00f3fok, Balatonf\u00fcred, Zalakaros, H\u00e9v\u00edz \u00e9s Cserszegtomaj&nbsp;voltak.<\/p><\/blockquote>\n<p>Ahonnan k\u00fclf\u00f6ldr\u0151l a legt\u00f6bben \u00e9rkeztek, az N\u00e9metorsz\u00e1g, Ausztria, Szlov\u00e1kia, <a href=\"https:\/\/www.startlap.hu\/utazas\/csehorszag-szlovakia-ausztria-hatarnyitas-nyaralas\/\" target=\"_blank\" rel=\"noopener noreferrer\">Csehorsz\u00e1g<\/a>\u00e9s Lengyelorsz\u00e1g voltak a vend\u00e9g\u00e9jszak\u00e1k sz\u00e1ma alapj\u00e1n.<\/p>\n<h2>V\u00e9ge az els\u0151 f\u00e9l\u00e9vnek<\/h2>\n<p>J\u00fanius v\u00e9g\u00e9ig <strong>2,7 milli\u00f3 vend\u00e9g 6,9 milli\u00f3 vend\u00e9g\u00e9jszak\u00e1t <\/strong>t\u00f6lt\u00f6tt el a magyarorsz\u00e1gi sz\u00e1ll\u00e1shelyeken, 65%-ban belf\u00f6ldi l\u00e1togat\u00f3k voltak. A budapesti sz\u00e1ll\u00e1shelyeken 738 ezer vend\u00e9g sz\u00e1llt meg, \u00e9s 2,1 milli\u00f3 volt a vend\u00e9g\u00e9jszak\u00e1k sz\u00e1ma, m\u00edg&nbsp;a vid\u00e9ki sz\u00e1ll\u00e1shelyeken k\u00f6zel 2 milli\u00f3 vend\u00e9g sz\u00e1llt meg, akik 4,8 milli\u00f3 vend\u00e9g\u00e9jszak\u00e1t t\u00f6lt\u00f6ttek el. A belf\u00f6ldiek 82%-os t\u00f6bbs\u00e9gben voltak vid\u00e9ken, addig a f\u0151v\u00e1rost 78%-ban k\u00fclf\u00f6ldi turist\u00e1k l\u00e1togatt\u00e1k az els\u0151 f\u00e9l\u00e9vben.<\/p>\n<\/div>\n<\/div>\n<\/div>\n<\/div>\n<\/div>\n<\/div>\n","protected":false},"excerpt":{"rendered":"<p>M\u00e1jusban elindult a belf\u00f6ldi turisztikai szezon, ami j\u00faniusra igencsak meger\u0151s\u00f6d\u00f6tt:\u00a0a magyarorsz\u00e1gi sz\u00e1ll\u00e1shelyeken k\u00f6zel 500 ezer vend\u00e9g 1,3 milli\u00f3 vend\u00e9g\u00e9jszak\u00e1t t\u00f6lt\u00f6tt el, az utaz\u00e1si korl\u00e1toz\u00e1sok miatt pedig a vend\u00e9gek 89%-a belf\u00f6ldr\u0151l \u00e9rkezett.<\/p>\n","protected":false},"author":43,"featured_media":14360,"comment_status":"open","ping_status":"open","sticky":false,"template":"","format":"standard","meta":{"footnotes":""},"categories":[7],"tags":[279,23,32],"class_list":["post-14596","post","type-post","status-publish","format-standard","has-post-thumbnail","hentry","category-belfold-utazas","tag-balaton","tag-budapest","tag-magyarorszag"],"aioseo_notices":[],"_links":{"self":[{"href":"https:\/\/www.startlap.hu\/utazas\/wp-json\/wp\/v2\/posts\/14596","targetHints":{"allow":["GET"]}}],"collection":[{"href":"https:\/\/www.startlap.hu\/utazas\/wp-json\/wp\/v2\/posts"}],"about":[{"href":"https:\/\/www.startlap.hu\/utazas\/wp-json\/wp\/v2\/types\/post"}],"author":[{"embeddable":true,"href":"https:\/\/www.startlap.hu\/utazas\/wp-json\/wp\/v2\/users\/43"}],"replies":[{"embeddable":true,"href":"https:\/\/www.startlap.hu\/utazas\/wp-json\/wp\/v2\/comments?post=14596"}],"version-history":[{"count":5,"href":"https:\/\/www.startlap.hu\/utazas\/wp-json\/wp\/v2\/posts\/14596\/revisions"}],"predecessor-version":[{"id":14625,"href":"https:\/\/www.startlap.hu\/utazas\/wp-json\/wp\/v2\/posts\/14596\/revisions\/14625"}],"wp:featuredmedia":[{"embeddable":true,"href":"https:\/\/www.startlap.hu\/utazas\/wp-json\/wp\/v2\/media\/14360"}],"wp:attachment":[{"href":"https:\/\/www.startlap.hu\/utazas\/wp-json\/wp\/v2\/media?parent=14596"}],"wp:term":[{"taxonomy":"category","embeddable":true,"href":"https:\/\/www.startlap.hu\/utazas\/wp-json\/wp\/v2\/categories?post=14596"},{"taxonomy":"post_tag","embeddable":true,"href":"https:\/\/www.startlap.hu\/utazas\/wp-json\/wp\/v2\/tags?post=14596"}],"curies":[{"name":"wp","href":"https:\/\/api.w.org\/{rel}","templated":true}]}}