{"id":14593,"date":"2020-07-24T06:21:56","date_gmt":"2020-07-24T04:21:56","guid":{"rendered":"https:\/\/www.startlap.hu\/utazas\/?p=14593"},"modified":"2020-07-24T06:21:56","modified_gmt":"2020-07-24T04:21:56","slug":"luxair-luxemburg","status":"publish","type":"post","link":"https:\/\/www.startlap.hu\/utazas\/luxair-luxemburg\/","title":{"rendered":"\u00daj l\u00e9git\u00e1rsas\u00e1g Ferihegyen: augusztust\u00f3l indul a luxemburgi j\u00e1rat"},"content":{"rendered":"<div class=\"description\">\n<p>Augusztus 10-\u00e9n \u00faj l\u00e9git\u00e1rsas\u00e1g ind\u00edt j\u00e1ratot a Liszt Ferenc Nemzetk\u00f6ri Rep\u00fcl\u0151t\u00e9rr\u0151l: a Luxair heti k\u00e9t alkalommal, <strong>h\u00e9tf\u0151n \u00e9s p\u00e9nteken<\/strong> k\u00f6zlekedik Luxembourgba a ny\u00e1ri szezonban &#8211; tudatta a <a href=\"https:\/\/www.bud.hu\/budapest_airport\/media\/hirek\/aktualis_sajtokozlemenyek\/uj_legitarsasag_budapesten_augusztusban_indul_a_luxair.html\" target=\"_blank\" target=\"_blank\" rel=\"noopener noreferrer\">Budapest Airport<\/a>.<\/p>\n<h2>Kedvelt c\u00e9lpont nem csak a turist\u00e1knak<\/h2>\n<p>Az \u00e9szaknyugat-eur\u00f3pai orsz\u00e1g f\u0151v\u00e1rosa eddig is n\u00e9pszer\u0171 \u00fati c\u00e9l volt: jellemz\u0151en az \u00fczleti \u00e9s csal\u00e1di okb\u00f3l utaz\u00f3k haszn\u00e1lt\u00e1k ki a megl\u00e9v\u0151 l\u00e9gi \u00f6sszek\u00f6ttet\u00e9st. A Luxair \u00faj j\u00e1rata azonban a r\u00f6videbb v\u00e1rosl\u00e1togat\u00e1sra \u00e9s a hosszabb kikapcsol\u00f3d\u00e1sra v\u00e1gy\u00f3knak egyar\u00e1nt ide\u00e1lis.<\/p>\n<blockquote class=\"article__extraTxt\"><p>A luxembourgi rep\u00fcl\u0151t\u00e9r elhelyezked\u00e9se is igen kedvez\u0151: a belv\u00e1ros ak\u00e1r t\u00f6megk\u00f6zleked\u00e9ssel is mind\u00f6ssze f\u00e9l\u00f3r\u00e1s \u00fattal el\u00e9rhet\u0151.<\/p><\/blockquote>\n<\/div>\n<p>Az orsz\u00e1ggal azonos nevet visel\u0151 f\u0151v\u00e1ros igazi \u00e9kszerdoboz: a telep\u00fcl\u00e9s az orsz\u00e1g d\u00e9li r\u00e9sz\u00e9n, az Alzette-foly\u00f3 ment\u00e9n fekszik, belv\u00e1rosa gy\u00f6ny\u00f6r\u0171 \u00e9p\u00fcletekkel v\u00e1rja a l\u00e1togat\u00f3kat. Az \u00f3v\u00e1ros \u00e9s a luxemburgi er\u0151drendszer az UNESCO vil\u00e1g\u00f6r\u00f6ks\u00e9g r\u00e9sze, a foly\u00f3partot pedig \u2013 p\u00e1ratlan panor\u00e1m\u00e1ja miatt \u2013 ker\u00e9kp\u00e1rral \u00e9rdemes igaz\u00e1n bej\u00e1rni.<\/p>\n<figure id=\"attachment_14594\" aria-describedby=\"caption-attachment-14594\" style=\"width: 755px\" class=\"wp-caption alignnone\"><img loading=\"lazy\" decoding=\"async\" class=\"size-article-size-large-image wp-image-14594\" src=\"https:\/\/www.startlap.hu\/utazas\/uploads\/sites\/3\/2020\/07\/Luxair-755x535.jpg\" alt=\"Luxair\" width=\"755\" height=\"535\" srcset=\"https:\/\/www.startlap.hu\/utazas\/uploads\/sites\/3\/2020\/07\/Luxair-755x535.jpg 755w, https:\/\/www.startlap.hu\/utazas\/uploads\/sites\/3\/2020\/07\/Luxair-494x350.jpg 494w, https:\/\/www.startlap.hu\/utazas\/uploads\/sites\/3\/2020\/07\/Luxair.jpg 1024w\" sizes=\"auto, (max-width: 755px) 100vw, 755px\" \/><figcaption id=\"caption-attachment-14594\" class=\"wp-caption-text\">Luxair \/ Fot\u00f3: Robert Michael\/picture alliance via Getty Images<\/figcaption><\/figure>\n<p>\u201eNagy \u00f6r\u00f6m\u00fcnkre szolg\u00e1l, hogy az elm\u00falt h\u00f3napok esem\u00e9nyei ut\u00e1n ism\u00e9t \u00faj l\u00e9git\u00e1rsas\u00e1got k\u00f6sz\u00f6nthet\u00fcnk Budapesten\u201d \u2013 mondta Kam Jandu, a Budapest Airport kereskedelmi igazgat\u00f3ja, hozz\u00e1t\u00e9ve: \u201eA Budapest Airport j\u00e1ratfejleszt\u00e9si csapat\u00e1val folyamatosan dolgozik azon, hogy az utasok sz\u00e1m\u00e1ra r\u00f6vid id\u0151n bel\u00fcl ism\u00e9t a lehet\u0151 legsz\u00ednesebb \u00fatic\u00e9l k\u00edn\u00e1latot ny\u00fajthassuk.\u201d<\/p>\n","protected":false},"excerpt":{"rendered":"<p>\u00daj l\u00e9git\u00e1rsas\u00e1g deb\u00fct\u00e1l augusztust\u00f3l: indul a Luxair k\u00f6zvetlen Budapest-Luxembourg j\u00e1rata.<\/p>\n","protected":false},"author":43,"featured_media":14594,"comment_status":"open","ping_status":"open","sticky":false,"template":"","format":"standard","meta":{"footnotes":""},"categories":[7],"tags":[1437,173,2502,984],"class_list":["post-14593","post","type-post","status-publish","format-standard","has-post-thumbnail","hentry","category-belfold-utazas","tag-budapest-liszt-ferenc-nemzetkozi-repuloter","tag-legitarsasag","tag-luxair","tag-luxemburg"],"aioseo_notices":[],"_links":{"self":[{"href":"https:\/\/www.startlap.hu\/utazas\/wp-json\/wp\/v2\/posts\/14593","targetHints":{"allow":["GET"]}}],"collection":[{"href":"https:\/\/www.startlap.hu\/utazas\/wp-json\/wp\/v2\/posts"}],"about":[{"href":"https:\/\/www.startlap.hu\/utazas\/wp-json\/wp\/v2\/types\/post"}],"author":[{"embeddable":true,"href":"https:\/\/www.startlap.hu\/utazas\/wp-json\/wp\/v2\/users\/43"}],"replies":[{"embeddable":true,"href":"https:\/\/www.startlap.hu\/utazas\/wp-json\/wp\/v2\/comments?post=14593"}],"version-history":[{"count":2,"href":"https:\/\/www.startlap.hu\/utazas\/wp-json\/wp\/v2\/posts\/14593\/revisions"}],"predecessor-version":[{"id":14647,"href":"https:\/\/www.startlap.hu\/utazas\/wp-json\/wp\/v2\/posts\/14593\/revisions\/14647"}],"wp:featuredmedia":[{"embeddable":true,"href":"https:\/\/www.startlap.hu\/utazas\/wp-json\/wp\/v2\/media\/14594"}],"wp:attachment":[{"href":"https:\/\/www.startlap.hu\/utazas\/wp-json\/wp\/v2\/media?parent=14593"}],"wp:term":[{"taxonomy":"category","embeddable":true,"href":"https:\/\/www.startlap.hu\/utazas\/wp-json\/wp\/v2\/categories?post=14593"},{"taxonomy":"post_tag","embeddable":true,"href":"https:\/\/www.startlap.hu\/utazas\/wp-json\/wp\/v2\/tags?post=14593"}],"curies":[{"name":"wp","href":"https:\/\/api.w.org\/{rel}","templated":true}]}}