{"id":14567,"date":"2020-07-22T21:49:57","date_gmt":"2020-07-22T19:49:57","guid":{"rendered":"https:\/\/www.startlap.hu\/utazas\/?p=14567"},"modified":"2020-07-24T08:53:26","modified_gmt":"2020-07-24T06:53:26","slug":"a-korabbinal-kevesebb-utast-szallithatnak-a-velencei-gondolasok","status":"publish","type":"post","link":"https:\/\/www.startlap.hu\/utazas\/a-korabbinal-kevesebb-utast-szallithatnak-a-velencei-gondolasok\/","title":{"rendered":"A kor\u00e1bbin\u00e1l kevesebb utast sz\u00e1ll\u00edthatnak a velencei gondol\u00e1sok"},"content":{"rendered":"<p>A j\u00falius elej\u00e9n elfogadott \u00faj szab\u00e1lyzat szerint az eddigi hat helyett csak \u00f6t utas sz\u00e1llhat fel egyszerre egy hagyom\u00e1nyos gondol\u00e1ra, de kevesebb &#8211; 14 helyett 12 &#8211; utast vehetnek fel a nagyobb, a Canal Grand\u00e9n az \u00e1tkel\u00e9st biztos\u00edt\u00f3 \u00f6nkorm\u00e1nyzati gondol\u00e1k is.<\/p>\n<h2>\u00c9rdekes magyar\u00e1zattal \u00e1lltak el\u0151 &#8211; \u00e9vsz\u00e1zadokig nem volt ilyen gond<\/h2>\n<p><strong>A szigor\u00edt\u00e1st azzal indokolj\u00e1k, hogy egyre t\u00f6bb a t\u00fals\u00falyos turista<\/strong>, ami megnehez\u00edti a karcs\u00fa cs\u00f3nakok ir\u00e1ny\u00edt\u00e1s\u00e1t, r\u00e1ad\u00e1sul a motoros haj\u00f3k is mind nagyobb hull\u00e1mokat vernek a lagun\u00e1kban.<\/p>\n<p>A <a href=\"https:\/\/www.startlap.hu\/utazas\/olaszorszag-velence-2021-belepodij\/\" target=\"_blank\" rel=\"noopener noreferrer\"><strong>velencei<\/strong><\/a> gondol\u00e1sok sz\u00f6vets\u00e9g\u00e9nek volt eln\u00f6ke, Roberto Luppi szerint az int\u00e9zked\u00e9s nem a gondol\u00e1sok haszn\u00e1nak n\u00f6vel\u00e9s\u00e9t, kiz\u00e1r\u00f3lag a turist\u00e1k biztons\u00e1g\u00e1t szolg\u00e1lja.<\/p>\n<figure id=\"attachment_14570\" aria-describedby=\"caption-attachment-14570\" style=\"width: 755px\" class=\"wp-caption alignnone\"><img loading=\"lazy\" decoding=\"async\" class=\"size-article-size-large-image wp-image-14570\" src=\"https:\/\/www.startlap.hu\/utazas\/uploads\/sites\/3\/2020\/07\/velence_gondola2-755x503.jpg\" alt=\"\" width=\"755\" height=\"503\" srcset=\"https:\/\/www.startlap.hu\/utazas\/uploads\/sites\/3\/2020\/07\/velence_gondola2-755x503.jpg 755w, https:\/\/www.startlap.hu\/utazas\/uploads\/sites\/3\/2020\/07\/velence_gondola2-525x350.jpg 525w, https:\/\/www.startlap.hu\/utazas\/uploads\/sites\/3\/2020\/07\/velence_gondola2.jpg 800w\" sizes=\"auto, (max-width: 755px) 100vw, 755px\" \/><figcaption id=\"caption-attachment-14570\" class=\"wp-caption-text\">K\u00e9t v\u00e9d\u00f5maszkot visel\u00f5 gondol\u00e1s sz\u00e1ll\u00edt egy utast a velencei Canal Grande nev\u00fb csatorn\u00e1n (Fot\u00f3: MTI\/EPA\/ANSA\/Andrea Merola).<\/figcaption><\/figure>\n<p>Mindamellett egy \u00f3ra gondol\u00e1z\u00e1s jelenleg 160 eur\u00f3ba ker\u00fcl, \u00e9s min\u00e9l kevesebben sz\u00e1llhatnak fel egy haj\u00f3ra, ann\u00e1l t\u00f6bb gondol\u00e1snak jut munka.<\/p>\n<h2>Elt\u00f6rlik az elm\u00e9leti vizsg\u00e1t&nbsp;<\/h2>\n<p>A sz\u00f6vets\u00e9g \u00e9s az \u00f6nkorm\u00e1nyzat k\u00f6z\u00f6tt l\u00e9trej\u00f6tt \u00faj paktum tov\u00e1bbi kedvezm\u00e9nyeket is biztos\u00edt az \u0151si velencei mesters\u00e9g m\u0171vel\u0151inek: az eddigi 433-r\u00f3l 440-re n\u00f6velik a gondol\u00e1soknak maxim\u00e1lisan kiadhat\u00f3 enged\u00e9lyek sz\u00e1m\u00e1t, \u00e9s elt\u00f6rlik az elm\u00e9leti vizsg\u00e1t azok sz\u00e1m\u00e1ra, akik igazolni tudj\u00e1k, hogy legal\u00e1bb n\u00e9gy \u00e9v szakmai gyakorlattal rendelkeznek a csal\u00e1di v\u00e1llalkoz\u00e1sn\u00e1l.<\/p>\n<figure id=\"attachment_14571\" aria-describedby=\"caption-attachment-14571\" style=\"width: 755px\" class=\"wp-caption alignnone\"><img loading=\"lazy\" decoding=\"async\" class=\"size-article-size-large-image wp-image-14571\" src=\"https:\/\/www.startlap.hu\/utazas\/uploads\/sites\/3\/2020\/07\/velence_gondolak-755x519.jpg\" alt=\"\" width=\"755\" height=\"519\" srcset=\"https:\/\/www.startlap.hu\/utazas\/uploads\/sites\/3\/2020\/07\/velence_gondolak-755x519.jpg 755w, https:\/\/www.startlap.hu\/utazas\/uploads\/sites\/3\/2020\/07\/velence_gondolak-509x350.jpg 509w, https:\/\/www.startlap.hu\/utazas\/uploads\/sites\/3\/2020\/07\/velence_gondolak.jpg 800w\" sizes=\"auto, (max-width: 755px) 100vw, 755px\" \/><figcaption id=\"caption-attachment-14571\" class=\"wp-caption-text\">Gondol\u00e1k sorakoznak Velenc\u00e9ben 2020. m\u00e1rcius 10-\u00e9n (Fot\u00f3: MTI\/EPA\/ANSA\/Andrea Buoso).<\/figcaption><\/figure>\n<p><strong>A gondol\u00e1z\u00e1s hagyom\u00e1nyosan ap\u00e1r\u00f3l fi\u00fara sz\u00e1ll\u00f3 szakma <a href=\"https:\/\/www.startlap.hu\/utazas\/velence-hajo-turizmus-tuntetes-demonstracio-koronavirus\/\" target=\"_blank\" rel=\"noopener noreferrer\">Velenc\u00e9ben<\/a>.<\/strong> Az elm\u00e9let vizsga elt\u00f6rl\u00e9s\u00e9vel a felt\u00f6rekv\u0151 fiatal haj\u00f3sok 150 \u00f3ra elm\u00e9leti leck\u00e9t sp\u00f3rolhatnak meg.<\/p>\n<p>Az elm\u00e9leti vizsga elt\u00f6rl\u00e9se b\u00edr\u00e1latokat v\u00e1ltott ki, mert sokak szerint a gondol\u00e1sok sz\u00f6vets\u00e9ge ezzel csak m\u00e9g jobban k\u00f6r\u00fclb\u00e1sty\u00e1zza mag\u00e1t, kirekesztve a j\u00f3l fizet\u0151 szakm\u00e1b\u00f3l a k\u00edv\u00fcl\u00e1ll\u00f3kat. A gondolaenged\u00e9lyek kiad\u00e1s\u00e1r\u00f3l maga a sz\u00f6vets\u00e9g d\u00f6nt.<\/p>\n<h2>A ruh\u00e1zaton semmit sem v\u00e1ltoztathatnak<\/h2>\n<p>A velencei gondol\u00e1sok olyanok, mint a mur\u00e1n\u00f3i \u00fcvegek: <strong>vagy itt sz\u00fclettek, vagy hamisak.<\/strong> A gondol\u00e1sokra vonatkoz\u00f3 \u00faj el\u0151\u00edr\u00e1sok nem a kiv\u00e1lts\u00e1gaik, hanem a v\u00e1ros kult\u00far\u00e1j\u00e1nak \u00e9s hagyom\u00e1ny\u00e1nak v\u00e9delm\u00e9t szolg\u00e1lj\u00e1k &#8211; jelentette ki a gondol\u00e1sok sz\u00f6vets\u00e9g\u00e9nek jelenlegi eln\u00f6ke, Andrea Balbi.<\/p>\n<blockquote class=\"article__extraTxt\"><p>A kedvezm\u00e9nyek\u00e9rt cser\u00e9be a gondol\u00e1sok v\u00e1llalt\u00e1k, hogy pontosan betartj\u00e1k a jellegzetes formaruh\u00e1ra vonatkoz\u00f3 apr\u00f3l\u00e9kos szab\u00e1lyoz\u00e1st, farmernadr\u00e1g vagy edz\u0151cip\u0151 visel\u00e9se szigor\u00faan tilos.<\/p><\/blockquote>\n<p>A gondol\u00e1k kiszor\u00edtottak minden m\u00e1s haj\u00f3t\u00edpust Velenc\u00e9ben a k\u00f6z\u00e9pkorban. Egyes adatok szerint a velencei k\u00f6zt\u00e1rsas\u00e1g f\u00e9nykor\u00e1ban k\u00f6r\u00fclbel\u00fcl <strong>10 ezer gondola m\u0171k\u00f6d\u00f6tt a lagun\u00e1k v\u00e1ros\u00e1ban.<\/strong> A haj\u00f3k nagys\u00e1g\u00e1t \u00e9s saj\u00e1tos form\u00e1j\u00e1t a 18. sz\u00e1zad \u00f3ta t\u00f6rv\u00e9ny szabja meg.<\/p>\n<p>&nbsp;<\/p>\n<p><span style=\"font-size: 12px\">&nbsp;(MTI)<\/span><\/p>\n","protected":false},"excerpt":{"rendered":"<p>A kor\u00e1bbin\u00e1l kevesebb utast sz\u00e1ll\u00edthatnak egyszerre a velencei gondol\u00e1sok az \u00e1gazatra vonatkoz\u00f3 \u00faj szab\u00e1lyoz\u00e1s alapj\u00e1n.                                                                                                                                                                                                                                                                                                                                                                                                                                                                                                                                                                                                                                                                                                                                                                                                                                                                                                                                                                                                                                                                                                                                                                                                                                                                                                                                                                                                                                                                                                                                                                                                                                                                                                                                                                                                                                                                                                                                                                                                                                                                                                                                                                                                                                                                                                                                                                                                                                                                                                                                                                                                                                                                                                                                                                                                                                                                                                                                              <\/p>\n","protected":false},"author":36,"featured_media":14568,"comment_status":"open","ping_status":"open","sticky":false,"template":"","format":"standard","meta":{"footnotes":""},"categories":[70],"tags":[640],"class_list":["post-14567","post","type-post","status-publish","format-standard","has-post-thumbnail","hentry","category-vilag","tag-velence"],"aioseo_notices":[],"_links":{"self":[{"href":"https:\/\/www.startlap.hu\/utazas\/wp-json\/wp\/v2\/posts\/14567","targetHints":{"allow":["GET"]}}],"collection":[{"href":"https:\/\/www.startlap.hu\/utazas\/wp-json\/wp\/v2\/posts"}],"about":[{"href":"https:\/\/www.startlap.hu\/utazas\/wp-json\/wp\/v2\/types\/post"}],"author":[{"embeddable":true,"href":"https:\/\/www.startlap.hu\/utazas\/wp-json\/wp\/v2\/users\/36"}],"replies":[{"embeddable":true,"href":"https:\/\/www.startlap.hu\/utazas\/wp-json\/wp\/v2\/comments?post=14567"}],"version-history":[{"count":4,"href":"https:\/\/www.startlap.hu\/utazas\/wp-json\/wp\/v2\/posts\/14567\/revisions"}],"predecessor-version":[{"id":14574,"href":"https:\/\/www.startlap.hu\/utazas\/wp-json\/wp\/v2\/posts\/14567\/revisions\/14574"}],"wp:featuredmedia":[{"embeddable":true,"href":"https:\/\/www.startlap.hu\/utazas\/wp-json\/wp\/v2\/media\/14568"}],"wp:attachment":[{"href":"https:\/\/www.startlap.hu\/utazas\/wp-json\/wp\/v2\/media?parent=14567"}],"wp:term":[{"taxonomy":"category","embeddable":true,"href":"https:\/\/www.startlap.hu\/utazas\/wp-json\/wp\/v2\/categories?post=14567"},{"taxonomy":"post_tag","embeddable":true,"href":"https:\/\/www.startlap.hu\/utazas\/wp-json\/wp\/v2\/tags?post=14567"}],"curies":[{"name":"wp","href":"https:\/\/api.w.org\/{rel}","templated":true}]}}