{"id":13142,"date":"2020-06-28T15:24:06","date_gmt":"2020-06-28T13:24:06","guid":{"rendered":"https:\/\/www.startlap.hu\/utazas\/?p=13142"},"modified":"2020-06-28T15:24:06","modified_gmt":"2020-06-28T13:24:06","slug":"del-anglia-felmillio-turista-tengerpart","status":"publish","type":"post","link":"https:\/\/www.startlap.hu\/utazas\/del-anglia-felmillio-turista-tengerpart\/","title":{"rendered":"D\u00e9l-Angli\u00e1ban f\u00e9lmilli\u00f3 turista lepte el a tengerpartot"},"content":{"rendered":"<p>A t\u00e9rs\u00e9g als\u00f3h\u00e1zi k\u00e9pvisel\u0151je, Tobias Ellwood a Twitteren k\u00f6zz\u00e9tett cs\u00fct\u00f6rt\u00f6ki bejegyz\u00e9s\u00e9ben <strong>f\u00e9lmilli\u00f3sra taks\u00e1lta a Dorset megy\u00e9ben l\u00e9v\u0151, 180 ezer lakos\u00fa v\u00e1ros tengerpartj\u00e1t ellep\u0151 t\u00f6meget<\/strong> \u00e9s k\u00f6z\u00f6lte: felk\u00e9rte a rend\u0151rs\u00e9gi \u00fcgyek\u00e9rt felel\u0151s bel\u00fcgyi \u00e1llamtitk\u00e1rt rend\u0151ri alakulatok kivez\u00e9nyl\u00e9s\u00e9re, ha Dorset vezet\u00e9se ezt sz\u00fcks\u00e9gesnek tartja.<\/p>\n<h2>Senki sem tartja be a szab\u00e1lyokat<\/h2>\n<figure id=\"attachment_13144\" aria-describedby=\"caption-attachment-13144\" style=\"width: 755px\" class=\"wp-caption alignnone\"><img loading=\"lazy\" decoding=\"async\" class=\"size-article-size-large-image wp-image-13144\" src=\"https:\/\/www.startlap.hu\/utazas\/uploads\/sites\/3\/2020\/06\/bournemouth_tengerpart_01-755x417.jpg\" alt=\"bournemouth tengerpart turizmus\" width=\"755\" height=\"417\" srcset=\"https:\/\/www.startlap.hu\/utazas\/uploads\/sites\/3\/2020\/06\/bournemouth_tengerpart_01-755x417.jpg 755w, https:\/\/www.startlap.hu\/utazas\/uploads\/sites\/3\/2020\/06\/bournemouth_tengerpart_01-215x120.jpg 215w, https:\/\/www.startlap.hu\/utazas\/uploads\/sites\/3\/2020\/06\/bournemouth_tengerpart_01-633x350.jpg 633w, https:\/\/www.startlap.hu\/utazas\/uploads\/sites\/3\/2020\/06\/bournemouth_tengerpart_01.jpg 1200w\" sizes=\"auto, (max-width: 755px) 100vw, 755px\" \/><figcaption id=\"caption-attachment-13144\" class=\"wp-caption-text\">Glyn KIRK \/ AFP<\/figcaption><\/figure>\n<p><a href=\"https:\/\/www.startlap.hu\/utazas\/karanten-nagy-britannia-beutazas\/\" target=\"_blank\" rel=\"noopener\">Nagy-Britanni\u00e1ban<\/a> ezekben a napokban 31-34 fokos k\u00e1nikula van, \u00e9s rengetegen keltek \u00fatra a d\u00e9l-angliai tengerpartok fel\u00e9, amelyek <strong>a legkedveltebb hazai turistak\u00f6zpontok<\/strong> k\u00f6z\u00e9 tatoznak a ny\u00e1ri id\u0151szakban.<\/p>\n<p>Mindazon\u00e1ltal tov\u00e1bbra is \u00e9rv\u00e9nyben vannak a <a href=\"https:\/\/koronavirus.lap.hu\/\" target=\"_blank\" target=\"_blank\" rel=\"noopener\">koronav\u00edrus<\/a>-j\u00e1rv\u00e1ny megf\u00e9kez\u00e9s\u00e9t c\u00e9lz\u00f3 rendelkez\u00e9sek, k\u00f6zt\u00fck az, amelynek alapj\u00e1n a nem egy h\u00e1ztart\u00e1sban lak\u00f3knak szabadt\u00e9ren is legal\u00e1bb k\u00e9t m\u00e9ter t\u00e1vols\u00e1got kell tartaniuk egym\u00e1st\u00f3l.<\/p>\n<figure id=\"attachment_13145\" aria-describedby=\"caption-attachment-13145\" style=\"width: 755px\" class=\"wp-caption alignnone\"><img loading=\"lazy\" decoding=\"async\" class=\"size-article-size-large-image wp-image-13145\" src=\"https:\/\/www.startlap.hu\/utazas\/uploads\/sites\/3\/2020\/06\/bournemouth_tengerpart_02-755x503.jpg\" alt=\"bournemouth tengerpart\" width=\"755\" height=\"503\" srcset=\"https:\/\/www.startlap.hu\/utazas\/uploads\/sites\/3\/2020\/06\/bournemouth_tengerpart_02-755x503.jpg 755w, https:\/\/www.startlap.hu\/utazas\/uploads\/sites\/3\/2020\/06\/bournemouth_tengerpart_02-526x350.jpg 526w, https:\/\/www.startlap.hu\/utazas\/uploads\/sites\/3\/2020\/06\/bournemouth_tengerpart_02.jpg 1200w\" sizes=\"auto, (max-width: 755px) 100vw, 755px\" \/><figcaption id=\"caption-attachment-13145\" class=\"wp-caption-text\">Glyn KIRK \/ AFP<\/figcaption><\/figure>\n<p>Bournemouth&nbsp;\u00e9s m\u00e1s d\u00e9li \u00fcd\u00fcl\u0151helyek tengerpartjain azonban a cs\u00fct\u00f6rt\u00f6ki helysz\u00edni felv\u00e9telek tan\u00fas\u00e1ga szerint ezt gyakorlatilag senki nem tartja be, a partokat teljesen ellept\u00e9k a turist\u00e1k t\u00edzezrei.<\/p>\n<h2>Major incident<\/h2>\n<p>Bournemouth&nbsp;tan\u00e1cs\u00e1nak eln\u00f6ke, Vikki Slade cs\u00fct\u00f6rt\u00f6ki nyilatkozat\u00e1ban megd\u00f6bbent\u0151nek \u00e9s felel\u0151tlennek nevezte a tengerpartra \u00f6z\u00f6nl\u0151 t\u00f6meg viselked\u00e9s\u00e9t \u00e9s k\u00f6z\u00f6lte: <strong>a tan\u00e1csnak nem maradt m\u00e1s lehet\u0151s\u00e9ge, mint a komoly incidens kihirdet\u00e9se<\/strong>.<\/p>\n<p>Az angol jogrendszerben a komoly incidens (major incident) hat\u00f3s\u00e1gi deklar\u00e1l\u00e1sa lehet\u0151s\u00e9get teremt a s\u00fcrg\u0151ss\u00e9gi szolg\u00e1latok beavatkoz\u00e1s\u00e1ra olyan esetekben is, amikor rendbont\u00e1s vagy sz\u00e1nd\u00e9kos k\u00e1rokoz\u00e1s nem t\u00f6rt\u00e9nt, de fenn\u00e1ll a kock\u00e1zata, hogy az adott fejlem\u00e9ny vesz\u00e9lyhelyzet kialakul\u00e1s\u00e1hoz vezethet.<\/p>\n<figure id=\"attachment_13146\" aria-describedby=\"caption-attachment-13146\" style=\"width: 755px\" class=\"wp-caption alignnone\"><img loading=\"lazy\" decoding=\"async\" class=\"size-article-size-large-image wp-image-13146\" src=\"https:\/\/www.startlap.hu\/utazas\/uploads\/sites\/3\/2020\/06\/bournemouth_tengerpart_03-755x502.jpg\" alt=\"bournemouth tengerpart\" width=\"755\" height=\"502\" srcset=\"https:\/\/www.startlap.hu\/utazas\/uploads\/sites\/3\/2020\/06\/bournemouth_tengerpart_03-755x502.jpg 755w, https:\/\/www.startlap.hu\/utazas\/uploads\/sites\/3\/2020\/06\/bournemouth_tengerpart_03-250x165.jpg 250w, https:\/\/www.startlap.hu\/utazas\/uploads\/sites\/3\/2020\/06\/bournemouth_tengerpart_03-526x350.jpg 526w, https:\/\/www.startlap.hu\/utazas\/uploads\/sites\/3\/2020\/06\/bournemouth_tengerpart_03.jpg 1200w\" sizes=\"auto, (max-width: 755px) 100vw, 755px\" \/><figcaption id=\"caption-attachment-13146\" class=\"wp-caption-text\">Glyn KIRK \/ AFP<\/figcaption><\/figure>\n<p>Tobias Ellwood cs\u00fct\u00f6rt\u00f6ki Twitter-bejegyz\u00e9s\u00e9ben k\u00f6z\u00f6lte, hogy a helyi hat\u00f3s\u00e1gok t\u00f6megoszlat\u00e1si utas\u00edt\u00e1sokat adtak ki. Ennek azonban a helysz\u00edni besz\u00e1mol\u00f3k szerint cs\u00fct\u00f6rt\u00f6k d\u00e9lut\u00e1n sem volt sok l\u00e1tszata.<\/p>\n<h2>Laz\u00edt\u00e1sok j\u00falius 4-\u00e9t\u0151l<\/h2>\n<p>Boris Johnson minisztereln\u00f6k a h\u00e9t elej\u00e9n <a href=\"https:\/\/www.startlap.hu\/utazas\/nyitnak-a-szallodak-pubok-muzeumok-az-egyesult-kiralysagban\/\" target=\"_blank\" rel=\"noopener\">bejelentette<\/a>: a koronav\u00edrus-j\u00e1rv\u00e1ny visszavonul\u00e1sa imm\u00e1r lehet\u0151v\u00e9 teszi, hogy a j\u00f6v\u0151 h\u00e9t v\u00e9g\u00e9n Angli\u00e1ban kinyithassanak a vend\u00e9gl\u00e1t\u00f3helyek, a sz\u00e1llod\u00e1k, a m\u00fazeumok, a turistal\u00e1tv\u00e1nyoss\u00e1gok, \u00e9s laz\u00edtani lehet az emberek k\u00f6z\u00f6tti k\u00f6telez\u0151 t\u00e1vols\u00e1gtart\u00e1st el\u0151\u00edr\u00f3 szab\u00e1lyt is.<\/p>\n<p>Johnson hozz\u00e1tette: a brit korm\u00e1ny meg\u00edt\u00e9l\u00e9se szerint <strong>nem fenyeget olyan m\u00e1sodik koronav\u00edrus-fert\u0151z\u00e9si hull\u00e1m<\/strong>, amely maga al\u00e1 gy\u0171rhetn\u00e9 a brit \u00e1llami eg\u00e9szs\u00e9g\u00fcgyi szolg\u00e1latot (NHS).<\/p>\n<blockquote class=\"article__extraTxt\"><p>A korl\u00e1toz\u00e1sokat enyh\u00edt\u0151 int\u00e9zked\u00e9sek azonban csak j\u00falius 4-\u00e9n, j\u00f6v\u0151 szombaton l\u00e9pnek \u00e9letbe, \u00e9s addig a jelenleg \u00e9rv\u00e9nyes korl\u00e1toz\u00f3 el\u0151\u00edr\u00e1sokat kell betartani.<\/p><\/blockquote>\n<p>A cs\u00fct\u00f6rt\u00f6ki friss adatsor szerint Nagy-Britanni\u00e1ban eddig 43 230 olyan beteg halt meg, akinek szervezet\u00e9ben sz\u0171r\u0151vizsg\u00e1lattal kimutatt\u00e1k az \u00faj koronav\u00edrus jelenl\u00e9t\u00e9t. A j\u00e1rv\u00e1ny intenzit\u00e1sa azonban jelent\u0151sen enyh\u00fclt.<\/p>\n<p><span style=\"font-size: 12px\">(MTI)<\/span><\/p>\n","protected":false},"excerpt":{"rendered":"<p>Hat\u00f3s\u00e1gi int\u00e9zked\u00e9st ig\u00e9nyl\u0151 komoly incidensnek min\u0151s\u00edtette cs\u00fct\u00f6rt\u00f6k\u00f6n a d\u00e9lnyugat-angliai Bournemouth v\u00e1ros\u00e1nak tan\u00e1csa a tengerpartra l\u00e1togat\u00f3 turist\u00e1k \u00f6z\u00f6n\u00e9t.<\/p>\n","protected":false},"author":36,"featured_media":13144,"comment_status":"open","ping_status":"open","sticky":false,"template":"","format":"standard","meta":{"footnotes":""},"categories":[70],"tags":[367,2260,1358,18,408],"class_list":["post-13142","post","type-post","status-publish","format-standard","has-post-thumbnail","hentry","category-vilag","tag-anglia","tag-bournemouth","tag-koronavirus","tag-tengerpart","tag-turizmus"],"aioseo_notices":[],"_links":{"self":[{"href":"https:\/\/www.startlap.hu\/utazas\/wp-json\/wp\/v2\/posts\/13142","targetHints":{"allow":["GET"]}}],"collection":[{"href":"https:\/\/www.startlap.hu\/utazas\/wp-json\/wp\/v2\/posts"}],"about":[{"href":"https:\/\/www.startlap.hu\/utazas\/wp-json\/wp\/v2\/types\/post"}],"author":[{"embeddable":true,"href":"https:\/\/www.startlap.hu\/utazas\/wp-json\/wp\/v2\/users\/36"}],"replies":[{"embeddable":true,"href":"https:\/\/www.startlap.hu\/utazas\/wp-json\/wp\/v2\/comments?post=13142"}],"version-history":[{"count":1,"href":"https:\/\/www.startlap.hu\/utazas\/wp-json\/wp\/v2\/posts\/13142\/revisions"}],"predecessor-version":[{"id":13147,"href":"https:\/\/www.startlap.hu\/utazas\/wp-json\/wp\/v2\/posts\/13142\/revisions\/13147"}],"wp:featuredmedia":[{"embeddable":true,"href":"https:\/\/www.startlap.hu\/utazas\/wp-json\/wp\/v2\/media\/13144"}],"wp:attachment":[{"href":"https:\/\/www.startlap.hu\/utazas\/wp-json\/wp\/v2\/media?parent=13142"}],"wp:term":[{"taxonomy":"category","embeddable":true,"href":"https:\/\/www.startlap.hu\/utazas\/wp-json\/wp\/v2\/categories?post=13142"},{"taxonomy":"post_tag","embeddable":true,"href":"https:\/\/www.startlap.hu\/utazas\/wp-json\/wp\/v2\/tags?post=13142"}],"curies":[{"name":"wp","href":"https:\/\/api.w.org\/{rel}","templated":true}]}}