{"id":12999,"date":"2020-06-25T13:27:28","date_gmt":"2020-06-25T11:27:28","guid":{"rendered":"https:\/\/www.startlap.hu\/utazas\/?p=12999"},"modified":"2020-06-25T13:27:28","modified_gmt":"2020-06-25T11:27:28","slug":"nyitnak-a-szallodak-pubok-muzeumok-az-egyesult-kiralysagban","status":"publish","type":"post","link":"https:\/\/www.startlap.hu\/utazas\/nyitnak-a-szallodak-pubok-muzeumok-az-egyesult-kiralysagban\/","title":{"rendered":"Nyitnak a sz\u00e1llod\u00e1k, pubok, m\u00fazeumok az Egyes\u00fclt Kir\u00e1lys\u00e1gban"},"content":{"rendered":"<p>Boris Johnson a londoni als\u00f3h\u00e1z k\u00e9pvisel\u0151inek tartott t\u00e1j\u00e9koztat\u00f3j\u00e1ban elmondta: az \u00faj fert\u0151z\u00e9sek sz\u00e1ma naponta 2-4 sz\u00e1zal\u00e9kkal cs\u00f6kken.<\/p>\n<p>Hozz\u00e1tette: m\u00e1jus els\u0151 fel\u00e9ben az Egyes\u00fclt Kir\u00e1lys\u00e1g eg\u00e9sz\u00e9ben csaknem 69 ezer \u00faj <a href=\"http:\/\/koronavirus.lap.hu\" target=\"_blank\">koronav\u00edrus-fert\u0151z\u00e9st<\/a> mutattak ki sz\u0171r\u0151vizsg\u00e1lattal, j\u00fanius els\u0151 fel\u00e9ben ugyanakkor m\u00e1r csak 22 ezer koronav\u00edrusteszt eredm\u00e9nye lett pozit\u00edv, 70 sz\u00e1zal\u00e9kkal kevesebb, mint egy h\u00f3nappal kor\u00e1bban.&nbsp; N\u00e9gy h\u00e9ttel ezel\u0151tt Angli\u00e1ban \u00e1tlagosan minden 400 ember k\u00f6z\u00fcl egy volt koronav\u00edrus-fert\u0151z\u00f6tt, j\u00fanius els\u0151 fel\u00e9ben azonban a fert\u0151z\u00f6ttek ar\u00e1nya m\u00e1r csak 1:1700 volt &#8211; mondta a konzervat\u00edv p\u00e1rti brit korm\u00e1nyf\u0151. Hozz\u00e1tette: m\u00e1jus 11-\u00e9n Angli\u00e1ban, Walesben \u00e9s \u00c9szak-\u00cdrorsz\u00e1gban 1073 p\u00e1cienst vettek fel a k\u00f3rh\u00e1zak koronav\u00edrus-fert\u0151z\u00e9s miatt, j\u00fanius 20-\u00e1ra azonban a Covid-19 betegs\u00e9ggel \u00fajonnan k\u00f3rh\u00e1zba sz\u00e1ll\u00edtottak sz\u00e1ma 74 sz\u00e1zal\u00e9kkal 283-ra cs\u00f6kkent.<\/p>\n<p>A minisztereln\u00f6k ismertet\u00e9se szerint a napi hal\u00e1lesetek sz\u00e1ma h\u00e9tnapos mozg\u00f3 id\u0151szakok \u00e1tlag\u00e1ban sz\u00e1molva \u00e1prilis 14-\u00e9n tet\u0151z\u00f6tt 943 hal\u00e1loz\u00e1ssal. M\u00e1jus 14-\u00e9n 476, a h\u00e9tf\u0151n z\u00e1rult h\u00e9tnapos id\u0151szakban 130 volt hal\u00e1loz\u00e1sok sz\u00e1m\u00e1nak napi \u00e1tlaga.&nbsp;<\/p>\n<h2>Johnson szerint m\u00e9g nem fenyeget m\u00e1sodik hull\u00e1m<\/h2>\n<p>Johnson hangs\u00falyozta: j\u00f3llehet az \u00e9bers\u00e9g tov\u00e1bbra is k\u00f6telez\u0151, a brit korm\u00e1ny meg\u00edt\u00e9l\u00e9se szerint azonban jelenleg nem fenyeget olyan m\u00e1sodik koronav\u00edrus-fert\u0151z\u00e9si hull\u00e1m, amely maga al\u00e1 gy\u0171rhetn\u00e9 a brit \u00e1llami eg\u00e9szs\u00e9g\u00fcgyi szolg\u00e1latot (NHS). A korm\u00e1nyf\u0151 kijelentette: tekintettel a koronav\u00edrus elterjedts\u00e9g\u00e9nek jelent\u0151s cs\u00f6kken\u00e9s\u00e9re, <strong>a brit hat\u00f3s\u00e1gok j\u00falius 4-\u00e9t\u0151l m\u00f3dos\u00edtj\u00e1k azt z el\u0151\u00edr\u00e1st, amelynek alapj\u00e1n a nem egy h\u00e1ztart\u00e1sban \u00e9l\u0151knek jelenleg legal\u00e1bb k\u00e9t m\u00e9ter t\u00e1vols\u00e1got kell tartaniuk egym\u00e1st\u00f3l.&nbsp;<\/strong><\/p>\n<p>Johnson szerint ez a szab\u00e1ly lehetetlenn\u00e9 teszi a brit gazdas\u00e1g nagy r\u00e9sz\u00e9nek m\u0171k\u00f6d\u00e9s\u00e9t; a vend\u00e9gl\u00e1t\u00f3 \u00e1gazatnak p\u00e9ld\u00e1ul csak egy kis t\u00f6red\u00e9ke tud \u00edgy m\u0171k\u00f6dni.<\/p>\n<figure id=\"attachment_13013\" aria-describedby=\"caption-attachment-13013\" style=\"width: 755px\" class=\"wp-caption aligncenter\"><img loading=\"lazy\" decoding=\"async\" class=\"size-article-size-large-image wp-image-13013\" src=\"https:\/\/www.startlap.hu\/utazas\/uploads\/sites\/3\/2020\/06\/boris_johnson_egyedult_kiralysag-755x503.jpg\" alt=\"Boris Johnson bejelentette, nyitnak a sz\u00e1llod\u00e1k az Egyes\u00fclt Kir\u00e1lys\u00e1gban\" width=\"755\" height=\"503\" srcset=\"https:\/\/www.startlap.hu\/utazas\/uploads\/sites\/3\/2020\/06\/boris_johnson_egyedult_kiralysag-755x503.jpg 755w, https:\/\/www.startlap.hu\/utazas\/uploads\/sites\/3\/2020\/06\/boris_johnson_egyedult_kiralysag-526x350.jpg 526w, https:\/\/www.startlap.hu\/utazas\/uploads\/sites\/3\/2020\/06\/boris_johnson_egyedult_kiralysag.jpg 1024w\" sizes=\"auto, (max-width: 755px) 100vw, 755px\" \/><figcaption id=\"caption-attachment-13013\" class=\"wp-caption-text\">Carl Court\/Getty Images<\/figcaption><\/figure>\n<p>Az &#8222;egy m\u00e9ter plusz&#8221; nev\u0171 \u00faj szab\u00e1ly \u00e9rtelm\u00e9ben az embereknek a j\u00f6v\u0151 h\u00e9t v\u00e9g\u00e9t\u0151l egy m\u00e9ter t\u00e1vols\u00e1got kell tartaniuk egym\u00e1st\u00f3l, kieg\u00e9sz\u00edt\u0151 kock\u00e1zatcs\u00f6kkent\u0151 int\u00e9zked\u00e9sek \u00e9rv\u00e9nyes\u00edt\u00e9s\u00e9vel egy\u00fctt.<\/p>\n<p>Ezek k\u00f6z\u00e9 tartozik m\u00e1sok mellett az irod\u00e1k \u00e1trendez\u00e9se \u00fagy, hogy az egy irodai t\u00e9rben dolgoz\u00f3k ne egym\u00e1ssal szemben \u00fcljenek, az ugyanabban a z\u00e1rt t\u00e9rben tart\u00f3zkod\u00f3k sz\u00e1m\u00e1t cs\u00f6kkenteni kell, jav\u00edtani kell a szell\u0151z\u00e9st, a m\u0171k\u00f6d\u00e9shez nem felt\u00e9tlen\u00fcl sz\u00fcks\u00e9ges k\u00f6z\u00f6ss\u00e9gi tereket le kell z\u00e1rni, gondoskodni kell k\u00e9zfert\u0151tlen\u00edt\u0151k kihelyez\u00e9s\u00e9r\u0151l \u00e9s a m\u0171szakokat \u00fagy kell kialak\u00edtani, hogy mindig ugyanazok a csoportok dolgozzanak egy\u00fctt.<\/p>\n<p>A korm\u00e1ny \u00faj \u00fatmutat\u00e1sa alapj\u00e1n emellett j\u00falius 4-\u00e9t\u0151l k\u00e9t k\u00fcl\u00f6n h\u00e1ztart\u00e1s tetsz\u0151leges sz\u00e1m\u00fa tagjai szabadt\u00e9ren \u00e9s \u00e9p\u00fcletekben egyar\u00e1nt korl\u00e1toz\u00e1s n\u00e9lk\u00fcl tal\u00e1lkozhatnak. Ez a m\u00f3dos\u00edt\u00e1s feloldja azt a jelenlegi korl\u00e1toz\u00e1st, amelynek alapj\u00e1n mindig csak ugyanannak a k\u00e9t k\u00fcl\u00f6n h\u00e1ztart\u00e1snak a tagjai tal\u00e1lkozhatnak, \u00e9s csak szabadt\u00e9ren, p\u00e9ld\u00e1ul egyik\u00fck otthon\u00e1nak kertj\u00e9ben.<\/p>\n<h2>Nyitnak a hotelek \u00e9s pubok is<\/h2>\n<p>J\u00f6v\u0151 szombatt\u00f3l kinyithatnak <strong>az \u00e9ttermek \u00e9s a <a href=\"https:\/\/www.startlap.hu\/utazas\/hogyan-kocsmazzunk-jarvany-idejen\/\" target=\"_blank\" rel=\"noopener\">pubok<\/a> is<\/strong>, de csak \u00fagy, hogy bels\u0151 ter\u00fckben biztos\u00edtj\u00e1k az asztali rendel\u00e9sfelv\u00e9telt \u00e9s a felszolg\u00e1l\u00e1st, vagyis a vend\u00e9geknek nem kell a p\u00e9nzt\u00e1rakn\u00e1l vagy a kiszolg\u00e1l\u00f3pultokn\u00e1l sorban \u00e1llniuk.&nbsp;<\/p>\n<p>A k\u00e9t m\u00e9ter t\u00e1vols\u00e1g betart\u00e1s\u00e1t el\u0151\u00edr\u00f3 szab\u00e1ly enyh\u00edt\u00e9s\u00e9t els\u0151sorban a vend\u00e9gl\u00e1t\u00f3 szakma szorgalmazta. Kate Nicholls, a brit vend\u00e9gl\u00e1t\u00f3 \u00e1gazat \u00fczleti \u00e9rdekv\u00e9delmi szervezet\u00e9nek &#8211; UK Hospitality &#8211; vez\u00e9rigazgat\u00f3ja a BBC k\u00f6zszolg\u00e1lati r\u00e1di\u00f3nak a minap elmondta: <strong>ha egym\u00e1st\u00f3l csak k\u00e9t m\u00e9terre lehet le\u00fcltetni a vend\u00e9geket, akkor a vend\u00e9gl\u00e1t\u00f3helyek szok\u00e1sos bev\u00e9tel\u00fcknek mind\u00f6ssze a 30 sz\u00e1zal\u00e9k\u00e1t tudj\u00e1k el\u00e9rni<\/strong>, ha azonban a k\u00f6telez\u0151 t\u00e1vols\u00e1gtart\u00e1s egy m\u00e9terre cs\u00f6kken, a bev\u00e9telek el\u00e9rhetik a szok\u00e1sos szint 60-75 sz\u00e1zal\u00e9k\u00e1t.<\/p>\n<figure id=\"attachment_13015\" aria-describedby=\"caption-attachment-13015\" style=\"width: 755px\" class=\"wp-caption aligncenter\"><img loading=\"lazy\" decoding=\"async\" class=\"size-article-size-large-image wp-image-13015\" src=\"https:\/\/www.startlap.hu\/utazas\/uploads\/sites\/3\/2020\/06\/hotel_nagybritannia-755x505.jpg\" alt=\"nyitnak a hotelek Nagy-Britanni\u00e1ban\" width=\"755\" height=\"505\" srcset=\"https:\/\/www.startlap.hu\/utazas\/uploads\/sites\/3\/2020\/06\/hotel_nagybritannia-755x505.jpg 755w, https:\/\/www.startlap.hu\/utazas\/uploads\/sites\/3\/2020\/06\/hotel_nagybritannia-523x350.jpg 523w, https:\/\/www.startlap.hu\/utazas\/uploads\/sites\/3\/2020\/06\/hotel_nagybritannia.jpg 1024w\" sizes=\"auto, (max-width: 755px) 100vw, 755px\" \/><figcaption id=\"caption-attachment-13015\" class=\"wp-caption-text\">Heritage Images\/Getty Images<\/figcaption><\/figure>\n<p>Boris Johnson keddi bejelent\u00e9se szerint <strong>minden szabadid\u0151s l\u00e9tes\u00edtm\u00e9ny \u00e9s turistal\u00e1tv\u00e1nyoss\u00e1g is megnyithat a j\u00f6v\u0151 h\u00e9t v\u00e9g\u00e9n<\/strong>, ha ezt biztons\u00e1gosan meg tudja tenni.<\/p>\n<p>Kinyithatnak a szabadt\u00e9ri edz\u0151l\u00e9tes\u00edtm\u00e9nyek, a hotelek, j\u00e1tsz\u00f3terek, a mozik, a m\u00fazeumok, a k\u00e9pt\u00e1rak, a szabadid\u0151parkok, a k\u00f6nyvt\u00e1rak, a vall\u00e1si int\u00e9zm\u00e9nyek \u00e9s a k\u00f6z\u00f6ss\u00e9gi k\u00f6zpontok.<\/p>\n<blockquote class=\"article__extraTxt\"><p>Az \u00e9jszakai sz\u00f3rakoz\u00f3helyek, az uszod\u00e1k, a v\u00edziparkok \u00e9s a gy\u00f3gyf\u00fcrd\u0151k azonban egyel\u0151re z\u00e1rva maradnak.&nbsp;<\/p><\/blockquote>\n<p>Johnson hangs\u00falyozta azt is, hogy minden enyh\u00edt\u00e9si l\u00e9p\u00e9s felt\u00e9teles \u00e9s visszaford\u00edthat\u00f3, \u00e9s ha a j\u00e1rv\u00e1nyhelyzet megk\u00f6veteli, a korm\u00e1ny nem riadna vissza ak\u00e1r orsz\u00e1gos szint\u0171 korl\u00e1toz\u00e1sok \u00fajb\u00f3li bevezet\u00e9s\u00e9t\u0151l sem.<\/p>\n","protected":false},"excerpt":{"rendered":"<p>A nagy-britanniai koronav\u00edrus-j\u00e1rv\u00e1ny enyh\u00fcl\u00e9se imm\u00e1r lehet\u0151v\u00e9 teszi, hogy a j\u00f6v\u0151 h\u00e9t v\u00e9g\u00e9n Angli\u00e1ban kinyithassanak a vend\u00e9gl\u00e1t\u00f3helyek, a sz\u00e1llod\u00e1k, a m\u00fazeumok, a turistal\u00e1tv\u00e1nyoss\u00e1gok, \u00e9s laz\u00edtani lehet az emberek k\u00f6z\u00f6tti k\u00f6telez\u0151 t\u00e1vols\u00e1gtart\u00e1st el\u0151\u00edr\u00f3 szab\u00e1lyt is &#8211; mondta kedden a brit minisztereln\u00f6k.<\/p>\n","protected":false},"author":36,"featured_media":13015,"comment_status":"open","ping_status":"open","sticky":false,"template":"","format":"standard","meta":{"footnotes":""},"categories":[70],"tags":[369,1108],"class_list":["post-12999","post","type-post","status-publish","format-standard","has-post-thumbnail","hentry","category-vilag","tag-egyesult-kiralysag","tag-hotel"],"aioseo_notices":[],"_links":{"self":[{"href":"https:\/\/www.startlap.hu\/utazas\/wp-json\/wp\/v2\/posts\/12999","targetHints":{"allow":["GET"]}}],"collection":[{"href":"https:\/\/www.startlap.hu\/utazas\/wp-json\/wp\/v2\/posts"}],"about":[{"href":"https:\/\/www.startlap.hu\/utazas\/wp-json\/wp\/v2\/types\/post"}],"author":[{"embeddable":true,"href":"https:\/\/www.startlap.hu\/utazas\/wp-json\/wp\/v2\/users\/36"}],"replies":[{"embeddable":true,"href":"https:\/\/www.startlap.hu\/utazas\/wp-json\/wp\/v2\/comments?post=12999"}],"version-history":[{"count":5,"href":"https:\/\/www.startlap.hu\/utazas\/wp-json\/wp\/v2\/posts\/12999\/revisions"}],"predecessor-version":[{"id":13020,"href":"https:\/\/www.startlap.hu\/utazas\/wp-json\/wp\/v2\/posts\/12999\/revisions\/13020"}],"wp:featuredmedia":[{"embeddable":true,"href":"https:\/\/www.startlap.hu\/utazas\/wp-json\/wp\/v2\/media\/13015"}],"wp:attachment":[{"href":"https:\/\/www.startlap.hu\/utazas\/wp-json\/wp\/v2\/media?parent=12999"}],"wp:term":[{"taxonomy":"category","embeddable":true,"href":"https:\/\/www.startlap.hu\/utazas\/wp-json\/wp\/v2\/categories?post=12999"},{"taxonomy":"post_tag","embeddable":true,"href":"https:\/\/www.startlap.hu\/utazas\/wp-json\/wp\/v2\/tags?post=12999"}],"curies":[{"name":"wp","href":"https:\/\/api.w.org\/{rel}","templated":true}]}}