{"id":12418,"date":"2020-06-15T19:26:07","date_gmt":"2020-06-15T17:26:07","guid":{"rendered":"https:\/\/www.startlap.hu\/utazas\/?p=12418"},"modified":"2020-06-15T18:26:20","modified_gmt":"2020-06-15T16:26:20","slug":"velence-hajo-turizmus-tuntetes-demonstracio-koronavirus","status":"publish","type":"post","link":"https:\/\/www.startlap.hu\/utazas\/velence-hajo-turizmus-tuntetes-demonstracio-koronavirus\/","title":{"rendered":"A turizmus ellen t\u00fcntetnek a velenceiek"},"content":{"rendered":"<p>Az idegenforgalom fellend\u00fcl\u00e9s\u00e9t\u0151l nem mindenki van elragadtatva: Velence partjain t\u00fcntet\u0151k gy\u0171ltek \u00f6ssze, hogy a t\u00f6meges&nbsp;<a href=\"https:\/\/www.startlap.hu\/utazas\/korlatoznak-a-turistak-szamat-velenceben\/\" target=\"_blank\" rel=\"noopener\">turizmus szab\u00e1lyoz\u00e1s\u00e1\u00e9rt<\/a> \u00e9s a v\u00e1rosba \u00e9rkez\u0151 tengerj\u00e1r\u00f3k ellen nyilv\u00e1n\u00edts\u00e1k ki v\u00e9lem\u00e9ny\u00fcket.<\/p>\n<h2>Nem kell nagy haj\u00f3 Velenc\u00e9be!&nbsp;<\/h2>\n<p>A t\u00fcntet\u00e9st a Comitato No Grandi Navi (Mondjunk nemet a nagy haj\u00f3kra bizotts\u00e1g) szervezte a Zatter\u00e9re, a v\u00e1ros n\u00e9pszer\u0171 s\u00e9t\u00e1ny\u00e1ra aznap, amikor a v\u00e1ros egyik legf\u0151bb l\u00e1tv\u00e1nyoss\u00e1g\u00e1nak sz\u00e1m\u00edt\u00f3 korz\u00f3 \u00fajb\u00f3l megnyitott a k\u00fclf\u00f6ldi l\u00e1togat\u00f3k el\u0151tt &#8211; \u00edrja a <a href=\"https:\/\/www.dailymail.co.uk\/news\/article-8418039\/Protesters-Venice-demonstrate-against-mass-tourism-huge-cruise-ships.html?fbclid=IwAR2r7KhJK4eCOWVqP_hGnLaozxTfummsEGY2M4Vh-37Dxro6JqA1SWJkOq0\" target=\"_blank\" target=\"_blank\" rel=\"noopener\">Daily Mail<\/a>.<\/p>\n<figure id=\"attachment_12419\" aria-describedby=\"caption-attachment-12419\" style=\"width: 755px\" class=\"wp-caption alignnone\"><img loading=\"lazy\" decoding=\"async\" class=\"size-article-size-large-image wp-image-12419\" src=\"https:\/\/www.startlap.hu\/utazas\/uploads\/sites\/3\/2020\/06\/velence-755x504.jpg\" alt=\"Velence, Olaszorsz\u00e1g\" width=\"755\" height=\"504\" srcset=\"https:\/\/www.startlap.hu\/utazas\/uploads\/sites\/3\/2020\/06\/velence-755x504.jpg 755w, https:\/\/www.startlap.hu\/utazas\/uploads\/sites\/3\/2020\/06\/velence-525x350.jpg 525w, https:\/\/www.startlap.hu\/utazas\/uploads\/sites\/3\/2020\/06\/velence.jpg 1024w\" sizes=\"auto, (max-width: 755px) 100vw, 755px\" \/><figcaption id=\"caption-attachment-12419\" class=\"wp-caption-text\">T\u00fcntet\u0151k Velenc\u00e9ben \/ Fot\u00f3: Stefano Mazzola \/ Fel\u00e9bred\u00e9s \/ Getty Images<\/figcaption><\/figure>\n<p>A demonstr\u00e1l\u00f3 emberl\u00e1nc a nagy <strong>tengerj\u00e1r\u00f3k okozta probl\u00e9m\u00e1kra<\/strong> igyekezett felh\u00edvni a figyelmet. Azt szeretn\u00e9k, hogy a <a href=\"https:\/\/www.startlap.hu\/utazas\/velence-koronavirus-olaszorszag-turizmus\/\" target=\"_blank\" rel=\"noopener\">koronav\u00edrus<\/a> ut\u00e1n a velencei m\u00e1shogy, \u00faj m\u00f3don menjen tov\u00e1bb. Ennek az eleme a nagy <a href=\"https:\/\/www.startlap.hu\/utazas\/ujra-lehet-gondolazni-velenceben\/\" target=\"_blank\" rel=\"noopener\">haj\u00f3k<\/a> kiz\u00e1r\u00e1sa, a helyi lakosok viszont nagyobb m\u00e9rt\u00e9kben venn\u00e9k ig\u00e9nybe a turisztikai szolg\u00e1ltat\u00e1sokat.&nbsp;<\/p>\n<p>(<a href=\"https:\/\/www.travelo.hu\/tavol\/20200615-olaszorszag-velence-tuntetes-a-turizmus-ellen.html\" target=\"_blank\" target=\"_blank\" rel=\"noopener\">via<\/a>)<\/p>\n","protected":false},"excerpt":{"rendered":"<p>A 3 h\u00f3napos lez\u00e1r\u00e1s ut\u00e1n \u00fajraindult a turizmus Velenc\u00e9ben, t\u00f6bb sz\u00e1z olasz \u00e9s k\u00fclf\u00f6ldi turista alkotott t\u00f6bb mint 300 m\u00e9teres sort a Szent M\u00e1rk t\u00e9ren, a hotelek pedig 1000 internetes foglal\u00e1st r\u00f6gz\u00edtettek az \u00fajranyit\u00e1s napj\u00e1ra. Persze ennek nem mindenki \u00f6r\u00fcl&#8230;<\/p>\n","protected":false},"author":43,"featured_media":12419,"comment_status":"open","ping_status":"open","sticky":false,"template":"","format":"standard","meta":{"footnotes":""},"categories":[70],"tags":[1483,15,2123,408,640],"class_list":["post-12418","post","type-post","status-publish","format-standard","has-post-thumbnail","hentry","category-vilag","tag-hajo","tag-olaszorszag","tag-tuntetes","tag-turizmus","tag-velence"],"aioseo_notices":[],"_links":{"self":[{"href":"https:\/\/www.startlap.hu\/utazas\/wp-json\/wp\/v2\/posts\/12418","targetHints":{"allow":["GET"]}}],"collection":[{"href":"https:\/\/www.startlap.hu\/utazas\/wp-json\/wp\/v2\/posts"}],"about":[{"href":"https:\/\/www.startlap.hu\/utazas\/wp-json\/wp\/v2\/types\/post"}],"author":[{"embeddable":true,"href":"https:\/\/www.startlap.hu\/utazas\/wp-json\/wp\/v2\/users\/43"}],"replies":[{"embeddable":true,"href":"https:\/\/www.startlap.hu\/utazas\/wp-json\/wp\/v2\/comments?post=12418"}],"version-history":[{"count":5,"href":"https:\/\/www.startlap.hu\/utazas\/wp-json\/wp\/v2\/posts\/12418\/revisions"}],"predecessor-version":[{"id":12424,"href":"https:\/\/www.startlap.hu\/utazas\/wp-json\/wp\/v2\/posts\/12418\/revisions\/12424"}],"wp:featuredmedia":[{"embeddable":true,"href":"https:\/\/www.startlap.hu\/utazas\/wp-json\/wp\/v2\/media\/12419"}],"wp:attachment":[{"href":"https:\/\/www.startlap.hu\/utazas\/wp-json\/wp\/v2\/media?parent=12418"}],"wp:term":[{"taxonomy":"category","embeddable":true,"href":"https:\/\/www.startlap.hu\/utazas\/wp-json\/wp\/v2\/categories?post=12418"},{"taxonomy":"post_tag","embeddable":true,"href":"https:\/\/www.startlap.hu\/utazas\/wp-json\/wp\/v2\/tags?post=12418"}],"curies":[{"name":"wp","href":"https:\/\/api.w.org\/{rel}","templated":true}]}}