{"id":11986,"date":"2020-06-08T13:58:16","date_gmt":"2020-06-08T11:58:16","guid":{"rendered":"https:\/\/www.startlap.hu\/utazas\/?p=11986"},"modified":"2020-06-08T15:34:04","modified_gmt":"2020-06-08T13:34:04","slug":"belgium-brugges-belfry","status":"publish","type":"post","link":"https:\/\/www.startlap.hu\/utazas\/belgium-brugges-belfry\/","title":{"rendered":"Tanteremm\u00e9 v\u00e1ltozott Belgium egyik l\u00e1tv\u00e1nyoss\u00e1ga"},"content":{"rendered":"<p>A Bruges-ben tal\u00e1lhat\u00f3 Belfry&nbsp;<a href=\"https:\/\/www.startlap.hu\/utazas\/kinyithatnak-a-muzeumok-hetfotol-belgiumban\/\" target=\"_blank\" rel=\"noopener\">Belgium<\/a> egyik legfest\u0151ibb helysz\u00edne, ami \u00e1ltal\u00e1ban teli s tele van turist\u00e1kkal, \u00e1m a koronav\u00edrus megf\u00e9kez\u00e9se \u00e9rdek\u00e9ben hozott lez\u00e1r\u00e1sok miatt ki\u00fcr\u00fclt &#8211; vagy m\u00e9gsem? Az \u00e9p\u00fclet &#8211; melynek t\u00f6rt\u00e9nete eg\u00e9szen a 13. sz\u00e1zadig ny\u00falik &#8211; egy ideig t\u00e9nyleg \u00fcresen \u00e1llt, m\u00edgnem <strong>megnyitotta kapuit a vizsg\u00e1kra szorgosan tanul\u00f3 hallgat\u00f3k el\u0151tt<\/strong>.<\/p>\n<h2>L\u00e1tv\u00e1nyoss\u00e1gb\u00f3l tanterem<\/h2>\n<p>&#8222;N\u00e9h\u00e1ny di\u00e1knak nincsenek meg a nyugodt tanul\u00e1shoz sz\u00fcks\u00e9ges k\u00f6r\u00fclm\u00e9nyei, mert az anyuk\u00e1k, apuk\u00e1k \u00e9s a testv\u00e9rek szint\u00e9n otthon vannak a koronav\u00edrus miatt&#8221; &#8211; magyar\u00e1zta Mathijs Goderis, a <a href=\"https:\/\/www.startlap.hu\/utazas\/a-legjobb-utazos-filmek\/\" target=\"_blank\" rel=\"noopener\">Bruges<\/a> polg\u00e1rmester-helyettese, hozz\u00e1t\u00e9ve: mivel a k\u00f6nyvt\u00e1rak is bez\u00e1rtak, \u00edgy sok hallgat\u00f3 kereste a megfelel\u0151 helyet, ahol felk\u00e9sz\u00fclhet a vizsg\u00e1kra.<\/p>\n<p>\u00cdgy alakult, hogy a Belfry \u00e9p\u00fclet\u00e9t els\u0151 alkalommal tanteremnek haszn\u00e1lj\u00e1k. B\u0151s\u00e9gesen elf\u00e9r mindenki, hiszen&nbsp;<strong>ak\u00e1r 200 hallgat\u00f3 befogad\u00e1s\u00e1ra is k\u00e9pes<\/strong> &#8211; persze els\u0151bbs\u00e9get \u00e9lveznek azok, akiknek a legink\u00e1bb sz\u00fcks\u00e9g\u00fck van a nyugodt k\u00f6rnyezetre.<\/p>\n<p>&nbsp;<\/p>\n<figure id=\"attachment_11987\" aria-describedby=\"caption-attachment-11987\" style=\"width: 755px\" class=\"wp-caption alignnone\"><img loading=\"lazy\" decoding=\"async\" class=\"size-article-size-large-image wp-image-11987\" src=\"https:\/\/www.startlap.hu\/utazas\/uploads\/sites\/3\/2020\/06\/belgium-755x433.jpg\" alt=\"Belgium\" width=\"755\" height=\"433\" srcset=\"https:\/\/www.startlap.hu\/utazas\/uploads\/sites\/3\/2020\/06\/belgium-755x433.jpg 755w, https:\/\/www.startlap.hu\/utazas\/uploads\/sites\/3\/2020\/06\/belgium-610x350.jpg 610w, https:\/\/www.startlap.hu\/utazas\/uploads\/sites\/3\/2020\/06\/belgium.jpg 1533w\" sizes=\"auto, (max-width: 755px) 100vw, 755px\" \/><figcaption id=\"caption-attachment-11987\" class=\"wp-caption-text\">Fot\u00f3: Euronews \/ YouTube<\/figcaption><\/figure>\n<h2>A di\u00e1kok im\u00e1dj\u00e1k<\/h2>\n<p>&#8222;Val\u00f3ban nagyon sz\u00e9p, ha n\u00e9zz\u00fck a tet\u0151t \u00e9s azon t\u00fal, nagyon j\u00f3 itt tanulni, de tov\u00e1bbra is a k\u00f6nyvekre koncentr\u00e1lunk&#8221; &#8211; mondja a 18 \u00e9ves Xander, vele Arne is egyet\u00e9rt: &#8222;Itt sokkal jobban tudok tanulni, teh\u00e1t azt hiszem, sikerrel fogok j\u00e1rni.&#8221;<\/p>\n<p>&nbsp;<\/p>\n<p>&nbsp;<\/p>\n<p>&nbsp;<\/p>\n<div class='iframe-wrapper youtube'><iframe loading=\"lazy\" title=\"Coronavirus: Pop-up study centre as empty Belgian attraction aids students cramming for exams\" width=\"500\" height=\"281\" src=\"https:\/\/www.youtube.com\/embed\/xKbl6bY9a0I?feature=oembed\" frameborder=\"0\" allow=\"accelerometer; autoplay; clipboard-write; encrypted-media; gyroscope; picture-in-picture; web-share\" referrerpolicy=\"strict-origin-when-cross-origin\" allowfullscreen><\/iframe><\/div>\n","protected":false},"excerpt":{"rendered":"<p>A Belgiumi Belfry ikonikus \u00e9p\u00fclete eddig turist\u00e1kkal volt tele, a koronav\u00edrus miatt azonban \u00e1talakult a vizsg\u00e1ra k\u00e9sz\u00fcl\u0151 di\u00e1kok tanul\u00f3hely\u00e9v\u00e9.<\/p>\n","protected":false},"author":43,"featured_media":11987,"comment_status":"open","ping_status":"open","sticky":false,"template":"","format":"standard","meta":{"footnotes":""},"categories":[70],"tags":[1639,2060,1669,408],"class_list":["post-11986","post","type-post","status-publish","format-standard","has-post-thumbnail","hentry","category-vilag","tag-belgium","tag-diak","tag-latnivalok","tag-turizmus"],"aioseo_notices":[],"_links":{"self":[{"href":"https:\/\/www.startlap.hu\/utazas\/wp-json\/wp\/v2\/posts\/11986","targetHints":{"allow":["GET"]}}],"collection":[{"href":"https:\/\/www.startlap.hu\/utazas\/wp-json\/wp\/v2\/posts"}],"about":[{"href":"https:\/\/www.startlap.hu\/utazas\/wp-json\/wp\/v2\/types\/post"}],"author":[{"embeddable":true,"href":"https:\/\/www.startlap.hu\/utazas\/wp-json\/wp\/v2\/users\/43"}],"replies":[{"embeddable":true,"href":"https:\/\/www.startlap.hu\/utazas\/wp-json\/wp\/v2\/comments?post=11986"}],"version-history":[{"count":9,"href":"https:\/\/www.startlap.hu\/utazas\/wp-json\/wp\/v2\/posts\/11986\/revisions"}],"predecessor-version":[{"id":12106,"href":"https:\/\/www.startlap.hu\/utazas\/wp-json\/wp\/v2\/posts\/11986\/revisions\/12106"}],"wp:featuredmedia":[{"embeddable":true,"href":"https:\/\/www.startlap.hu\/utazas\/wp-json\/wp\/v2\/media\/11987"}],"wp:attachment":[{"href":"https:\/\/www.startlap.hu\/utazas\/wp-json\/wp\/v2\/media?parent=11986"}],"wp:term":[{"taxonomy":"category","embeddable":true,"href":"https:\/\/www.startlap.hu\/utazas\/wp-json\/wp\/v2\/categories?post=11986"},{"taxonomy":"post_tag","embeddable":true,"href":"https:\/\/www.startlap.hu\/utazas\/wp-json\/wp\/v2\/tags?post=11986"}],"curies":[{"name":"wp","href":"https:\/\/api.w.org\/{rel}","templated":true}]}}