{"id":113026,"date":"2026-09-06T21:13:11","date_gmt":"2026-09-06T19:13:11","guid":{"rendered":"https:\/\/www.startlap.hu\/utazas\/?p=113026"},"modified":"2026-09-06T21:13:11","modified_gmt":"2026-09-06T19:13:11","slug":"gorog-sziget-hulladek-feldolgozas","status":"publish","type":"post","link":"https:\/\/www.startlap.hu\/utazas\/gorog-sziget-hulladek-feldolgozas\/","title":{"rendered":"Ez a g\u00f6r\u00f6g sziget megoldotta a hullad\u00e9kprobl\u00e9m\u00e1j\u00e1t \u2013 d\u00f6bbenetes m\u00f3dszerrel"},"content":{"rendered":"<p>A szigetek k\u00fcl\u00f6n\u00f6sen neh\u00e9z helyzetben vannak, amikor hullad\u00e9kgazd\u00e1lkod\u00e1sr\u00f3l van sz\u00f3. Korl\u00e1tozott a rendelkez\u00e9sre \u00e1ll\u00f3 ter\u00fclet, a hullad\u00e9k elsz\u00e1ll\u00edt\u00e1sa a sz\u00e1razf\u00f6ldre dr\u00e1ga, mik\u00f6zben a ny\u00e1ri h\u00f3napokban a turist\u00e1k miatt egyik napr\u00f3l a m\u00e1sikra t\u00f6bbsz\u00f6r\u00f6s\u00e9re n\u0151het a helyi lakoss\u00e1g \u00e1ltal termelt hullad\u00e9k mennyis\u00e9ge. A <strong><a href=\"https:\/\/www.startlap.hu\/utazas\/thaszosz-gorog-sziget-arak\/\" target=\"_blank\" rel=\"noopener\">g\u00f6r\u00f6gorsz\u00e1gi<\/a><\/strong> Tilosz erre nem egy \u00fajabb lerak\u00f3val vagy nagyobb kont\u00e9nerekkel v\u00e1laszolt, hanem a rendszer teljes \u00e1talak\u00edt\u00e1s\u00e1val &#8211; der\u00fcl ki az <strong><a href=\"https:\/\/www.euronews.com\/my-europe\/2026\/09\/04\/this-greek-island-solved-its-rubbish-problem-by-getting-rid-of-its-landfill-entirely\" target=\"_blank\" target=\"_blank\" rel=\"noopener\">Euronews<\/a><\/strong> cikk\u00e9b\u0151l.<\/p>\n<div class=\"o-widget m-readMoreWidget -readMore u-shortDecorLineAfter row widget-container _ce_measure_widget bigdata-widget read-more\" data-ce-measure-widget=\"olvass tov\u00e1bb\">\n\t<div class=\"m-readMoreWidget__imgWrapper image-wrapper col-12 col-md-4 no-p\">\n\t\t<a class=\"m-readMoreWidget__imgLink\" href=\"https:\/\/www.startlap.hu\/utazas\/horvatorszag-strand-torolkozo-tengerpart\/\" >\n\t\t\t<img decoding=\"async\" src=\"https:\/\/www.startlap.hu\/utazas\/uploads\/sites\/3\/2026\/08\/tengerpart-kisteherauto-strandkellekek-350x285.jpg\" class=\"m-readMoreWidget__img\">\n\t\t<\/a>\n\t<\/div>\n\t<div class=\"m-readMoreWidget__titleWrapper title-wrapper col-12 col-md-8\">\n\t\t<span class=\"m-readMoreWidget__titleLabel u-shortDecorLineBefore label hidden-sm-up\">Ez is \u00e9rdekelhet:<\/span>\n\t\t<h3 class=\"m-readMoreWidget__title title\">\n\t\t\t<a class=\"m-readMoreWidget__titleLink -secondFont u-bold u-upperCase\" href=\"https:\/\/www.startlap.hu\/utazas\/horvatorszag-strand-torolkozo-tengerpart\/\" >Horv\u00e1torsz\u00e1gban elkezdt\u00e9k elsz\u00e1ll\u00edtani a strandon leter\u00edtett t\u00f6r\u00f6lk\u00f6z\u0151ket &#8211; t\u00f6bb n\u00e9pszer\u0171 \u00fcd\u00fcl\u0151helyen is k\u00f6nnyen p\u00f3rul j\u00e1rhatsz, ha nem figyelsz<\/a>\n\t\t<\/h3>\n\t\t<a class=\"m-readMoreWidget__btn -coloredBack u-tC link\" href=\"https:\/\/www.startlap.hu\/utazas\/horvatorszag-strand-torolkozo-tengerpart\/\" >Elolvasom<\/a>\n\t<\/div>\n<\/div>\n<h2>A turist\u00e1k \u00e9rkez\u00e9s\u00e9vel megn\u0151nek szem\u00e9thegyek<\/h2>\n<p>A szem\u00e9tgondok nem csak Tiloszt \u00e9rintik, a mediterr\u00e1n szigeteken a turizmus szezon\u00e1lis terhel\u00e9se a hullad\u00e9kgazd\u00e1lkod\u00e1sban is pontosan m\u00e9rhet\u0151.&nbsp;<\/p>\n<p>Egy 2013-ban a <strong>Waste Management<\/strong> szaklapban publik\u00e1lt <strong><a href=\"https:\/\/www.sciencedirect.com\/science\/article\/abs\/pii\/S0956053X13003802?\" target=\"_blank\" target=\"_blank\" rel=\"noopener\">kutat\u00e1s<\/a><\/strong> Menorca p\u00e9ld\u00e1j\u00e1n, 1998 \u00e9s 2010 k\u00f6z\u00f6tti havi adatok alapj\u00e1n vizsg\u00e1lta, hogyan v\u00e1ltozik a telep\u00fcl\u00e9si szil\u00e1rd hullad\u00e9k mennyis\u00e9ge a turist\u00e1k sz\u00e1m\u00e1nak f\u00fcggv\u00e9ny\u00e9ben.&nbsp;Az eredm\u00e9ny egy\u00e9rtelm\u0171 volt: a turist\u00e1k sz\u00e1m\u00e1nak <strong>1 sz\u00e1zal\u00e9kos n\u00f6veked\u00e9se \u00e1tlagosan 0,282 sz\u00e1zal\u00e9kkal n\u00f6velte a telep\u00fcl\u00e9si szil\u00e1rd hullad\u00e9k mennyis\u00e9g\u00e9t<\/strong>. Egy plusz turista \u00e1tlagosan <strong>1,31 kilogramm hullad\u00e9kot termelt naponta<\/strong>, m\u00edg egy helyi lakos napi 1,48 kilogrammot.&nbsp;<\/p>\n<p>A probl\u00e9ma r\u00e1ad\u00e1sul nem \u00e1ll meg a szemetesekn\u00e9l vagy a hullad\u00e9klerak\u00f3kn\u00e1l. A&nbsp;<strong>Scientific Reports<\/strong> foly\u00f3iratban 2020-ban megjelent <strong><a href=\"https:\/\/www.nature.com\/articles\/s41598-020-77225-5\" target=\"_blank\" target=\"_blank\" rel=\"noopener\">tanulm\u00e1nyban<\/a><\/strong> a kutat\u00f3k 24 mediterr\u00e1n <strong><a href=\"https:\/\/www.startlap.hu\/utazas\/olaszorszag-tengerpart-lignano-nyaralas\/\" target=\"_blank\" rel=\"noopener\">tengerpart<\/a><\/strong> hullad\u00e9k\u00e1t vizsg\u00e1lt\u00e1k nyolc szigeten 2017 \u00e9s 2019 k\u00f6z\u00f6tt, t\u00f6bbek k\u00f6z\u00f6tt Kr\u00e9t\u00e1n, Rodoszon, M\u00edkonoszon, Mallorc\u00e1n, Szic\u00edli\u00e1ban, M\u00e1lt\u00e1n \u00e9s Cipruson. A c\u00e9l az volt, hogy megm\u00e9rj\u00e9k, hogyan v\u00e1ltozik a tengeri hullad\u00e9k mennyis\u00e9ge a turisztikai szezon sor\u00e1n.&nbsp;Kider\u00fclt, hogy <strong>a strandokon felhalmoz\u00f3d\u00f3 tengeri hullad\u00e9k mennyis\u00e9ge a f\u0151szezonban ak\u00e1r 4,7-szeres\u00e9re is megn\u0151het<\/strong>.<\/p>\n<h2>Tiloson elt\u0171ntek az utcai kuk\u00e1k<\/h2>\n<figure id=\"attachment_113028\" aria-describedby=\"caption-attachment-113028\" style=\"width: 755px\" class=\"wp-caption alignnone\"><img loading=\"lazy\" decoding=\"async\" class=\"size-article-size-large-image wp-image-113028\" src=\"https:\/\/www.startlap.hu\/utazas\/uploads\/sites\/3\/2026\/09\/tilos-gorog-sziget-755x504.jpg\" alt=\"Tilos szigete G\u00f6r\u00f6gorsz\u00e1gban\" width=\"755\" height=\"504\" srcset=\"https:\/\/www.startlap.hu\/utazas\/uploads\/sites\/3\/2026\/09\/tilos-gorog-sziget-755x504.jpg 755w, https:\/\/www.startlap.hu\/utazas\/uploads\/sites\/3\/2026\/09\/tilos-gorog-sziget-525x350.jpg 525w, https:\/\/www.startlap.hu\/utazas\/uploads\/sites\/3\/2026\/09\/tilos-gorog-sziget.jpg 1024w\" sizes=\"auto, (max-width: 755px) 100vw, 755px\" \/><figcaption id=\"caption-attachment-113028\" class=\"wp-caption-text\">A g\u00f6r\u00f6gorsz\u00e1gi Tilos sziget\u00e9n megsz\u00fcntett\u00e9k a hullad\u00e9klerak\u00f3t. (Fot\u00f3: Getty Images)<\/figcaption><\/figure>\n<p>Tiloszon az alapokt\u00f3l kezdt\u00e9k \u00fajragondolni a rendszert. A sziget el\u0151sz\u00f6r is megsz\u00fcntette a k\u00f6zter\u00fcleti hullad\u00e9kgy\u0171jt\u0151k&nbsp;haszn\u00e1lat\u00e1t, \u00e9s helyett\u00fck h\u00e1zhoz men\u0151 gy\u0171jt\u00e9st vezetett be. A h\u00e1ztart\u00e1sok \u00e9s v\u00e1llalkoz\u00e1sok k\u00fcl\u00f6n gy\u0171jtik az \u00fajrahasznos\u00edthat\u00f3, illetve a szerves hullad\u00e9kot, a gy\u0171jt\u00e9shez haszn\u00e1lt zs\u00e1kokat pedig QR-k\u00f3ddal l\u00e1tj\u00e1k el.<\/p>\n<p>Vagyis a hullad\u00e9kot m\u00e1r a keletkez\u00e9s hely\u00e9n sz\u00e9tv\u00e1lasztj\u00e1k, \u00edgy nem egy vegyes hullad\u00e9kkupacb\u00f3l kell k\u00e9s\u0151bb megpr\u00f3b\u00e1lni visszanyerni az \u00e9rt\u00e9kes anyagokat.<\/p>\n<p>A rendszer 2022-es indul\u00e1sakor a program m\u00e1r <strong>85 sz\u00e1zal\u00e9kot meghalad\u00f3 anyag-visszanyer\u00e9si \u00e9s komposzt\u00e1l\u00e1si ar\u00e1nyt<\/strong> \u00e9rt el.<\/p>\n<h2>A r\u00e9gi szem\u00e9ttelep hely\u00e9n ma m\u00e1r innov\u00e1ci\u00f3s k\u00f6zpont \u00fczemel Tiloszon<\/h2>\n<p>A begy\u0171jt\u00f6tt hullad\u00e9k nem egy \u00fajabb lerak\u00f3ba ker\u00fcl, hanem a kor\u00e1bbi hullad\u00e9klerak\u00f3 hely\u00e9n kialak\u00edtott <strong>K\u00f6rforg\u00e1sos Innov\u00e1ci\u00f3s K\u00f6zpontba<\/strong>.<\/p>\n<p>A rendszerbe \u00e9vente nagyj\u00e1b\u00f3l <strong>330 tonna hullad\u00e9k ker\u00fcl, e<\/strong>nnek k\u00f6r\u00fclbel\u00fcl 60 sz\u00e1zal\u00e9ka \u00fajrahasznos\u00edthat\u00f3, 30 sz\u00e1zal\u00e9ka szerves hullad\u00e9k, a fennmarad\u00f3 mintegy 10 sz\u00e1zal\u00e9k pedig nem \u00fajrahasznos\u00edthat\u00f3 anyag. Ut\u00f3bbit alternat\u00edv t\u00fczel\u0151anyagk\u00e9nt cementgy\u00e1rakban haszn\u00e1lj\u00e1k fel.<\/p>\n<p>A szerves hullad\u00e9kb\u00f3l komposzt k\u00e9sz\u00fcl, amelyet a helyi gazd\u00e1lkod\u00f3k ingyenesen haszn\u00e1lhatnak fel. Az \u00fajrahasznos\u00edthat\u00f3 anyagokat pedig 15 k\u00fcl\u00f6n kateg\u00f3ri\u00e1ba rendezik, t\u00f6m\u00f6r\u00edtik, majd a sz\u00e1razf\u00f6ldre sz\u00e1ll\u00edtj\u00e1k tov\u00e1bbi feldolgoz\u00e1sra.<\/p>\n<p>A rendszer \u00f6nmag\u00e1ban, a lakoss\u00e1g egy\u00fcttm\u0171k\u00f6d\u00e9se n\u00e9lk\u00fcl nem m\u0171k\u00f6dne.&nbsp;A sziget vezet\u00e9se ez\u00e9rt az oktat\u00e1ssal t\u00e1mogatta a fejleszt\u00e9seket. Az eduk\u00e1ci\u00f3t az iskol\u00e1kban kezdt\u00e9k, majd a gyerekeken kereszt\u00fcl pr\u00f3b\u00e1lt\u00e1k el\u00e9rni a csal\u00e1dokat. A c\u00e9l egyszer\u0171 volt: a hullad\u00e9k ne egy olyan dolog legyen, amelyet az ember kidob, \u00e9s t\u00f6bb\u00e9 nem l\u00e1t, hanem olyan anyag, amelynek ismert \u00fatja van a begy\u0171jt\u00e9st\u0151l a feldolgoz\u00e1sig.<\/p>\n<h2>K\u00f6zel 90 sz\u00e1zal\u00e9kos hasznos\u00edt\u00e1si ar\u00e1nyt \u00e9rtek el<\/h2>\n<p>A Tiloszon kialak\u00edtott rendszernek k\u00f6sz\u00f6nhet\u0151en a sziget m\u00e1ra a vil\u00e1g egyik legismertebb modellje a hullad\u00e9kmentes t\u00e1rsadalomnak. A 2023-as adatok szerint<\/p>\n<blockquote class=\"article__extraTxt\"><p>a szigeten az \u00fajrahasznos\u00edt\u00e1s \u00e9s a komposzt\u00e1l\u00e1s egy\u00fcttesen <strong>89 sz\u00e1zal\u00e9kot \u00e9rt el<\/strong>: ebb\u0151l 55 sz\u00e1zal\u00e9k \u00fajrahasznos\u00edthat\u00f3 anyag, 34 sz\u00e1zal\u00e9k pedig szerves hullad\u00e9k.<\/p><\/blockquote>\n<p>A <strong><a href=\"https:\/\/www.startlap.hu\/utazas\/berlin-szemetszedes-ingyenes-belepo-etterem\/\" target=\"_blank\" rel=\"noopener\">szem\u00e9t<\/a><\/strong> 11 sz\u00e1zal\u00e9k nem \u00fajrahasznos\u00edthat\u00f3.<\/p>\n<p>Tilosz 2023-ban megkapta a <strong>Zero Waste Cities Certification<\/strong> min\u0151s\u00edt\u00e9st is; a programot az Eur\u00f3pai K\u00f6rforg\u00e1sos Gazdas\u00e1g Platformja olyan modellk\u00e9nt mutatja be, amely a hullad\u00e9klerak\u00e1s megsz\u00fcntet\u00e9s\u00e9re \u00e9s a k\u00f6rforg\u00e1sos hullad\u00e9kgazd\u00e1lkod\u00e1sra \u00e9p\u00fcl.<\/p>\n","protected":false},"excerpt":{"rendered":"<p>Egy apr\u00f3 g\u00f6r\u00f6g szigeten \u00e9vekig ugyanaz a probl\u00e9ma jelentette a legnagyobb k\u00f6rnyezeti gondot, amellyel sz\u00e1mos mediterr\u00e1n \u00fcd\u00fcl\u0151hely k\u00fczd: egyre t\u00f6bb a szem\u00e9t, mik\u00f6zben egyre kevesebb. Tiloszon a hullad\u00e9klerak\u00f3 felsz\u00e1mol\u00e1sa jelentette a megold\u00e1st.<\/p>\n","protected":false},"author":14,"featured_media":113028,"comment_status":"closed","ping_status":"closed","sticky":false,"template":"","format":"standard","meta":{"footnotes":""},"categories":[70],"tags":[8309,188,3438,191],"class_list":["post-113026","post","type-post","status-publish","format-standard","has-post-thumbnail","hentry","category-vilag","tag-gorog-sziget","tag-gorogorszag","tag-hulladek","tag-sziget"],"aioseo_notices":[],"_links":{"self":[{"href":"https:\/\/www.startlap.hu\/utazas\/wp-json\/wp\/v2\/posts\/113026","targetHints":{"allow":["GET"]}}],"collection":[{"href":"https:\/\/www.startlap.hu\/utazas\/wp-json\/wp\/v2\/posts"}],"about":[{"href":"https:\/\/www.startlap.hu\/utazas\/wp-json\/wp\/v2\/types\/post"}],"author":[{"embeddable":true,"href":"https:\/\/www.startlap.hu\/utazas\/wp-json\/wp\/v2\/users\/14"}],"replies":[{"embeddable":true,"href":"https:\/\/www.startlap.hu\/utazas\/wp-json\/wp\/v2\/comments?post=113026"}],"version-history":[{"count":2,"href":"https:\/\/www.startlap.hu\/utazas\/wp-json\/wp\/v2\/posts\/113026\/revisions"}],"predecessor-version":[{"id":113029,"href":"https:\/\/www.startlap.hu\/utazas\/wp-json\/wp\/v2\/posts\/113026\/revisions\/113029"}],"wp:featuredmedia":[{"embeddable":true,"href":"https:\/\/www.startlap.hu\/utazas\/wp-json\/wp\/v2\/media\/113028"}],"wp:attachment":[{"href":"https:\/\/www.startlap.hu\/utazas\/wp-json\/wp\/v2\/media?parent=113026"}],"wp:term":[{"taxonomy":"category","embeddable":true,"href":"https:\/\/www.startlap.hu\/utazas\/wp-json\/wp\/v2\/categories?post=113026"},{"taxonomy":"post_tag","embeddable":true,"href":"https:\/\/www.startlap.hu\/utazas\/wp-json\/wp\/v2\/tags?post=113026"}],"curies":[{"name":"wp","href":"https:\/\/api.w.org\/{rel}","templated":true}]}}