{"id":113011,"date":"2026-09-05T20:06:19","date_gmt":"2026-09-05T18:06:19","guid":{"rendered":"https:\/\/www.startlap.hu\/utazas\/?p=113011"},"modified":"2026-09-05T20:13:57","modified_gmt":"2026-09-05T18:13:57","slug":"point-nemo-nemzetkozi-urallomas","status":"publish","type":"post","link":"https:\/\/www.startlap.hu\/utazas\/point-nemo-nemzetkozi-urallomas\/","title":{"rendered":"Ide zuhanhat a Nemzetk\u00f6zi \u0170r\u00e1llom\u00e1s: f\u00e9lelmetes titkot rejt a vil\u00e1g legmag\u00e1nyosabb pontja"},"content":{"rendered":"<p>K\u00e9pzelj\u00fck el, hogy az \u00f3ce\u00e1n kell\u0151s k\u00f6zep\u00e9n vagyunk. K\u00f6r\u00fcl\u00f6tt\u00fcnk se sziget, se haj\u00f3, se sz\u00e1razf\u00f6ld nincs, csup\u00e1n a horizontig h\u00faz\u00f3d\u00f3 v\u00edzt\u00f6meg. Alattunk t\u00f6bb kilom\u00e9ter m\u00e9ly v\u00edz, f\u00f6l\u00f6tt\u00fcnk pedig a v\u00e9gtelen \u00e9gbolt ter\u00fcl el.<\/p>\n<div class=\"o-widget m-readMoreWidget -readMore u-shortDecorLineAfter row widget-container _ce_measure_widget bigdata-widget read-more\" data-ce-measure-widget=\"olvass tov\u00e1bb\">\n\t<div class=\"m-readMoreWidget__imgWrapper image-wrapper col-12 col-md-4 no-p\">\n\t\t<a class=\"m-readMoreWidget__imgLink\" href=\"https:\/\/www.startlap.hu\/utazas\/hegyi-medence-makovica-szlovakia\/\" >\n\t\t\t<img decoding=\"async\" src=\"https:\/\/www.startlap.hu\/utazas\/uploads\/sites\/3\/2026\/08\/moja-makovica-350x285.jpg\" class=\"m-readMoreWidget__img\">\n\t\t<\/a>\n\t<\/div>\n\t<div class=\"m-readMoreWidget__titleWrapper title-wrapper col-12 col-md-8\">\n\t\t<span class=\"m-readMoreWidget__titleLabel u-shortDecorLineBefore label hidden-sm-up\">Ez is \u00e9rdekelhet:<\/span>\n\t\t<h3 class=\"m-readMoreWidget__title title\">\n\t\t\t<a class=\"m-readMoreWidget__titleLink -secondFont u-bold u-upperCase\" href=\"https:\/\/www.startlap.hu\/utazas\/hegyi-medence-makovica-szlovakia\/\" >Az erd\u0151 sz\u00edv\u00e9ben b\u00fajik meg ez a 100 m\u00e9teres, t\u00fcrkiz medence, alig 3 \u00f3r\u00e1ra Budapestt\u0151l<\/a>\n\t\t<\/h3>\n\t\t<a class=\"m-readMoreWidget__btn -coloredBack u-tC link\" href=\"https:\/\/www.startlap.hu\/utazas\/hegyi-medence-makovica-szlovakia\/\" >Elolvasom<\/a>\n\t<\/div>\n<\/div>\n<p>Van egy hely a F\u00f6ld\u00f6n, amely t\u00f6k\u00e9letesen megfelel ennek a k\u00e9pnek.<\/p>\n<blockquote class=\"article__extraTxt\"><p>Ez Point Nemo, a Csendes-\u00f3ce\u00e1n d\u00e9li r\u00e9sz\u00e9n tal\u00e1lhat\u00f3 f\u00f6ldrajzi pont, amelyet az \u00f3ce\u00e1ni el\u00e9rhetetlens\u00e9gi p\u00f3lusk\u00e9nt tartanak sz\u00e1mon.<\/p><\/blockquote>\n<p>Ez a F\u00f6ld felsz\u00edn\u00e9nek minden sz\u00e1razf\u00f6ldt\u0151l legt\u00e1volabb es\u0151 pontja.<\/p>\n<h2>N\u00e9ha az \u0171rhaj\u00f3sok vannak hozz\u00e1 a legk\u00f6zelebb<\/h2>\n<p>A legk\u00f6zelebbi sz\u00e1razf\u00f6ld megk\u00f6zel\u00edt\u0151leg 2688 kilom\u00e9terre tal\u00e1lhat\u00f3 Point Nem\u00f3t\u00f3l, ez\u00e9rt a t\u00e9rs\u00e9get gyakran bolyg\u00f3nk legmag\u00e1nyosabb helyek\u00e9nt emlegetik.<\/p>\n<p>Elszigetelts\u00e9g\u00e9t egy eg\u00e9szen elk\u00e9peszt\u0151 r\u00e9szlet \u00e9rz\u00e9kelteti igaz\u00e1n. Amikor a Nemzetk\u00f6zi \u0170r\u00e1llom\u00e1s a ter\u00fclet f\u00f6l\u00f6tt halad el, el\u0151fordulhat, hogy a Point Nem\u00f3hoz legk\u00f6zelebb tart\u00f3zkod\u00f3 emberek nem egy haj\u00f3n vagy valamelyik <strong><a href=\"https:\/\/www.startlap.hu\/utazas\/kanada-uszo-sziget-williston-to\/\" target=\"_blank\" rel=\"noopener\">szigeten<\/a><\/strong> vannak, hanem a F\u00f6ld k\u00f6r\u00fcl kering\u0151 \u0171rhaj\u00f3sok.<\/p>\n<figure id=\"attachment_113016\" aria-describedby=\"caption-attachment-113016\" style=\"width: 755px\" class=\"wp-caption alignnone\"><img loading=\"lazy\" decoding=\"async\" class=\"size-article-size-large-image wp-image-113016\" src=\"https:\/\/www.startlap.hu\/utazas\/uploads\/sites\/3\/2026\/09\/mir_urallomas_-755x501.jpg\" alt=\" Az STS-79 \u0171rhaj\u00f3sai \u00e9lvezik a Mir komplexum l\u00e1tv\u00e1ny\u00e1t a F\u00f6ld horizontja feletti fekete \u0171r h\u00e1tter\u00e9ben. \" width=\"755\" height=\"501\" srcset=\"https:\/\/www.startlap.hu\/utazas\/uploads\/sites\/3\/2026\/09\/mir_urallomas_-755x501.jpg 755w, https:\/\/www.startlap.hu\/utazas\/uploads\/sites\/3\/2026\/09\/mir_urallomas_-250x165.jpg 250w, https:\/\/www.startlap.hu\/utazas\/uploads\/sites\/3\/2026\/09\/mir_urallomas_-527x350.jpg 527w, https:\/\/www.startlap.hu\/utazas\/uploads\/sites\/3\/2026\/09\/mir_urallomas_.jpg 1205w\" sizes=\"auto, (max-width: 755px) 100vw, 755px\" \/><figcaption id=\"caption-attachment-113016\" class=\"wp-caption-text\">Fot\u00f3: Nasa\/Getty Images<\/figcaption><\/figure>\n<p>A v\u00edz m\u00e9lys\u00e9ge ezen a vid\u00e9ken megk\u00f6zel\u00edti a 4000 m\u00e9tert. B\u00e1r a bolyg\u00f3 egyik legelszigeteltebb t\u00e9rs\u00e9g\u00e9r\u0151l van sz\u00f3, m\u00e9g ez a hatalmas v\u00edzt\u00f6meg sem teljesen \u00e9lettelen. A Csendes-\u00f3ce\u00e1n d\u00e9li r\u00e9sz\u00e9nek m\u00e9ly\u00e9n sz\u00e9ls\u0151s\u00e9ges k\u00f6r\u00fclm\u00e9nyekhez alkalmazkodott mikroorganizmusok \u00e9lnek, a t\u00e1gabb <strong><a href=\"https:\/\/www.startlap.hu\/utazas\/korea-jeongdongjin-hajo-szalloda\/\" target=\"_blank\" rel=\"noopener\">\u00f3ce\u00e1ni<\/a><\/strong> ter\u00fcleten pedig tonhalak \u00e9s kardhalak is el\u0151fordulnak.<\/p>\n<h2>T\u00f6bb mint 260 \u0171reszk\u00f6z v\u00e9gezte itt<\/h2>\n<p>Az emberekt\u0151l \u00e9s a lakott ter\u00fcletekt\u0151l val\u00f3 hatalmas t\u00e1vols\u00e1ga miatt Point Nemo k\u00f6rny\u00e9ke \u00e9vtizedek \u00f3ta fontos az \u0171r\u00fcgyn\u00f6ks\u00e9gek sz\u00e1m\u00e1ra. Nem v\u00e9letlen\u00fcl nevezik az \u201e\u0171reszk\u00f6z\u00f6k temet\u0151j\u00e9nek\u201d.<\/p>\n<p>Amikor egy nagyobb \u0171reszk\u00f6z el\u00e9ri m\u0171k\u00f6d\u00e9si idej\u00e9nek v\u00e9g\u00e9t, \u00e9s ellen\u0151rz\u00f6tt m\u00f3don ki kell vezetni a F\u00f6ld k\u00f6r\u00fcli p\u00e1ly\u00e1r\u00f3l, a szakemberek olyan helyet v\u00e1lasztanak a visszat\u00e9r\u00e9shez, ahol a l\u00e9gk\u00f6rben esetleg el nem \u00e9g\u0151 roncsdarabok a lehet\u0151 legkisebb vesz\u00e9lyt jelentik az emberekre. Point Nemo t\u00e1voli, lakatlan k\u00f6rnyezete k\u00fcl\u00f6n\u00f6sen alkalmass\u00e1 teszi erre a c\u00e9lra.<\/p>\n<p>A t\u00e9rs\u00e9gr\u0151l sz\u00f3l\u00f3 jelent\u00e9sek szerint 1971 \u00e9s 2016 k\u00f6z\u00f6tt t\u00f6bb mint 260 \u0171robjektum v\u00e9gezte ezen a ter\u00fcleten. Ezek k\u00f6z\u00f6tt a szovjet \u0171rprogram t\u00f6bb eszk\u00f6ze is megtal\u00e1lhat\u00f3 volt, k\u00f6zt\u00fck a Mir \u0171r\u00e1llom\u00e1s \u00e9s a Szaljut-program 6 \u00e1llom\u00e1sa.<\/p>\n<h2>A Nemzetk\u00f6zi \u0170r\u00e1llom\u00e1s is felker\u00fclhet a list\u00e1ra<\/h2>\n<p>Egy napon v\u00e1rhat\u00f3an az emberis\u00e9g eddig meg\u00e9p\u00edtett legnagyobb \u0171rb\u00e9li szerkezete is csatlakozik hozz\u00e1juk: a Nemzetk\u00f6zi \u0170r\u00e1llom\u00e1s, vagyis az ISS.<\/p>\n<p>A NASA \u00e9s partnerei m\u00e9g ebben az \u00e9vtizedben le akarj\u00e1k z\u00e1rni az \u0171r\u00e1llom\u00e1s programj\u00e1t. A jelenlegi tervek szerint az ISS 2030-ig m\u0171k\u00f6dhet tov\u00e1bb, ellen\u0151rz\u00f6tt visszat\u00e9r\u00e9s\u00e9t pedig 2031-re tervezik.<\/p>\n<p>A feladat elv\u00e9gz\u00e9s\u00e9re az amerikai \u0171rhaj\u00f3z\u00e1si hivatal 2024 j\u00fanius\u00e1ban a SpaceX-et v\u00e1lasztotta ki. A v\u00e1llalatnak egy k\u00fcl\u00f6nleges, U.S. Deorbit Vehicle nev\u0171 j\u00e1rm\u0171vet kell kifejlesztenie \u00e9s lesz\u00e1ll\u00edtania.<\/p>\n<p>Ennek seg\u00edts\u00e9g\u00e9vel t\u00e9r\u00edtik majd le biztons\u00e1gosan az ISS-t a p\u00e1ly\u00e1j\u00e1r\u00f3l, \u00e9s ir\u00e1ny\u00edtj\u00e1k a l\u00e9gk\u00f6rbe val\u00f3 visszat\u00e9r\u00e9s\u00e9t az \u00f3ce\u00e1n lakatlan t\u00e9rs\u00e9ge f\u00f6l\u00e9.<\/p>\n<h2>\u00cdgy semmis\u00edtik meg az ISS-t<\/h2>\n<p>Az \u0171r\u00e1llom\u00e1s nem egyetlen darabban zuhan majd az \u00f3ce\u00e1nba. Miut\u00e1n az utols\u00f3 \u0171rhaj\u00f3sok is elhagyj\u00e1k, fokozatosan cs\u00f6kkentik a p\u00e1lyamagass\u00e1g\u00e1t. Az ir\u00e1ny\u00edt\u00f3k ezut\u00e1n \u00fagy m\u00f3dos\u00edtj\u00e1k az \u00fatvonal\u00e1t, hogy a v\u00e9gs\u0151 visszat\u00e9r\u00e9s a Csendes-\u00f3ce\u00e1n d\u00e9li r\u00e9sz\u00e9nek t\u00e1voli, lakatlan ter\u00fclete f\u00f6l\u00f6tt t\u00f6rt\u00e9njen meg.<\/p>\n<p>A NASA sz\u00e1m\u00edt\u00e1sai szerint az ISS jelent\u0151s r\u00e9sze <strong>m\u00e1r a l\u00e9gk\u00f6r\u00f6n val\u00f3 \u00e1thalad\u00e1s k\u00f6zben sz\u00e9tesik \u00e9s el\u00e9g.<\/strong> V\u00e1rhat\u00f3an a napelemek \u00e9s a h\u0151sug\u00e1rz\u00f3k v\u00e1lnak le els\u0151k\u00e9nt, majd a modulok \u00e9s a r\u00e1csszerkezet is darabokra hullik. Az anyagok t\u00f6bbs\u00e9ge a hatalmas h\u0151terhel\u00e9s k\u00f6vetkezt\u00e9ben el\u00e9g vagy elp\u00e1rolog.<\/p>\n<p>N\u00e9h\u00e1ny s\u0171r\u0171bb \u00e9s ellen\u00e1ll\u00f3bb alkatr\u00e9sz azonban t\u00fal\u00e9lheti a l\u00e9gk\u00f6r\u00f6n val\u00f3 \u00e1thalad\u00e1st, \u00e9s az \u00f3ce\u00e1n el\u0151re kijel\u00f6lt, lakatlan ter\u00fclet\u00e9n \u00e9rhet vizet. Emiatt nem eg\u00e9szen pontos azt mondani, hogy \u201e400 tonn\u00e1nyi \u0171r\u00e1llom\u00e1s zuhan majd a tengerbe\u201d. Az ISS az ellen\u0151rz\u00f6tt visszat\u00e9r\u00e9s sor\u00e1n sz\u00e9tesik, anyag\u00e1nak nagy r\u00e9sze megsemmis\u00fcl, roncsainak egy r\u00e9sze viszont az \u00f3ce\u00e1nba ker\u00fclhet.<\/p>\n<p><strong><a href=\"https:\/\/klik.hr\/novo\/ovo-se-smatra-najusamljenijim-mjestom-na-svijetu-to-je-tocka-koja-krije-jednu-zastrasujucu-tajnu\" target=\"_blank\" target=\"_blank\" rel=\"noopener\">Via<\/a><\/strong><\/p>\n","protected":false},"excerpt":{"rendered":"<p>Van egy pont a F\u00f6ld\u00f6n, amelyhez id\u0151nk\u00e9nt az \u0171rhaj\u00f3sok vannak a legk\u00f6zelebb. Ennek a k\u00fcl\u00f6n\u00f6s helynek hamarosan fontos szerepet sz\u00e1nhat a NASA.<\/p>\n","protected":false},"author":8,"featured_media":113016,"comment_status":"closed","ping_status":"closed","sticky":false,"template":"","format":"standard","meta":{"footnotes":""},"categories":[70],"tags":[1221,3147,1591],"class_list":["post-113011","post","type-post","status-publish","format-standard","has-post-thumbnail","hentry","category-vilag","tag-csendes-ocean","tag-fold","tag-nemzetkozi-urallomas"],"aioseo_notices":[],"_links":{"self":[{"href":"https:\/\/www.startlap.hu\/utazas\/wp-json\/wp\/v2\/posts\/113011","targetHints":{"allow":["GET"]}}],"collection":[{"href":"https:\/\/www.startlap.hu\/utazas\/wp-json\/wp\/v2\/posts"}],"about":[{"href":"https:\/\/www.startlap.hu\/utazas\/wp-json\/wp\/v2\/types\/post"}],"author":[{"embeddable":true,"href":"https:\/\/www.startlap.hu\/utazas\/wp-json\/wp\/v2\/users\/8"}],"replies":[{"embeddable":true,"href":"https:\/\/www.startlap.hu\/utazas\/wp-json\/wp\/v2\/comments?post=113011"}],"version-history":[{"count":9,"href":"https:\/\/www.startlap.hu\/utazas\/wp-json\/wp\/v2\/posts\/113011\/revisions"}],"predecessor-version":[{"id":113021,"href":"https:\/\/www.startlap.hu\/utazas\/wp-json\/wp\/v2\/posts\/113011\/revisions\/113021"}],"wp:featuredmedia":[{"embeddable":true,"href":"https:\/\/www.startlap.hu\/utazas\/wp-json\/wp\/v2\/media\/113016"}],"wp:attachment":[{"href":"https:\/\/www.startlap.hu\/utazas\/wp-json\/wp\/v2\/media?parent=113011"}],"wp:term":[{"taxonomy":"category","embeddable":true,"href":"https:\/\/www.startlap.hu\/utazas\/wp-json\/wp\/v2\/categories?post=113011"},{"taxonomy":"post_tag","embeddable":true,"href":"https:\/\/www.startlap.hu\/utazas\/wp-json\/wp\/v2\/tags?post=113011"}],"curies":[{"name":"wp","href":"https:\/\/api.w.org\/{rel}","templated":true}]}}